{"id":22178,"date":"2023-08-07T08:43:58","date_gmt":"2023-08-07T11:43:58","guid":{"rendered":"https:\/\/www.jornaldaconstrucaocivil.com.br\/?p=22178"},"modified":"2023-08-07T08:43:58","modified_gmt":"2023-08-07T11:43:58","slug":"empregos-rede-incluir-abre-mais-de-100-vagas-para-pessoas-com-deficiencia-no-rio","status":"publish","type":"post","link":"https:\/\/construcaocivil.siriusmarketingedesign.com.br\/?p=22178","title":{"rendered":"Empregos:   Rede Incluir abre mais de 100 vagas para pessoas com defici\u00eancia no Rio"},"content":{"rendered":"<p style=\"text-align: justify;\">Atrav\u00e9s do programa &#8216;Recrutar \u00e9 Incluir&#8217;, o Instituto Rede Incluir disponibiliza mais de 100 vagas para profissionais com defici\u00eancia no estado do Rio de Janeiro. As vagas s\u00e3o para o Ensino M\u00e9dio e Superior. \u00c9 necess\u00e1rio experi\u00eancia de pelo menos 6 meses na fun\u00e7\u00e3o. As oportunidades s\u00e3o para a zona oeste, sul, norte e zona central do Rio de Janeiro, al\u00e9m de Pira\u00ed e Cordeiro, no interior. Os interessados devem se cadastrar no instituto enviando o curr\u00edculo junto com laudo atestando a defici\u00eancia para o e-mail\u00a0<a href=\"mailto:recrutamento@redeincluir.com.br\" rel=\"noreferrer\">recrutamento@redeincluir.com.br<\/a>.<\/p>\n<p style=\"text-align: justify;\">&#8220;Nosso trabalho n\u00e3o \u00e9 apenas trabalhar o curr\u00edculo das pessoas com defici\u00eancias, mas sim apresentar a potencialidade de cada trabalhador PcD para sua inser\u00e7\u00e3o no mercado de trabalho&#8221;, diz Antoniel Bastos, presidente da Rede Incluir.<\/p>\n<p style=\"text-align: justify;\">Confira as vagas exclusivas para Pessoas com Defici\u00eancia e Reabilitados do INSS dispon\u00edveis:<\/p>\n<p style=\"text-align: justify;\">Supervisor de opera\u00e7\u00f5es<\/p>\n<p style=\"text-align: justify;\">Ajudante de distribui\u00e7\u00e3o (Carga e Descarga)<\/p>\n<p style=\"text-align: justify;\">Motorista de caminh\u00e3o<\/p>\n<p style=\"text-align: justify;\">Motorista de Van<\/p>\n<p style=\"text-align: justify;\">Almoxarife<\/p>\n<p style=\"text-align: justify;\">Analista administrativo de pessoal PL<\/p>\n<p style=\"text-align: justify;\">Analista administrativo<\/p>\n<p style=\"text-align: justify;\">Analista administrativo pleno<\/p>\n<p style=\"text-align: justify;\">Analista de compras<\/p>\n<p style=\"text-align: justify;\">Analista de DP<\/p>\n<p style=\"text-align: justify;\">Analista de informa\u00e7\u00e3o<\/p>\n<p style=\"text-align: justify;\">Analista de presta\u00e7\u00e3o de contas<\/p>\n<p style=\"text-align: justify;\">Analista de qualidade<\/p>\n<p style=\"text-align: justify;\">Analista de RH<\/p>\n<p style=\"text-align: justify;\">Analista documenta<\/p>\n<p style=\"text-align: justify;\">Analista financeiro<\/p>\n<p style=\"text-align: justify;\">Apoiador institucional<\/p>\n<p style=\"text-align: justify;\">Aprendiz em ocupa\u00e7\u00e3o administrativa<\/p>\n<p style=\"text-align: justify;\">Arquiteto<\/p>\n<p style=\"text-align: justify;\">Assistente de diretoria<\/p>\n<p style=\"text-align: justify;\">Assessor de comunica\u00e7\u00e3o<\/p>\n<p style=\"text-align: justify;\">Assessor de faturamento<\/p>\n<p style=\"text-align: justify;\">Assessor de planejamento<\/p>\n<p style=\"text-align: justify;\">Assessor de RH<\/p>\n<p style=\"text-align: justify;\">Assessor de ti<\/p>\n<p style=\"text-align: justify;\">Assessor especial de projetos<\/p>\n<p style=\"text-align: justify;\">Assessor multidisciplinar<\/p>\n<p style=\"text-align: justify;\">Assessor t\u00e9cnico<\/p>\n<p style=\"text-align: justify;\">Assessor administrativo<\/p>\n<p style=\"text-align: justify;\">Assessora da dire\u00e7\u00e3o<\/p>\n<p style=\"text-align: justify;\">Assistente Administrativo<\/p>\n<p style=\"text-align: justify;\">Assistente Depto. Pessoa<\/p>\n<p style=\"text-align: justify;\">Assistente administrativo pleno<\/p>\n<p style=\"text-align: justify;\">Assistente administrativo 1<\/p>\n<p style=\"text-align: justify;\">Assistente de compliance<\/p>\n<p style=\"text-align: justify;\">Assistente de DP<\/p>\n<p style=\"text-align: justify;\">Assistente de faturamento<\/p>\n<p style=\"text-align: justify;\">Assistente Social<\/p>\n<p style=\"text-align: justify;\">Atendente<\/p>\n<p style=\"text-align: justify;\">Auditor cont\u00e1bil<\/p>\n<p style=\"text-align: justify;\">Auditor de tecnologia da informa\u00e7\u00e3o<\/p>\n<p style=\"text-align: justify;\">Auditor financeiro<\/p>\n<p style=\"text-align: justify;\">Auditor jur\u00eddico<\/p>\n<p style=\"text-align: justify;\">Auditor m\u00e9dico<\/p>\n<p style=\"text-align: justify;\">Auxiliar de almoxarifado<\/p>\n<p style=\"text-align: justify;\">Auxiliar de escrit\u00f3rio<\/p>\n<p style=\"text-align: justify;\">Auxiliar administrativo<\/p>\n<p style=\"text-align: justify;\">Auxiliar de farm\u00e1cia<\/p>\n<p style=\"text-align: justify;\">Auxiliar de rouparia<\/p>\n<p style=\"text-align: justify;\">Cirurgi\u00e3o dentista<\/p>\n<p style=\"text-align: justify;\">Coletor<\/p>\n<p style=\"text-align: justify;\">Comprador<\/p>\n<p style=\"text-align: justify;\">Controlador de acesso<\/p>\n<p style=\"text-align: justify;\">Controller senior<\/p>\n<p style=\"text-align: justify;\">Coordena\u00e7\u00e3o de nutri\u00e7\u00e3o<\/p>\n<p style=\"text-align: justify;\">Coordenador do nir<\/p>\n<p style=\"text-align: justify;\">Coordenador de farm\u00e1cia rt<\/p>\n<p style=\"text-align: justify;\">Coordenador financeiro<\/p>\n<p style=\"text-align: justify;\">Coordenador administrativo<\/p>\n<p style=\"text-align: justify;\">Coordenador administrativo da qualidade<\/p>\n<p style=\"text-align: justify;\">Coordenador de contrato<\/p>\n<p style=\"text-align: justify;\">Coordenador de educa\u00e7\u00e3o continuada<\/p>\n<p style=\"text-align: justify;\">Coordenador de enfermagem<\/p>\n<p style=\"text-align: justify;\">Coordenador de enfermagem nir<\/p>\n<p style=\"text-align: justify;\">Coordenador de engenharia cl\u00ednica<\/p>\n<p style=\"text-align: justify;\">Coordenador de infraestrutura<\/p>\n<p style=\"text-align: justify;\">Coordenador de manuten\u00e7\u00e3o<\/p>\n<p style=\"text-align: justify;\">Coordenador de patrim\u00f4nio<\/p>\n<p style=\"text-align: justify;\">Coordenador de radiologia<\/p>\n<p style=\"text-align: justify;\">Coordenador de ti<\/p>\n<p style=\"text-align: justify;\">Coordenador de transporte<\/p>\n<p style=\"text-align: justify;\">Coordenador farmac\u00eautico<\/p>\n<p style=\"text-align: justify;\">Coordenador log\u00edstica<\/p>\n<p style=\"text-align: justify;\">Coordenador m\u00e9dico<\/p>\n<p style=\"text-align: justify;\">Coordenador sadt<\/p>\n<p style=\"text-align: justify;\">Coordenador de faturamento<\/p>\n<p style=\"text-align: justify;\">Coordenador de RH<\/p>\n<p style=\"text-align: justify;\">Coordenador m\u00e9dica<\/p>\n<p style=\"text-align: justify;\">Coordenadora jur\u00eddica<\/p>\n<p style=\"text-align: justify;\">Copeira<\/p>\n<p style=\"text-align: justify;\">Diretor executivo<\/p>\n<p style=\"text-align: justify;\">Diretor administrativo<\/p>\n<p style=\"text-align: justify;\">Diretor geral<\/p>\n<p style=\"text-align: justify;\">Diretor m\u00e9dico<\/p>\n<p style=\"text-align: justify;\">Diretor operacional<\/p>\n<p style=\"text-align: justify;\">Diretor t\u00e9cnico<\/p>\n<p style=\"text-align: justify;\">Eletricista<\/p>\n<p style=\"text-align: justify;\">Enfermeiro obstetra<\/p>\n<p style=\"text-align: justify;\">Enfermeiro Socorrista<\/p>\n<p style=\"text-align: justify;\">Enfermeira generalista<\/p>\n<p style=\"text-align: justify;\">Enfermeiro supervisor<\/p>\n<p style=\"text-align: justify;\">Enfermeiro \u2013 rotina<\/p>\n<p style=\"text-align: justify;\">Enfermeiro comiss\u00e3o de curativos<\/p>\n<p style=\"text-align: justify;\">Eng. Seguran\u00e7a do trabalho<\/p>\n<p style=\"text-align: justify;\">Especialista de comunica\u00e7\u00e3o<\/p>\n<p style=\"text-align: justify;\">Farmac\u00eautico<\/p>\n<p style=\"text-align: justify;\">Fisioterapeuta<\/p>\n<p style=\"text-align: justify;\">Fisioterapeuta coordenador<\/p>\n<p style=\"text-align: justify;\">Fonoaudi\u00f3loga<\/p>\n<p style=\"text-align: justify;\">Fonoaudi\u00f3loga rt<\/p>\n<p style=\"text-align: justify;\">Gasista<\/p>\n<p style=\"text-align: justify;\">Gerente de departamento pessoal<\/p>\n<p style=\"text-align: justify;\">Gerente administrativo<\/p>\n<p style=\"text-align: justify;\">Gerente de contas<\/p>\n<p style=\"text-align: justify;\">Gerente de enfermagem<\/p>\n<p style=\"text-align: justify;\">Gerente de farm\u00e1cia<\/p>\n<p style=\"text-align: justify;\">Gerente de infraestrutura<\/p>\n<p style=\"text-align: justify;\">Gerente de manuten\u00e7\u00e3o e engenharia cl\u00ednica<\/p>\n<p style=\"text-align: justify;\">Gerente de of\u00edcios<\/p>\n<p style=\"text-align: justify;\">Gerente de presta\u00e7\u00e3o de contas<\/p>\n<p style=\"text-align: justify;\">Gerente de projetos<\/p>\n<p style=\"text-align: justify;\">Gerente de prote\u00e7\u00e3o de dados<\/p>\n<p style=\"text-align: justify;\">Gerente log\u00edstica<\/p>\n<p style=\"text-align: justify;\">Gerente m\u00e9dico<\/p>\n<p style=\"text-align: justify;\">Gerente recursos humanos<\/p>\n<p style=\"text-align: justify;\">Gerente t\u00e9cnico multiprofissional<\/p>\n<p style=\"text-align: justify;\">Instrumentador cir\u00fargico<\/p>\n<p style=\"text-align: justify;\">Maqueiro<\/p>\n<p style=\"text-align: justify;\">M\u00e9dico anestesista<\/p>\n<p style=\"text-align: justify;\">M\u00e9dico cirurgi\u00e3o<\/p>\n<p style=\"text-align: justify;\">M\u00e9dico cl\u00ednico<\/p>\n<p style=\"text-align: justify;\">M\u00e9dico ds\/noite<\/p>\n<p style=\"text-align: justify;\">M\u00e9dico especialista<\/p>\n<p style=\"text-align: justify;\">M\u00e9dico infectologista<\/p>\n<p style=\"text-align: justify;\">M\u00e9dico intensivista<\/p>\n<p style=\"text-align: justify;\">M\u00e9dico pediatra<\/p>\n<p style=\"text-align: justify;\">Motorista de ambul\u00e2ncia<\/p>\n<p style=\"text-align: justify;\">Nutricionista<\/p>\n<p style=\"text-align: justify;\">Oper de central de ambulatorial<\/p>\n<p style=\"text-align: justify;\">Ouvidor<\/p>\n<p style=\"text-align: justify;\">Psic\u00f3logo<\/p>\n<p style=\"text-align: justify;\">Recepcionista<\/p>\n<p style=\"text-align: justify;\">Secret\u00e1ria dire\u00e7\u00e3o<\/p>\n<p style=\"text-align: justify;\">Secret\u00e1rio de cl\u00ednica<\/p>\n<p style=\"text-align: justify;\">Superintendente de comunica\u00e7\u00e3o e transpar\u00eancia<\/p>\n<p style=\"text-align: justify;\">Superintendente de rela\u00e7\u00f5es institucionais<\/p>\n<p style=\"text-align: justify;\">Supervisor de log\u00edstica<\/p>\n<p style=\"text-align: justify;\">Supervisor faturamento<\/p>\n<p style=\"text-align: justify;\">Supervisor administrativo<\/p>\n<p style=\"text-align: justify;\">Supervisor de almoxarifado<\/p>\n<p style=\"text-align: justify;\">Supervisor de enfermagem<\/p>\n<p style=\"text-align: justify;\">Supervisor de higieniza\u00e7\u00e3o<\/p>\n<p style=\"text-align: justify;\">Supervisor de patrim\u00f4nio<\/p>\n<p style=\"text-align: justify;\">Supervisor engenharia cl\u00ednica<\/p>\n<p style=\"text-align: justify;\">Supervisor hotelaria<\/p>\n<p style=\"text-align: justify;\">Supervisor infraestrutura<\/p>\n<p style=\"text-align: justify;\">Supervisor same<\/p>\n<p style=\"text-align: justify;\">Supervisor suprimentos<\/p>\n<p style=\"text-align: justify;\">Supervisor de manuten\u00e7\u00e3o<\/p>\n<p style=\"text-align: justify;\">Tec de enfermagem do trabalho<\/p>\n<p style=\"text-align: justify;\">Tec. de enfermagem<\/p>\n<p style=\"text-align: justify;\">T\u00e9cnico de edifica\u00e7\u00f5es<\/p>\n<p style=\"text-align: justify;\">T\u00e9cnico de farm\u00e1cia<\/p>\n<p style=\"text-align: justify;\">T\u00e9cnico de nutri\u00e7\u00e3o<\/p>\n<p style=\"text-align: justify;\">T\u00e9cnico de regula\u00e7\u00e3o<\/p>\n<p style=\"text-align: justify;\">T\u00e9cnico de sa\u00fade bucal<\/p>\n<p style=\"text-align: justify;\">T\u00e9cnico de seguran\u00e7a do trabalho<\/p>\n<p style=\"text-align: justify;\">T\u00e9cnico em radiologia<\/p>\n<p style=\"text-align: justify;\">T\u00e9cnico engenharia cl\u00ednica<\/p>\n<p style=\"text-align: justify;\">T\u00e9cnico imobiliza\u00e7\u00e3o ortop\u00e9dica<\/p>\n<p style=\"text-align: justify;\">T\u00e9cnico suporte de ti<\/p>\n<p style=\"text-align: justify;\">T\u00e9cnico de laborat\u00f3rio<\/p>\n<p style=\"text-align: justify;\">Terapeuta ocupacional<\/p>\n<p style=\"text-align: justify;\">A Rede Incluir tem como objetivo auxiliar as pessoas com defici\u00eancia em seu ingresso no mercado de trabalho, facilitando o elo entre as empresas e os candidatos atrav\u00e9s do programa &#8216;Recrutar \u00e9 Incluir&#8217;. Com isso, garantindo vagas com acessibilidade e a inclus\u00e3o social no \u00e2mbito profissional.<\/p>\n<p style=\"text-align: justify;\"><span style=\"color: #ff0000;\"><strong>A Rede Incluir<\/strong><\/span><\/p>\n<p style=\"text-align: justify;\">O Instituto Rede Incluir, que est\u00e1 no mercado desde 2016, \u00e9 uma organiza\u00e7\u00e3o sem fins lucrativos que ajuda a incluir pessoas com defici\u00eancia, reabilitados do INSS, negros, LGBTQIA+ e com mais 50 anos, no mercado de trabalho.<\/p>\n","protected":false},"excerpt":{"rendered":"<p>Atrav\u00e9s do programa &#8216;Recrutar \u00e9 Incluir&#8217;, o Instituto Rede Incluir disponibiliza mais de 100 vagas para profissionais com defici\u00eancia no estado do Rio de Janeiro. As vagas s\u00e3o para o Ensino M\u00e9dio e Superior. \u00c9 necess\u00e1rio experi\u00eancia de pelo menos 6 meses na fun\u00e7\u00e3o. As oportunidades s\u00e3o para a zona oeste, sul, norte e zona [&hellip;]<\/p>\n","protected":false},"author":1,"featured_media":22179,"comment_status":"open","ping_status":"open","sticky":false,"template":"","format":"standard","meta":{"_uag_custom_page_level_css":"","footnotes":""},"categories":[27],"tags":[25613,25615,25614,25616,10375],"class_list":["post-22178","post","type-post","status-publish","format-standard","has-post-thumbnail","hentry","category-acontece","tag-empregos-diversos-empregos","tag-nivel-medio-e-superior","tag-oportunidades-para-pcds","tag-rede-incluir-empregos","tag-rio-de-janeiro"],"blocksy_meta":[],"spectra_blocks_featured_image_url":{"thumbnail":{"url":"https:\/\/construcaocivil.siriusmarketingedesign.com.br\/wp-content\/uploads\/2023\/08\/6c95d613-f5dd-43de-9b56-e00902031331-150x150.jpg","width":150,"height":150},"medium":{"url":"https:\/\/construcaocivil.siriusmarketingedesign.com.br\/wp-content\/uploads\/2023\/08\/6c95d613-f5dd-43de-9b56-e00902031331-300x300.jpg","width":300,"height":300},"medium_large":{"url":"https:\/\/construcaocivil.siriusmarketingedesign.com.br\/wp-content\/uploads\/2023\/08\/6c95d613-f5dd-43de-9b56-e00902031331.jpg","width":720,"height":720},"large":{"url":"https:\/\/construcaocivil.siriusmarketingedesign.com.br\/wp-content\/uploads\/2023\/08\/6c95d613-f5dd-43de-9b56-e00902031331.jpg","width":720,"height":720},"full":{"url":"https:\/\/construcaocivil.siriusmarketingedesign.com.br\/wp-content\/uploads\/2023\/08\/6c95d613-f5dd-43de-9b56-e00902031331.jpg","width":720,"height":720}},"spectra_blocks_author_info":{"display_name":"Jornal da Constru\u00e7\u00e3o Civil","avatar_url":"https:\/\/secure.gravatar.com\/avatar\/973c9774fd44ddaceb026973c4962faa70fc512bc4c9da68e8ebb40fecee6540?s=96&d=mm&r=g","author_link":"https:\/\/construcaocivil.siriusmarketingedesign.com.br\/?author=1","description":"Desde de 2013, levando muitas informa\u00e7\u00f5es, lan\u00e7amentos e produtos de qualidade para toda cadeia produtiva da constru\u00e7\u00e3o. O Futuro da constru\u00e7\u00e3o passa por aqui,"},"uagb_featured_image_src":{"full":["https:\/\/construcaocivil.siriusmarketingedesign.com.br\/wp-content\/uploads\/2023\/08\/6c95d613-f5dd-43de-9b56-e00902031331.jpg",720,720,false],"thumbnail":["https:\/\/construcaocivil.siriusmarketingedesign.com.br\/wp-content\/uploads\/2023\/08\/6c95d613-f5dd-43de-9b56-e00902031331-150x150.jpg",150,150,true],"medium":["https:\/\/construcaocivil.siriusmarketingedesign.com.br\/wp-content\/uploads\/2023\/08\/6c95d613-f5dd-43de-9b56-e00902031331-300x300.jpg",300,300,true],"medium_large":["https:\/\/construcaocivil.siriusmarketingedesign.com.br\/wp-content\/uploads\/2023\/08\/6c95d613-f5dd-43de-9b56-e00902031331.jpg",720,720,false],"large":["https:\/\/construcaocivil.siriusmarketingedesign.com.br\/wp-content\/uploads\/2023\/08\/6c95d613-f5dd-43de-9b56-e00902031331.jpg",720,720,false],"1536x1536":["https:\/\/construcaocivil.siriusmarketingedesign.com.br\/wp-content\/uploads\/2023\/08\/6c95d613-f5dd-43de-9b56-e00902031331.jpg",720,720,false],"2048x2048":["https:\/\/construcaocivil.siriusmarketingedesign.com.br\/wp-content\/uploads\/2023\/08\/6c95d613-f5dd-43de-9b56-e00902031331.jpg",720,720,false]},"uagb_author_info":{"display_name":"Jornal da Constru\u00e7\u00e3o Civil","author_link":"https:\/\/construcaocivil.siriusmarketingedesign.com.br\/?author=1"},"uagb_comment_info":0,"uagb_excerpt":"Atrav\u00e9s do programa &#8216;Recrutar \u00e9 Incluir&#8217;, o Instituto Rede Incluir disponibiliza mais de 100 vagas para profissionais com defici\u00eancia no estado do Rio de Janeiro. As vagas s\u00e3o para o Ensino M\u00e9dio e Superior. \u00c9 necess\u00e1rio experi\u00eancia de pelo menos 6 meses na fun\u00e7\u00e3o. As oportunidades s\u00e3o para a zona oeste, sul, norte e zona&hellip;","_links":{"self":[{"href":"https:\/\/construcaocivil.siriusmarketingedesign.com.br\/index.php?rest_route=\/wp\/v2\/posts\/22178","targetHints":{"allow":["GET"]}}],"collection":[{"href":"https:\/\/construcaocivil.siriusmarketingedesign.com.br\/index.php?rest_route=\/wp\/v2\/posts"}],"about":[{"href":"https:\/\/construcaocivil.siriusmarketingedesign.com.br\/index.php?rest_route=\/wp\/v2\/types\/post"}],"author":[{"embeddable":true,"href":"https:\/\/construcaocivil.siriusmarketingedesign.com.br\/index.php?rest_route=\/wp\/v2\/users\/1"}],"replies":[{"embeddable":true,"href":"https:\/\/construcaocivil.siriusmarketingedesign.com.br\/index.php?rest_route=%2Fwp%2Fv2%2Fcomments&post=22178"}],"version-history":[{"count":0,"href":"https:\/\/construcaocivil.siriusmarketingedesign.com.br\/index.php?rest_route=\/wp\/v2\/posts\/22178\/revisions"}],"wp:featuredmedia":[{"embeddable":true,"href":"https:\/\/construcaocivil.siriusmarketingedesign.com.br\/index.php?rest_route=\/wp\/v2\/media\/22179"}],"wp:attachment":[{"href":"https:\/\/construcaocivil.siriusmarketingedesign.com.br\/index.php?rest_route=%2Fwp%2Fv2%2Fmedia&parent=22178"}],"wp:term":[{"taxonomy":"category","embeddable":true,"href":"https:\/\/construcaocivil.siriusmarketingedesign.com.br\/index.php?rest_route=%2Fwp%2Fv2%2Fcategories&post=22178"},{"taxonomy":"post_tag","embeddable":true,"href":"https:\/\/construcaocivil.siriusmarketingedesign.com.br\/index.php?rest_route=%2Fwp%2Fv2%2Ftags&post=22178"}],"curies":[{"name":"wp","href":"https:\/\/api.w.org\/{rel}","templated":true}]}}