{"id":22228,"date":"2023-08-19T15:08:50","date_gmt":"2023-08-19T18:08:50","guid":{"rendered":"https:\/\/www.jornaldaconstrucaocivil.com.br\/?p=22228"},"modified":"2023-08-19T15:08:50","modified_gmt":"2023-08-19T18:08:50","slug":"empregos-na-construcao-mrv-tem-20-vagas-abertas-no-estado-do-rio-de-janeiro-e-em-juiz-de-fora-mg","status":"publish","type":"post","link":"https:\/\/construcaocivil.siriusmarketingedesign.com.br\/?p=22228","title":{"rendered":"Empregos na constru\u00e7\u00e3o: MRV tem 20 vagas abertas no estado do Rio de Janeiro e em Juiz de Fora (MG)"},"content":{"rendered":"<p><i>Oportunidades s\u00e3o para PCDs, estagi\u00e1rios e gerentes de vendas; profissionais atuar\u00e3o no setor de obras e comercial da companhia<\/i><\/p>\n<p>&nbsp;<\/p>\n<p><strong>Rio de Janeiro, agosto de 2023<\/strong>\u00a0\u2013 A MRV, maior construtora e incorporadora da Am\u00e9rica Latina, est\u00e1 com 20 vagas de emprego abertas a candidatos de todos os n\u00edveis de escolaridade no Estado do Rio de Janeiro e em Juiz de Fora (MG).<br \/>\nDentre as oportunidades, 16 s\u00e3o exclusivas para pessoas com defici\u00eancia (PCDs), duas para estagi\u00e1rios e duas para gerente de vendas. Os locais de atua\u00e7\u00e3o, al\u00e9m da capital fluminense, s\u00e3o Nova Igua\u00e7u, S\u00e3o Gon\u00e7alo, Anchieta, Col\u00e9gio, Campo Grande, Resende, Volta Redonda, Maca\u00e9, Campos dos Goytacazes e Juiz de Fora (MG).<br \/>\nPara\u00a0<strong>PCDs<\/strong>\u00a0s\u00e3o 16 vagas para o setor de Obras, em cargos como servente de obras, ASG &#8211; Auxiliar de Servi\u00e7os Gerais, pedreiro, eletricista, bombeiro hidr\u00e1ulico, entre outras fun\u00e7\u00f5es. Os benef\u00edcios s\u00e3o Vale Transporte (VT), Vale Alimenta\u00e7\u00e3o (VA) e caf\u00e9 da manh\u00e3 e almo\u00e7o no local de trabalho. Para todos os cargos, exceto o de servente de obras, \u00e9 exigido experi\u00eancia. Para se candidatar basta enviar curr\u00edculo e laudo por mensagem no WhatsApp (21) 99648-3737.<br \/>\nPara os\u00a0<strong>estagi\u00e1rios<\/strong>, s\u00e3o duas vagas abertas na regi\u00e3o de Jardim Alvorada, Nova Igua\u00e7u, para o setor de Obras. Os candidatos devem estar cursando Engenharia Civil ou Arquitetura, entre o 4\u00ba e 7\u00ba per\u00edodo, ter disponibilidade de atuar 6h di\u00e1rias e ter conhecimento do Pacote Office. Os benef\u00edcios s\u00e3o VT, Gympass, Cronograma de Treinamento T\u00e9cnico e Comportamental, entre outros. Para se candidatar, basta acessar o\u00a0<strong><span style=\"color: #0000ff;\"><a style=\"color: #0000ff;\" href=\"https:\/\/s2308.emereleases.com\/link.php?code=bDpodHRwcyUzQSUyRiUyRnZhZ2FzLW1ydmVjby5ndXB5LmlvJTJGam9iJTJGZXlKcWIySkpaQ0k2TkRZeU5UWXpOaXdpYzI5MWNtTmxJam9pWjNWd2VWOXdkV0pzYVdOZmNHRm5aU0o5JTNGam9iQm9hcmRTb3VyY2UlM0RndXB5X3B1YmxpY19wYWdlOjM5MzAyNTU0OTk6cmVkYWNhb0Bqb3JuYWxkYWNvbnN0cnVjYW9jaXZpbC5jb20uYnI6Nzc0MzEwOjU0\" target=\"_blank\" rel=\"noopener noreferrer\">link<\/a><\/span><\/strong>.<br \/>\nNo Rio de Janeiro, capital, e em S\u00e3o Gon\u00e7alo, s\u00e3o duas oportunidades para\u00a0<strong>gerente de vendas<\/strong>. Os requisitos para as vagas s\u00e3o: ter superior completo, Pacote Office, experi\u00eancia como l\u00edder comercial, habilidade de relacionamento e engajamento de pessoas, habilidade para an\u00e1lises de mercado, capacidade de influ\u00eancia, disciplina e organiza\u00e7\u00e3o. O regime \u00e9 CLT e os benef\u00edcios incluem comiss\u00e3o sobre vendas, VR ou Vale Alimenta\u00e7\u00e3o (VA), plano de sa\u00fade e odontol\u00f3gico, VT e Gympass. Os interessados devem se inscrever no\u00a0<strong><a href=\"https:\/\/s2308.emereleases.com\/link.php?code=bDpodHRwcyUzQSUyRiUyRm9wb3J0dW5pZGFkZS1zaWdpbG9zYS5ndXB5LmlvJTJGam9icyUyRjUyMTU1Mjk6MzkzMDI1NTQ5OTpyZWRhY2FvQGpvcm5hbGRhY29uc3RydWNhb2NpdmlsLmNvbS5icjo1ZWY1YTI6NTQ=\" target=\"_blank\" rel=\"noopener noreferrer\">link<\/a><\/strong>.<br \/>\n&#8220;Somos mais de 30 mil colaboradores e queremos cada vez mais aumentar esse n\u00famero para juntos construirmos um futuro melhor para os habitantes das mais de 180 cidades onde atuamos. Acreditamos que a diversidade e a inclus\u00e3o s\u00e3o componentes essenciais para isso, al\u00e9m de ser fundamentais para a sustentabilidade do nosso neg\u00f3cio. Nosso objetivo \u00e9 estimular um ambiente em que todas as pessoas tenham oportunidades iguais para crescer e evoluir&#8221;, declara\u00a0<strong>Caroline Da Cruz Santos, Gestora de Business Partner da MRV.<\/strong><\/p>\n","protected":false},"excerpt":{"rendered":"<p>Oportunidades s\u00e3o para PCDs, estagi\u00e1rios e gerentes de vendas; profissionais atuar\u00e3o no setor de obras e comercial da companhia &nbsp; Rio de Janeiro, agosto de 2023\u00a0\u2013 A MRV, maior construtora e incorporadora da Am\u00e9rica Latina, est\u00e1 com 20 vagas de emprego abertas a candidatos de todos os n\u00edveis de escolaridade no Estado do Rio de [&hellip;]<\/p>\n","protected":false},"author":1,"featured_media":22229,"comment_status":"open","ping_status":"open","sticky":false,"template":"","format":"standard","meta":{"_uag_custom_page_level_css":"","footnotes":""},"categories":[27],"tags":[24944,25643,6586,7957,24103,25527],"class_list":["post-22228","post","type-post","status-publish","format-standard","has-post-thumbnail","hentry","category-acontece","tag-bombeirohidraulico","tag-empregos-construcao","tag-juiz-de-fora-mg","tag-mrv","tag-pedrereiros","tag-rj"],"blocksy_meta":[],"spectra_blocks_featured_image_url":{"thumbnail":{"url":"https:\/\/construcaocivil.siriusmarketingedesign.com.br\/wp-content\/uploads\/2023\/08\/PEDREREIROS-VAGAS-150x150.jpg","width":150,"height":150},"medium":{"url":"https:\/\/construcaocivil.siriusmarketingedesign.com.br\/wp-content\/uploads\/2023\/08\/PEDREREIROS-VAGAS-150x300.jpg","width":150,"height":300},"medium_large":{"url":"https:\/\/construcaocivil.siriusmarketingedesign.com.br\/wp-content\/uploads\/2023\/08\/PEDREREIROS-VAGAS.jpg","width":457,"height":916},"large":{"url":"https:\/\/construcaocivil.siriusmarketingedesign.com.br\/wp-content\/uploads\/2023\/08\/PEDREREIROS-VAGAS.jpg","width":457,"height":916},"full":{"url":"https:\/\/construcaocivil.siriusmarketingedesign.com.br\/wp-content\/uploads\/2023\/08\/PEDREREIROS-VAGAS.jpg","width":457,"height":916}},"spectra_blocks_author_info":{"display_name":"Jornal da Constru\u00e7\u00e3o Civil","avatar_url":"https:\/\/secure.gravatar.com\/avatar\/973c9774fd44ddaceb026973c4962faa70fc512bc4c9da68e8ebb40fecee6540?s=96&d=mm&r=g","author_link":"https:\/\/construcaocivil.siriusmarketingedesign.com.br\/?author=1","description":"Desde de 2013, levando muitas informa\u00e7\u00f5es, lan\u00e7amentos e produtos de qualidade para toda cadeia produtiva da constru\u00e7\u00e3o. O Futuro da constru\u00e7\u00e3o passa por aqui,"},"uagb_featured_image_src":{"full":["https:\/\/construcaocivil.siriusmarketingedesign.com.br\/wp-content\/uploads\/2023\/08\/PEDREREIROS-VAGAS.jpg",457,916,false],"thumbnail":["https:\/\/construcaocivil.siriusmarketingedesign.com.br\/wp-content\/uploads\/2023\/08\/PEDREREIROS-VAGAS-150x150.jpg",150,150,true],"medium":["https:\/\/construcaocivil.siriusmarketingedesign.com.br\/wp-content\/uploads\/2023\/08\/PEDREREIROS-VAGAS-150x300.jpg",150,300,true],"medium_large":["https:\/\/construcaocivil.siriusmarketingedesign.com.br\/wp-content\/uploads\/2023\/08\/PEDREREIROS-VAGAS.jpg",457,916,false],"large":["https:\/\/construcaocivil.siriusmarketingedesign.com.br\/wp-content\/uploads\/2023\/08\/PEDREREIROS-VAGAS.jpg",457,916,false],"1536x1536":["https:\/\/construcaocivil.siriusmarketingedesign.com.br\/wp-content\/uploads\/2023\/08\/PEDREREIROS-VAGAS.jpg",457,916,false],"2048x2048":["https:\/\/construcaocivil.siriusmarketingedesign.com.br\/wp-content\/uploads\/2023\/08\/PEDREREIROS-VAGAS.jpg",457,916,false]},"uagb_author_info":{"display_name":"Jornal da Constru\u00e7\u00e3o Civil","author_link":"https:\/\/construcaocivil.siriusmarketingedesign.com.br\/?author=1"},"uagb_comment_info":0,"uagb_excerpt":"Oportunidades s\u00e3o para PCDs, estagi\u00e1rios e gerentes de vendas; profissionais atuar\u00e3o no setor de obras e comercial da companhia &nbsp; Rio de Janeiro, agosto de 2023\u00a0\u2013 A MRV, maior construtora e incorporadora da Am\u00e9rica Latina, est\u00e1 com 20 vagas de emprego abertas a candidatos de todos os n\u00edveis de escolaridade no Estado do Rio de&hellip;","_links":{"self":[{"href":"https:\/\/construcaocivil.siriusmarketingedesign.com.br\/index.php?rest_route=\/wp\/v2\/posts\/22228","targetHints":{"allow":["GET"]}}],"collection":[{"href":"https:\/\/construcaocivil.siriusmarketingedesign.com.br\/index.php?rest_route=\/wp\/v2\/posts"}],"about":[{"href":"https:\/\/construcaocivil.siriusmarketingedesign.com.br\/index.php?rest_route=\/wp\/v2\/types\/post"}],"author":[{"embeddable":true,"href":"https:\/\/construcaocivil.siriusmarketingedesign.com.br\/index.php?rest_route=\/wp\/v2\/users\/1"}],"replies":[{"embeddable":true,"href":"https:\/\/construcaocivil.siriusmarketingedesign.com.br\/index.php?rest_route=%2Fwp%2Fv2%2Fcomments&post=22228"}],"version-history":[{"count":0,"href":"https:\/\/construcaocivil.siriusmarketingedesign.com.br\/index.php?rest_route=\/wp\/v2\/posts\/22228\/revisions"}],"wp:featuredmedia":[{"embeddable":true,"href":"https:\/\/construcaocivil.siriusmarketingedesign.com.br\/index.php?rest_route=\/wp\/v2\/media\/22229"}],"wp:attachment":[{"href":"https:\/\/construcaocivil.siriusmarketingedesign.com.br\/index.php?rest_route=%2Fwp%2Fv2%2Fmedia&parent=22228"}],"wp:term":[{"taxonomy":"category","embeddable":true,"href":"https:\/\/construcaocivil.siriusmarketingedesign.com.br\/index.php?rest_route=%2Fwp%2Fv2%2Fcategories&post=22228"},{"taxonomy":"post_tag","embeddable":true,"href":"https:\/\/construcaocivil.siriusmarketingedesign.com.br\/index.php?rest_route=%2Fwp%2Fv2%2Ftags&post=22228"}],"curies":[{"name":"wp","href":"https:\/\/api.w.org\/{rel}","templated":true}]}}