{"id":22235,"date":"2023-08-19T15:38:41","date_gmt":"2023-08-19T18:38:41","guid":{"rendered":"https:\/\/www.jornaldaconstrucaocivil.com.br\/?p=22235"},"modified":"2023-08-19T15:38:41","modified_gmt":"2023-08-19T18:38:41","slug":"qual-a-melhor-forma-de-falar-sobre-feminismo-e-racismo-com-as-criancas","status":"publish","type":"post","link":"https:\/\/construcaocivil.siriusmarketingedesign.com.br\/?p=22235","title":{"rendered":"Qual a melhor forma de falar sobre feminismo e racismo com as crian\u00e7as?"},"content":{"rendered":"<p><i>Mestra em Educa\u00e7\u00e3o e autora de livros sobre tem\u00e1tica racial, Bianca Santana agora dialoga com p\u00fablico infantil em lan\u00e7amento pelo Camale\u00e3o, selo da Alta Books Editora<\/i><\/p>\n<div>\n<p>\u201cToda crian\u00e7a que pede esmola no farol \u00e9 negra? Infelizmente, a maioria sim. Por isso voc\u00ea fala que existe racismo, n\u00e9?\u201d. Este e outros di\u00e1logos dif\u00edceis de ter com as crian\u00e7as comp\u00f5em o primeiro livro infantil escrito pela mestra em educa\u00e7\u00e3o\u00a0<strong>Bianca Santana<\/strong>.\u00a0<strong><em>Di\u00e1logos feministas antirracistas (e nada f\u00e1ceis) com as crian\u00e7as<\/em><\/strong>\u00a0\u00e9 uma publica\u00e7\u00e3o do selo\u00a0<strong>Camale\u00e3o<\/strong>, da\u00a0<strong>Alta Books Editora<\/strong>, que apresenta harmonia entre os textos da autora e as ilustra\u00e7\u00f5es de\u00a0<strong>Tainan Rocha<\/strong>.<\/p>\n<p>A autora trata de temas geralmente evitados pelas fam\u00edlias \u2013 por conformismo ou medo de apresentar aos filhos uma realidade t\u00e3o dura \u2013 e refor\u00e7a ser poss\u00edvel dialogar sobre os espinhos que existem na sociedade sem macular qualquer inoc\u00eancia. Seguran\u00e7a, sistema prisional, pol\u00edtica, sa\u00fade e outras pautas sociais como o machismo e o racismo s\u00e3o tratados de um jeito f\u00e1cil de compreender sem perder a profundidade necess\u00e1ria.<\/p>\n<p style=\"text-align: center;\"><span style=\"color: #0000ff;\"><em>Hoje, na escola, a professora levou um texto e<br \/>\nperguntou o que tinha de errado nele. S\u00f3 eu e a<br \/>\nRaquel percebemos que era um texto racista.<br \/>\nPor que racista?<br \/>\nA personagem era negra e se achava feia.<br \/>\nQueria ser branca para ser bonita.<br \/>\nE, quando voc\u00eas apontaram isso, o que a professora disse?<br \/>\nEla gostou, mas um amigo ficou bravo.<br \/>\nPerguntou por que a gente tinha que falar de<br \/>\nracismo se a aula era de L\u00edngua Portuguesa.<br \/>\nE o que a professora disse?<br \/>\nEu respondi antes dela. Disse que era \u00f3bvio<br \/>\nfalar de racismo na aula de L\u00edngua Portuguesa<br \/>\nporque as pessoas s\u00e3o racistas em portugu\u00eas.<\/em><em><br \/>\n<\/em>(Di\u00e1logos feministas antirracistas (e nada f\u00e1ceis) com as crian\u00e7as, p. 9)<\/span><\/p>\n<p>Bianca escreveu o livro a partir de conversas francas e generosas que teve com os pr\u00f3prios filhos para refletir, de forma sens\u00edvel e sutil, sobre a realidade de muitas crian\u00e7as negras brasileiras.\u00a0<strong><em>Di\u00e1logos feministas antirracistas (e nada f\u00e1ceis) com as crian\u00e7as<\/em><\/strong>\u00a0prop\u00f5e gerar uma percep\u00e7\u00e3o aos pequenos leitores sem ferir o primeiro olhar do mundo.<\/p>\n<p><strong>Ficha t\u00e9cnica<br \/>\n<\/strong><strong>T\u00edtulo<\/strong>: Di\u00e1logos feministas antirracistas (e nada f\u00e1ceis) com as crian\u00e7as<br \/>\n<strong>Autora<\/strong>: Bianca Santana<br \/>\n<strong>Ilustradora<\/strong>: Tainan Rocha<br \/>\n<strong>Editora<\/strong>: Camale\u00e3o, selo da Alta Books Editora<br \/>\n<strong>ISBN<\/strong>: 978-6581275174<br \/>\n<strong>N\u00famero de p\u00e1ginas<\/strong>: 32<br \/>\n<strong>Pre\u00e7o<\/strong>:\u00a0R$ 49,90<br \/>\n<strong>Onde encontrar<\/strong>:\u00a0<a href=\"https:\/\/www.amazon.com.br\/Di%C3%A1logos-feministas-antirracistas-f%C3%A1ceis-crian%C3%A7as\/dp\/6581275174\/ref=tmm_pap_swatch_0?_encoding=UTF8&amp;qid=1688486322&amp;sr=8-1\" target=\"_blank\" rel=\"noopener noreferrer\">Amazon<\/a>\u00a0e\u00a0<a href=\"https:\/\/altabooks.com.br\/produto\/dialogos-feministas-antirracistas-e-nada-faceis-com-as-criancas-2\/\" target=\"_blank\" rel=\"noopener noreferrer\">E-commerce da Editora<\/a><\/p>\n<p><strong>Sobre a autora:\u00a0<\/strong>Bianca Santana \u00e9 doutora em ci\u00eancia da informa\u00e7\u00e3o e Mestra em educa\u00e7\u00e3o formada na USP, com uma tese sobre mem\u00f3ria e escrita de mulheres negras. Autora de Arruda e guin\u00e9: resist\u00eancia negra no Brasil contempor\u00e2neo,\u00a0<em>Continuo preta: a vida de Sueli Carneiro<\/em>\u00a0e\u00a0<em>Quando me descobri negra<\/em>.<\/p>\n<p>Acompanhe o perfil da autora no Instagram:\u00a0<a href=\"https:\/\/www.instagram.com\/biancasantanadelua\/\" target=\"_blank\" rel=\"noopener noreferrer\">@biancasantanadelua<\/a><\/p>\n<\/div>\n","protected":false},"excerpt":{"rendered":"<p>Mestra em Educa\u00e7\u00e3o e autora de livros sobre tem\u00e1tica racial, Bianca Santana agora dialoga com p\u00fablico infantil em lan\u00e7amento pelo Camale\u00e3o, selo da Alta Books Editora \u201cToda crian\u00e7a que pede esmola no farol \u00e9 negra? Infelizmente, a maioria sim. Por isso voc\u00ea fala que existe racismo, n\u00e9?\u201d. Este e outros di\u00e1logos dif\u00edceis de ter com [&hellip;]<\/p>\n","protected":false},"author":1,"featured_media":22236,"comment_status":"open","ping_status":"open","sticky":false,"template":"","format":"standard","meta":{"_uag_custom_page_level_css":"","footnotes":""},"categories":[27],"tags":[25646,25647,25648,19956],"class_list":["post-22235","post","type-post","status-publish","format-standard","has-post-thumbnail","hentry","category-acontece","tag-bienaldolivro","tag-racismonasescolas","tag-criancas-cidadania","tag-racismo-no-brasil"],"blocksy_meta":[],"spectra_blocks_featured_image_url":{"thumbnail":{"url":"https:\/\/construcaocivil.siriusmarketingedesign.com.br\/wp-content\/uploads\/2023\/08\/96e9700513650c7445698464b9c31a78_medium-150x150.jpg","width":150,"height":150},"medium":{"url":"https:\/\/construcaocivil.siriusmarketingedesign.com.br\/wp-content\/uploads\/2023\/08\/96e9700513650c7445698464b9c31a78_medium-230x300.jpg","width":230,"height":300},"medium_large":{"url":"https:\/\/construcaocivil.siriusmarketingedesign.com.br\/wp-content\/uploads\/2023\/08\/96e9700513650c7445698464b9c31a78_medium.jpg","width":300,"height":392},"large":{"url":"https:\/\/construcaocivil.siriusmarketingedesign.com.br\/wp-content\/uploads\/2023\/08\/96e9700513650c7445698464b9c31a78_medium.jpg","width":300,"height":392},"full":{"url":"https:\/\/construcaocivil.siriusmarketingedesign.com.br\/wp-content\/uploads\/2023\/08\/96e9700513650c7445698464b9c31a78_medium.jpg","width":300,"height":392}},"spectra_blocks_author_info":{"display_name":"Jornal da Constru\u00e7\u00e3o Civil","avatar_url":"https:\/\/secure.gravatar.com\/avatar\/973c9774fd44ddaceb026973c4962faa70fc512bc4c9da68e8ebb40fecee6540?s=96&d=mm&r=g","author_link":"https:\/\/construcaocivil.siriusmarketingedesign.com.br\/?author=1","description":"Desde de 2013, levando muitas informa\u00e7\u00f5es, lan\u00e7amentos e produtos de qualidade para toda cadeia produtiva da constru\u00e7\u00e3o. O Futuro da constru\u00e7\u00e3o passa por aqui,"},"uagb_featured_image_src":{"full":["https:\/\/construcaocivil.siriusmarketingedesign.com.br\/wp-content\/uploads\/2023\/08\/96e9700513650c7445698464b9c31a78_medium.jpg",300,392,false],"thumbnail":["https:\/\/construcaocivil.siriusmarketingedesign.com.br\/wp-content\/uploads\/2023\/08\/96e9700513650c7445698464b9c31a78_medium-150x150.jpg",150,150,true],"medium":["https:\/\/construcaocivil.siriusmarketingedesign.com.br\/wp-content\/uploads\/2023\/08\/96e9700513650c7445698464b9c31a78_medium-230x300.jpg",230,300,true],"medium_large":["https:\/\/construcaocivil.siriusmarketingedesign.com.br\/wp-content\/uploads\/2023\/08\/96e9700513650c7445698464b9c31a78_medium.jpg",300,392,false],"large":["https:\/\/construcaocivil.siriusmarketingedesign.com.br\/wp-content\/uploads\/2023\/08\/96e9700513650c7445698464b9c31a78_medium.jpg",300,392,false],"1536x1536":["https:\/\/construcaocivil.siriusmarketingedesign.com.br\/wp-content\/uploads\/2023\/08\/96e9700513650c7445698464b9c31a78_medium.jpg",300,392,false],"2048x2048":["https:\/\/construcaocivil.siriusmarketingedesign.com.br\/wp-content\/uploads\/2023\/08\/96e9700513650c7445698464b9c31a78_medium.jpg",300,392,false]},"uagb_author_info":{"display_name":"Jornal da Constru\u00e7\u00e3o Civil","author_link":"https:\/\/construcaocivil.siriusmarketingedesign.com.br\/?author=1"},"uagb_comment_info":0,"uagb_excerpt":"Mestra em Educa\u00e7\u00e3o e autora de livros sobre tem\u00e1tica racial, Bianca Santana agora dialoga com p\u00fablico infantil em lan\u00e7amento pelo Camale\u00e3o, selo da Alta Books Editora \u201cToda crian\u00e7a que pede esmola no farol \u00e9 negra? Infelizmente, a maioria sim. Por isso voc\u00ea fala que existe racismo, n\u00e9?\u201d. Este e outros di\u00e1logos dif\u00edceis de ter com&hellip;","_links":{"self":[{"href":"https:\/\/construcaocivil.siriusmarketingedesign.com.br\/index.php?rest_route=\/wp\/v2\/posts\/22235","targetHints":{"allow":["GET"]}}],"collection":[{"href":"https:\/\/construcaocivil.siriusmarketingedesign.com.br\/index.php?rest_route=\/wp\/v2\/posts"}],"about":[{"href":"https:\/\/construcaocivil.siriusmarketingedesign.com.br\/index.php?rest_route=\/wp\/v2\/types\/post"}],"author":[{"embeddable":true,"href":"https:\/\/construcaocivil.siriusmarketingedesign.com.br\/index.php?rest_route=\/wp\/v2\/users\/1"}],"replies":[{"embeddable":true,"href":"https:\/\/construcaocivil.siriusmarketingedesign.com.br\/index.php?rest_route=%2Fwp%2Fv2%2Fcomments&post=22235"}],"version-history":[{"count":0,"href":"https:\/\/construcaocivil.siriusmarketingedesign.com.br\/index.php?rest_route=\/wp\/v2\/posts\/22235\/revisions"}],"wp:featuredmedia":[{"embeddable":true,"href":"https:\/\/construcaocivil.siriusmarketingedesign.com.br\/index.php?rest_route=\/wp\/v2\/media\/22236"}],"wp:attachment":[{"href":"https:\/\/construcaocivil.siriusmarketingedesign.com.br\/index.php?rest_route=%2Fwp%2Fv2%2Fmedia&parent=22235"}],"wp:term":[{"taxonomy":"category","embeddable":true,"href":"https:\/\/construcaocivil.siriusmarketingedesign.com.br\/index.php?rest_route=%2Fwp%2Fv2%2Fcategories&post=22235"},{"taxonomy":"post_tag","embeddable":true,"href":"https:\/\/construcaocivil.siriusmarketingedesign.com.br\/index.php?rest_route=%2Fwp%2Fv2%2Ftags&post=22235"}],"curies":[{"name":"wp","href":"https:\/\/api.w.org\/{rel}","templated":true}]}}