{"id":22238,"date":"2023-08-19T15:47:19","date_gmt":"2023-08-19T18:47:19","guid":{"rendered":"https:\/\/www.jornaldaconstrucaocivil.com.br\/?p=22238"},"modified":"2023-08-19T15:47:19","modified_gmt":"2023-08-19T18:47:19","slug":"construcao-em-goias-mais-de-70-vagas-para-se-trabalhar-em-obras-na-capital","status":"publish","type":"post","link":"https:\/\/construcaocivil.siriusmarketingedesign.com.br\/?p=22238","title":{"rendered":"Constru\u00e7\u00e3o em Goi\u00e1s: Mais de 70 vagas para se trabalhar em obras na capital"},"content":{"rendered":"<p><i>Desemprego est\u00e1 caindo nos \u00faltimos meses e constru\u00e7\u00e3o civil segue contribuindo com postos de trabalho<\/i><\/p>\n<div>\n<div>\n<p>A taxa de desemprego no Brasil foi de 8% no trimestre m\u00f3vel terminado em junho, segundo a Pesquisa Nacional por Amostra de Domic\u00edlios (PNAD) Cont\u00ednua, divulgada no final de julho pelo Instituto Brasileiro de Geografia e Estat\u00edstica (IBGE). \u00c9 o melhor resultado neste trimestre desde 2014 (6,9%). Em rela\u00e7\u00e3o ao trimestre imediatamente anterior, entre janeiro e mar\u00e7o, o per\u00edodo traz redu\u00e7\u00e3o de 0,8 ponto percentual (8,8%) na taxa de desocupa\u00e7\u00e3o. No mesmo trimestre de 2022, a taxa era de 9,3%.<\/p>\n<p>Um dos fatores que contribui com a queda no desemprego \u00e9 a constru\u00e7\u00e3o civil. Em junho, o setor ficou em terceiro lugar na gera\u00e7\u00e3o de empregos, criou\u00a020.953 postos de trabalho, atr\u00e1s apenas da agropecu\u00e1ria (27.159 postos) e dos servi\u00e7os (76.420 postos). Em Goi\u00e2nia, a Opus Incorporadora est\u00e1 constantemente com vagas abertas em suas 15 obras em andamento. Veja abaixo as dispon\u00edveis no momento:<\/p>\n<p><strong>Serventes &#8211; 40\u00a0<\/strong><br \/>\n<strong>Pedreiros &#8211; 14<\/strong><br \/>\n<strong>Carpinteiros &#8211; 10<\/strong><br \/>\n<strong>Armador &#8211; 4<\/strong><br \/>\n<strong>Eletricista &#8211; 3<\/strong><br \/>\n<strong>Encanador &#8211; 2<\/strong><br \/>\n<strong>Meio oficial de carpinteiro &#8211; 1\u00a0<\/strong><\/p>\n<p>Quem se interessar por alguma dessas 74 oportunidades pode deixar o curr\u00edculo diretamente na Central de Contrata\u00e7\u00f5es da Opus, situada ao lado da obra do Gyro Rooftop, situada na Rua 139 esquina com a Rua 146, n\u00ba 208, no Setor Marista. H\u00e1 ainda a possibilidade de envio pelo <span style=\"color: #ff0000;\"><strong>WhatsApp 62998417506<\/strong><\/span>.<\/p>\n<\/div>\n<\/div>\n<div><\/div>\n","protected":false},"excerpt":{"rendered":"<p>Desemprego est\u00e1 caindo nos \u00faltimos meses e constru\u00e7\u00e3o civil segue contribuindo com postos de trabalho A taxa de desemprego no Brasil foi de 8% no trimestre m\u00f3vel terminado em junho, segundo a Pesquisa Nacional por Amostra de Domic\u00edlios (PNAD) Cont\u00ednua, divulgada no final de julho pelo Instituto Brasileiro de Geografia e Estat\u00edstica (IBGE). \u00c9 o [&hellip;]<\/p>\n","protected":false},"author":1,"featured_media":22239,"comment_status":"open","ping_status":"open","sticky":false,"template":"","format":"standard","meta":{"_uag_custom_page_level_css":"","footnotes":""},"categories":[27],"tags":[25610,25650,25649,5514,24640,24103,10915],"class_list":["post-22238","post","type-post","status-publish","format-standard","has-post-thumbnail","hentry","category-acontece","tag-obrasereformas","tag-setormarista","tag-centro-oeste-construcao","tag-goiania-go","tag-opus-incorporadora","tag-pedrereiros","tag-serventes"],"blocksy_meta":[],"spectra_blocks_featured_image_url":{"thumbnail":{"url":"https:\/\/construcaocivil.siriusmarketingedesign.com.br\/wp-content\/uploads\/2023\/08\/trabalhador-da-construcao-150x150.jpg","width":150,"height":150},"medium":{"url":"https:\/\/construcaocivil.siriusmarketingedesign.com.br\/wp-content\/uploads\/2023\/08\/trabalhador-da-construcao-300x200.jpg","width":300,"height":200},"medium_large":{"url":"https:\/\/construcaocivil.siriusmarketingedesign.com.br\/wp-content\/uploads\/2023\/08\/trabalhador-da-construcao-768x512.jpg","width":768,"height":512},"large":{"url":"https:\/\/construcaocivil.siriusmarketingedesign.com.br\/wp-content\/uploads\/2023\/08\/trabalhador-da-construcao-1024x683.jpg","width":1024,"height":683},"full":{"url":"https:\/\/construcaocivil.siriusmarketingedesign.com.br\/wp-content\/uploads\/2023\/08\/trabalhador-da-construcao-scaled.jpg","width":2560,"height":1707}},"spectra_blocks_author_info":{"display_name":"Jornal da Constru\u00e7\u00e3o Civil","avatar_url":"https:\/\/secure.gravatar.com\/avatar\/973c9774fd44ddaceb026973c4962faa70fc512bc4c9da68e8ebb40fecee6540?s=96&d=mm&r=g","author_link":"https:\/\/construcaocivil.siriusmarketingedesign.com.br\/?author=1","description":"Desde de 2013, levando muitas informa\u00e7\u00f5es, lan\u00e7amentos e produtos de qualidade para toda cadeia produtiva da constru\u00e7\u00e3o. O Futuro da constru\u00e7\u00e3o passa por aqui,"},"uagb_featured_image_src":{"full":["https:\/\/construcaocivil.siriusmarketingedesign.com.br\/wp-content\/uploads\/2023\/08\/trabalhador-da-construcao-scaled.jpg",2560,1707,false],"thumbnail":["https:\/\/construcaocivil.siriusmarketingedesign.com.br\/wp-content\/uploads\/2023\/08\/trabalhador-da-construcao-150x150.jpg",150,150,true],"medium":["https:\/\/construcaocivil.siriusmarketingedesign.com.br\/wp-content\/uploads\/2023\/08\/trabalhador-da-construcao-300x200.jpg",300,200,true],"medium_large":["https:\/\/construcaocivil.siriusmarketingedesign.com.br\/wp-content\/uploads\/2023\/08\/trabalhador-da-construcao-768x512.jpg",768,512,true],"large":["https:\/\/construcaocivil.siriusmarketingedesign.com.br\/wp-content\/uploads\/2023\/08\/trabalhador-da-construcao-1024x683.jpg",1024,683,true],"1536x1536":["https:\/\/construcaocivil.siriusmarketingedesign.com.br\/wp-content\/uploads\/2023\/08\/trabalhador-da-construcao-1536x1024.jpg",1536,1024,true],"2048x2048":["https:\/\/construcaocivil.siriusmarketingedesign.com.br\/wp-content\/uploads\/2023\/08\/trabalhador-da-construcao-2048x1365.jpg",2048,1365,true]},"uagb_author_info":{"display_name":"Jornal da Constru\u00e7\u00e3o Civil","author_link":"https:\/\/construcaocivil.siriusmarketingedesign.com.br\/?author=1"},"uagb_comment_info":0,"uagb_excerpt":"Desemprego est\u00e1 caindo nos \u00faltimos meses e constru\u00e7\u00e3o civil segue contribuindo com postos de trabalho A taxa de desemprego no Brasil foi de 8% no trimestre m\u00f3vel terminado em junho, segundo a Pesquisa Nacional por Amostra de Domic\u00edlios (PNAD) Cont\u00ednua, divulgada no final de julho pelo Instituto Brasileiro de Geografia e Estat\u00edstica (IBGE). \u00c9 o&hellip;","_links":{"self":[{"href":"https:\/\/construcaocivil.siriusmarketingedesign.com.br\/index.php?rest_route=\/wp\/v2\/posts\/22238","targetHints":{"allow":["GET"]}}],"collection":[{"href":"https:\/\/construcaocivil.siriusmarketingedesign.com.br\/index.php?rest_route=\/wp\/v2\/posts"}],"about":[{"href":"https:\/\/construcaocivil.siriusmarketingedesign.com.br\/index.php?rest_route=\/wp\/v2\/types\/post"}],"author":[{"embeddable":true,"href":"https:\/\/construcaocivil.siriusmarketingedesign.com.br\/index.php?rest_route=\/wp\/v2\/users\/1"}],"replies":[{"embeddable":true,"href":"https:\/\/construcaocivil.siriusmarketingedesign.com.br\/index.php?rest_route=%2Fwp%2Fv2%2Fcomments&post=22238"}],"version-history":[{"count":0,"href":"https:\/\/construcaocivil.siriusmarketingedesign.com.br\/index.php?rest_route=\/wp\/v2\/posts\/22238\/revisions"}],"wp:featuredmedia":[{"embeddable":true,"href":"https:\/\/construcaocivil.siriusmarketingedesign.com.br\/index.php?rest_route=\/wp\/v2\/media\/22239"}],"wp:attachment":[{"href":"https:\/\/construcaocivil.siriusmarketingedesign.com.br\/index.php?rest_route=%2Fwp%2Fv2%2Fmedia&parent=22238"}],"wp:term":[{"taxonomy":"category","embeddable":true,"href":"https:\/\/construcaocivil.siriusmarketingedesign.com.br\/index.php?rest_route=%2Fwp%2Fv2%2Fcategories&post=22238"},{"taxonomy":"post_tag","embeddable":true,"href":"https:\/\/construcaocivil.siriusmarketingedesign.com.br\/index.php?rest_route=%2Fwp%2Fv2%2Ftags&post=22238"}],"curies":[{"name":"wp","href":"https:\/\/api.w.org\/{rel}","templated":true}]}}