{"id":22248,"date":"2023-08-20T20:48:55","date_gmt":"2023-08-20T23:48:55","guid":{"rendered":"https:\/\/www.jornaldaconstrucaocivil.com.br\/?p=22248"},"modified":"2023-08-20T20:50:02","modified_gmt":"2023-08-20T23:50:02","slug":"nota-o-apagao-nacional-revela-a-anarquia-do-mercado","status":"publish","type":"post","link":"https:\/\/construcaocivil.siriusmarketingedesign.com.br\/?p=22248","title":{"rendered":"Nota: O Apag\u00e3o Nacional revela a ANARQUIA do mercado"},"content":{"rendered":"<div id=\"single-the-excerpt\">\n<div class=\"post-excerpt\">\n<p style=\"text-align: justify;\"><em><strong>Em nota Movimento denuncia que a opera\u00e7\u00e3o do setor el\u00e9trico brasileiro est\u00e1 sob \u201canarquia do mercado\u201d ap\u00f3s a privatiza\u00e7\u00e3o da Eletrobras<\/strong><\/em><\/p>\n<\/div>\n<\/div>\n<div class=\"post-info\">\n<div id=\"single-the-content\" style=\"text-align: justify;\">\n<div class=\"author\">por\u00a0<a href=\"https:\/\/mab.org.br\/autor\/movimento-dos-atingidos-por-barragens\/\">Movimento dos Atingidos por Barragens<\/a><\/div>\n<p>&nbsp;<\/p>\n<p>Na \u00faltima ter\u00e7a-feira 15,\u00a0\u00e0s 8h31, houve uma ocorr\u00eancia no Sistema Interligado Nacional (SIN), que levou a queda de energia em 25 estados e no Distrito Federal. De acordo com nota informativa do Operador Nacional do Sistema (ONS), o abastecimento foi 100% recomposto \u00e0s 14h49.<\/p>\n<p>Passadas mais de 24 horas ap\u00f3s o apag\u00e3o, o ONS, que \u00e9 a entidade respons\u00e1vel pelo sistema de opera\u00e7\u00e3o das usinas e linhas de transmiss\u00e3o, n\u00e3o emitiu nenhum documento de explica\u00e7\u00e3o das causas do desligamento nacional.<\/p>\n<p>Tanto o apag\u00e3o, quanto a total aus\u00eancia de transpar\u00eancia dos acontecimentos, s\u00f3 confirma que reina a anarquia do mercado neste setor estrat\u00e9gico.<\/p>\n<p>Diante destes fatos, o Movimento dos Atingidos por Barragens (MAB) apresenta a sua posi\u00e7\u00e3o:<\/p>\n<h2><strong>O APAG\u00c3O DE ONTEM N\u00c3O FOI POR ESCASSEZ ENERGIA NO SISTEMA INTERLIGADO NACIONAL\u00a0<\/strong><\/h2>\n<figure class=\"wp-block-gallery columns-3 is-cropped\">\n<ul class=\"blocks-gallery-grid\">\n<li class=\"blocks-gallery-item\">\n<figure><img decoding=\"async\" class=\"wp-image-42035\" src=\"https:\/\/mab.org.br\/wp-content\/uploads\/2023\/08\/%C3%A1gua.jpg\" sizes=\"(max-width: 809px) 100vw, 809px\" srcset=\"https:\/\/mab.org.br\/wp-content\/uploads\/2023\/08\/\u00e1gua.jpg 809w, https:\/\/mab.org.br\/wp-content\/uploads\/2023\/08\/\u00e1gua-300x193.jpg 300w, https:\/\/mab.org.br\/wp-content\/uploads\/2023\/08\/\u00e1gua-768x495.jpg 768w, https:\/\/mab.org.br\/wp-content\/uploads\/2023\/08\/\u00e1gua-205x132.jpg 205w\" alt=\"\" data-id=\"42035\" data-full-url=\"https:\/\/mab.org.br\/wp-content\/uploads\/2023\/08\/\u00e1gua.jpg\" data-link=\"https:\/\/mab.org.br\/2023\/08\/16\/nota-o-apagao-nacional-revela-a-anarquia-do-mercado\/agua-3\/\" \/><figcaption class=\"blocks-gallery-item__caption\">Distribui\u00e7\u00e3o de \u00e1gua foi prejudicada em Pernambuco<\/figcaption><\/figure>\n<\/li>\n<li class=\"blocks-gallery-item\">\n<figure><img decoding=\"async\" class=\"wp-image-42037\" src=\"https:\/\/mab.org.br\/wp-content\/uploads\/2023\/08\/transito.jpg\" sizes=\"(max-width: 657px) 100vw, 657px\" srcset=\"https:\/\/mab.org.br\/wp-content\/uploads\/2023\/08\/transito.jpg 657w, https:\/\/mab.org.br\/wp-content\/uploads\/2023\/08\/transito-300x203.jpg 300w, https:\/\/mab.org.br\/wp-content\/uploads\/2023\/08\/transito-205x139.jpg 205w\" alt=\"\" data-id=\"42037\" data-full-url=\"https:\/\/mab.org.br\/wp-content\/uploads\/2023\/08\/transito.jpg\" data-link=\"https:\/\/mab.org.br\/2023\/08\/16\/nota-o-apagao-nacional-revela-a-anarquia-do-mercado\/transito\/\" \/><figcaption class=\"blocks-gallery-item__caption\">Em Altamira (PA), desligamento de sem\u00e1foros causou acidentes<\/figcaption><\/figure>\n<\/li>\n<li class=\"blocks-gallery-item\">\n<figure><img decoding=\"async\" class=\"wp-image-42038\" src=\"https:\/\/mab.org.br\/wp-content\/uploads\/2023\/08\/hospital.jpg\" sizes=\"(max-width: 706px) 100vw, 706px\" srcset=\"https:\/\/mab.org.br\/wp-content\/uploads\/2023\/08\/hospital.jpg 706w, https:\/\/mab.org.br\/wp-content\/uploads\/2023\/08\/hospital-300x168.jpg 300w, https:\/\/mab.org.br\/wp-content\/uploads\/2023\/08\/hospital-205x115.jpg 205w\" alt=\"\" data-id=\"42038\" data-full-url=\"https:\/\/mab.org.br\/wp-content\/uploads\/2023\/08\/hospital.jpg\" data-link=\"https:\/\/mab.org.br\/2023\/08\/16\/nota-o-apagao-nacional-revela-a-anarquia-do-mercado\/hospital\/\" \/><figcaption class=\"blocks-gallery-item__caption\">Em diferentes cidades, hospitais passaram a oferecer apenas servi\u00e7os b\u00e1sicos<\/figcaption><\/figure>\n<\/li>\n<li class=\"blocks-gallery-item\">\n<figure><img decoding=\"async\" class=\"wp-image-42036\" src=\"https:\/\/mab.org.br\/wp-content\/uploads\/2023\/08\/whatsapp-image-2023-08-15-at-111353.jpeg\" sizes=\"(max-width: 780px) 100vw, 780px\" srcset=\"https:\/\/mab.org.br\/wp-content\/uploads\/2023\/08\/whatsapp-image-2023-08-15-at-111353.jpeg 780w, https:\/\/mab.org.br\/wp-content\/uploads\/2023\/08\/whatsapp-image-2023-08-15-at-111353-300x170.jpeg 300w, https:\/\/mab.org.br\/wp-content\/uploads\/2023\/08\/whatsapp-image-2023-08-15-at-111353-768x435.jpeg 768w, https:\/\/mab.org.br\/wp-content\/uploads\/2023\/08\/whatsapp-image-2023-08-15-at-111353-205x116.jpeg 205w\" alt=\"\" data-id=\"42036\" data-full-url=\"https:\/\/mab.org.br\/wp-content\/uploads\/2023\/08\/whatsapp-image-2023-08-15-at-111353.jpeg\" data-link=\"https:\/\/mab.org.br\/2023\/08\/16\/nota-o-apagao-nacional-revela-a-anarquia-do-mercado\/whatsapp-image-2023-08-15-at-111353\/\" \/><figcaption class=\"blocks-gallery-item__caption\">Em S\u00e3o Paulo (SP), linha amarela do metr\u00f4 interrompeu opera\u00e7\u00f5es<\/figcaption><\/figure>\n<\/li>\n<\/ul><figcaption class=\"blocks-gallery-caption\">Em todo o pa\u00eds, apag\u00e3o causou preju\u00edzos como acidentes de tr\u00e2nsito, interrup\u00e7\u00e3o do funcionamento do metr\u00f4, distribui\u00e7\u00e3o de \u00e1gua e parte dos servi\u00e7os hospitalares, entre outros. Fotos: divulga\u00e7\u00e3o<\/figcaption><\/figure>\n<p>&nbsp;<\/p>\n<p>As evid\u00eancias mostram que existe sobra de energia no Sistema Interligado Nacional (SIN). Temos, hoje, cerca de 195.000 MW de pot\u00eancia instalada no SIN e mais 23.000 MW de Gera\u00e7\u00e3o Distribu\u00edda (principalmente solar). Na pr\u00e1tica, h\u00e1 algo em torno de 110.000 MW de usinas hidr\u00e1ulicas para a opera\u00e7\u00e3o; 26.600 de e\u00f3licas; 46.400 de t\u00e9rmicas; 2.000 de nuclear; e 33.400 de solar.\u00a0\u00a0O fato \u00e9 que se considerar o fator de capacidade real de cada fonte, temos mais de 110.000 MW m\u00e9dios, e o pa\u00eds consome menos de 72.500 MW m\u00e9dios. Os dados do ONS indicam que os reservat\u00f3rios das hidrel\u00e9tricas est\u00e3o com 82,4% de \u00e1gua, uma das melhores situa\u00e7\u00f5es da hist\u00f3ria, e muitas turbinas est\u00e3o sendo desligadas frequentemente para n\u00e3o ocasionar excesso de energia no Sistema Interligado. O que podemos afirmar que temos capacidade instalada suficiente. Tem-se at\u00e9 uma grande ociosidade de usinas por excesso de capacidade.<\/p>\n<h2><strong>O APAG\u00c3O N\u00c3O FOI POR EXCESSO DE DEMANDA NO SISTEMA INTERLIGADO NACIONAL<\/strong><\/h2>\n<p>A \u201ccarga\u201d no sistema est\u00e1 dentro dos limites hist\u00f3ricos e recentes. N\u00e3o houve oscila\u00e7\u00e3o do consumo que justifique a queda no fornecimento.\u00a0\u00a0O consumo nacional de energia el\u00e9trica segue trajet\u00f3ria normal. Se analisar o hist\u00f3rico dos \u00faltimos anos, verifica-se que em 2015 o pa\u00eds teve uma gera\u00e7\u00e3o de eletricidade no SIN de cerca de 65.000 MW m\u00e9dios, e foi suficiente para abastecer todo pa\u00eds.\u00a0\u00a0Em 2022, tivemos cerca de 70.000 MW m\u00e9dios. E nestes 225 dias de 2023, o ONS indica que a gera\u00e7\u00e3o est\u00e1 em 72.670 MW m\u00e9dios. E em nenhum momento houve apag\u00f5es por excesso de carga no sistema. Tal produ\u00e7\u00e3o sempre deu conta do consumo nacional.<\/p>\n<p>Se analisarmos o ano de 2023, pode-se constatar que a \u201cCarga M\u00e1xima\u201d hist\u00f3rica no sistema aconteceu no dia 14 de fevereiro: 97.371 MW m\u00e9dios. No dia 14, anterior ao apag\u00e3o, os dados do IPDO revelam que a gera\u00e7\u00e3o verificada foi de 71.088 MW m\u00e9dios e, neste mesmo dia, a \u201cDemanda M\u00e1xima\u201d aconteceu \u00e0s 18 horas e 46 minutos, com uma carga de 82.879 MW m\u00e9dios. No dia do apag\u00e3o (15), exatamente \u00e0s 08h30min da manh\u00e3 (momento da queda) a carga estava em 73.600 MW m\u00e9dios, situa\u00e7\u00e3o normal para este hor\u00e1rio. Portanto, muito abaixo daquilo que em dias anteriores o sistema suportou sem causar nenhum problema. O apag\u00e3o n\u00e3o aconteceu por excesso de carga no sistema, o sistema j\u00e1 passou por situa\u00e7\u00f5es piores, com demanda de 30% superior, e suportou sem causar quedas de energia.<\/p>\n<h2><strong>A HIP\u00d3TESE PROV\u00c1VEL \u00c9 QUE A QUEDA FOI CAUSADA POR \u201cOSCILA\u00c7\u00c3O DE GERA\u00c7\u00c3O\u201d, EM FUN\u00c7\u00c3O DA ENTRADA DE ENERGIA DE FONTES N\u00c3O CONTROLADAS, COMO FOTOVOLTAICA E E\u00d3LICA. OS ACONTECIMENTOS EST\u00c3O LIGADOS AO SISTEMA DE OPERA\u00c7\u00c3O DAS USINAS, QUE EST\u00c1 SOB A ANARQUIA DO MERCADO.\u00a0<\/strong><\/h2>\n<p>Os dados indicam que na regi\u00e3o Nordeste \u00e0s 05h30min da manh\u00e3 do dia (15), iniciava-se a gera\u00e7\u00e3o solar que era de 25 MW m\u00e9dios. \u00c0s 08h27min, minutos antes da queda, j\u00e1 eram 5.157 MW m\u00e9dios e as e\u00f3licas da regi\u00e3o estavam produzindo mais 16.300 MW m\u00e9dios.\u00a0\u00a0No mesmo momento, o NE tinha uma carga de 11.850 MW m\u00e9dios. O excesso de energia que estava sendo produzido na regi\u00e3o era exportado para outras regi\u00f5es. Procedimento normal no setor el\u00e9trico. Os dados indicam que neste hor\u00e1rio o nordeste estava exportando 12.200 MW m\u00e9dios, principalmente para o sudeste. O fato que neste hor\u00e1rio, de in\u00edcio da manh\u00e3, \u00e9 o momento que entra todas as usinas fotovoltaicas centralizadas e as de Gera\u00e7\u00e3o Distribu\u00edda (GD), tanto do Nordeste como em outras regi\u00f5es. Atualmente temos mais de 33.000 MW de fotovoltaica, dois ter\u00e7os de GD sem nenhum controle. E ainda tem as e\u00f3licas operando e oscilando. Ao mesmo tempo em que tem a r\u00e1pida entrada das solares, tem a necessidade de ir desligando determinadas hidrel\u00e9tricas para evitar excesso de energia nas linhas. Tudo isso causa uma enorme e crescente dificuldade para opera\u00e7\u00e3o adequada, porque cada usina e cada trecho de linhas de transmiss\u00e3o virou um neg\u00f3cio particular de cada empres\u00e1rio. O setor n\u00e3o tem mais uma lideran\u00e7a estatal que coordene e lidere. O setor est\u00e1 sob a domina\u00e7\u00e3o dos agentes privados.<\/p>\n<p>A \u00fanica empresa estatal (Eletrobr\u00e1s) que vinha cumprindo um papel estrat\u00e9gico foi privatizada, promoveu recentemente demiss\u00f5es em massa de trabalhadores e passou a operar suas estruturas com reduzida for\u00e7a de trabalho, principalmente em fun\u00e7\u00e3o da logica rentista.<\/p>\n<p>O fato \u00e9 que a opera\u00e7\u00e3o do setor el\u00e9trico est\u00e1 sob a \u201canarquia do mercado\u201d. A situa\u00e7\u00e3o \u00e9 grave, porque este modelo de mercado j\u00e1 tinha\u00a0transformado os pre\u00e7os e tarifas da energia el\u00e9trica nas mais altas do mundo e agora est\u00e3o causando apag\u00f5es nacionais. Ap\u00f3s a privatiza\u00e7\u00e3o da Eletrobr\u00e1s o governo perdeu totalmente o controle. Atualmente o Planejamento, a Coordena\u00e7\u00e3o e a Opera\u00e7\u00e3o das instala\u00e7\u00f5es de gera\u00e7\u00e3o e transmiss\u00e3o de energia el\u00e9trica est\u00e3o sob governan\u00e7a de um organismo privado (<em>ons.org.br<\/em>). O ONS \u00e9 uma \u201cpessoa jur\u00eddica de direito privado\u201d que est\u00e1 sob dom\u00ednio dos agentes empresariais de \u201cgera\u00e7\u00e3o, transmiss\u00e3o, distribui\u00e7\u00e3o, consumidores livres, importadores e exportadores de energia\u201d. E o Governo tem participa\u00e7\u00e3o perif\u00e9rica. O que est\u00e1 acontecendo \u00e9 resultado da completa destrui\u00e7\u00e3o da seguran\u00e7a e soberania neste setor. Essa \u00e9 a realidade que precisa ser confrontada para evitar novos apag\u00f5es e chantagens do \u201cmercado\u201d.<\/p>\n<p><em>\u00c1gua e energia com soberania, distribui\u00e7\u00e3o da riqueza e controle popular!<\/em><\/p>\n<\/div>\n<div class=\"post-content--tags\" style=\"text-align: justify;\"><\/div>\n<\/div>\n","protected":false},"excerpt":{"rendered":"<p>Em nota Movimento denuncia que a opera\u00e7\u00e3o do setor el\u00e9trico brasileiro est\u00e1 sob \u201canarquia do mercado\u201d ap\u00f3s a privatiza\u00e7\u00e3o da Eletrobras por\u00a0Movimento dos Atingidos por Barragens &nbsp; Na \u00faltima ter\u00e7a-feira 15,\u00a0\u00e0s 8h31, houve uma ocorr\u00eancia no Sistema Interligado Nacional (SIN), que levou a queda de energia em 25 estados e no Distrito Federal. De acordo [&hellip;]<\/p>\n","protected":false},"author":1,"featured_media":22249,"comment_status":"open","ping_status":"open","sticky":false,"template":"","format":"standard","meta":{"_uag_custom_page_level_css":"","footnotes":""},"categories":[29],"tags":[21266,4042,4324,25656,25657],"class_list":["post-22248","post","type-post","status-publish","format-standard","has-post-thumbnail","hentry","category-energia","tag-apagao-eletrico","tag-eletrobras","tag-energias-renovaveis","tag-linhas-de-transmissao","tag-movimento-atingidos-barragens-mab"],"blocksy_meta":[],"spectra_blocks_featured_image_url":{"thumbnail":{"url":"https:\/\/construcaocivil.siriusmarketingedesign.com.br\/wp-content\/uploads\/2023\/08\/OIP-150x150.jpg","width":150,"height":150},"medium":{"url":"https:\/\/construcaocivil.siriusmarketingedesign.com.br\/wp-content\/uploads\/2023\/08\/OIP.jpg","width":292,"height":180},"medium_large":{"url":"https:\/\/construcaocivil.siriusmarketingedesign.com.br\/wp-content\/uploads\/2023\/08\/OIP.jpg","width":292,"height":180},"large":{"url":"https:\/\/construcaocivil.siriusmarketingedesign.com.br\/wp-content\/uploads\/2023\/08\/OIP.jpg","width":292,"height":180},"full":{"url":"https:\/\/construcaocivil.siriusmarketingedesign.com.br\/wp-content\/uploads\/2023\/08\/OIP.jpg","width":292,"height":180}},"spectra_blocks_author_info":{"display_name":"Jornal da Constru\u00e7\u00e3o Civil","avatar_url":"https:\/\/secure.gravatar.com\/avatar\/973c9774fd44ddaceb026973c4962faa70fc512bc4c9da68e8ebb40fecee6540?s=96&d=mm&r=g","author_link":"https:\/\/construcaocivil.siriusmarketingedesign.com.br\/?author=1","description":"Desde de 2013, levando muitas informa\u00e7\u00f5es, lan\u00e7amentos e produtos de qualidade para toda cadeia produtiva da constru\u00e7\u00e3o. O Futuro da constru\u00e7\u00e3o passa por aqui,"},"uagb_featured_image_src":{"full":["https:\/\/construcaocivil.siriusmarketingedesign.com.br\/wp-content\/uploads\/2023\/08\/OIP.jpg",292,180,false],"thumbnail":["https:\/\/construcaocivil.siriusmarketingedesign.com.br\/wp-content\/uploads\/2023\/08\/OIP-150x150.jpg",150,150,true],"medium":["https:\/\/construcaocivil.siriusmarketingedesign.com.br\/wp-content\/uploads\/2023\/08\/OIP.jpg",292,180,false],"medium_large":["https:\/\/construcaocivil.siriusmarketingedesign.com.br\/wp-content\/uploads\/2023\/08\/OIP.jpg",292,180,false],"large":["https:\/\/construcaocivil.siriusmarketingedesign.com.br\/wp-content\/uploads\/2023\/08\/OIP.jpg",292,180,false],"1536x1536":["https:\/\/construcaocivil.siriusmarketingedesign.com.br\/wp-content\/uploads\/2023\/08\/OIP.jpg",292,180,false],"2048x2048":["https:\/\/construcaocivil.siriusmarketingedesign.com.br\/wp-content\/uploads\/2023\/08\/OIP.jpg",292,180,false]},"uagb_author_info":{"display_name":"Jornal da Constru\u00e7\u00e3o Civil","author_link":"https:\/\/construcaocivil.siriusmarketingedesign.com.br\/?author=1"},"uagb_comment_info":0,"uagb_excerpt":"Em nota Movimento denuncia que a opera\u00e7\u00e3o do setor el\u00e9trico brasileiro est\u00e1 sob \u201canarquia do mercado\u201d ap\u00f3s a privatiza\u00e7\u00e3o da Eletrobras por\u00a0Movimento dos Atingidos por Barragens &nbsp; Na \u00faltima ter\u00e7a-feira 15,\u00a0\u00e0s 8h31, houve uma ocorr\u00eancia no Sistema Interligado Nacional (SIN), que levou a queda de energia em 25 estados e no Distrito Federal. De acordo&hellip;","_links":{"self":[{"href":"https:\/\/construcaocivil.siriusmarketingedesign.com.br\/index.php?rest_route=\/wp\/v2\/posts\/22248","targetHints":{"allow":["GET"]}}],"collection":[{"href":"https:\/\/construcaocivil.siriusmarketingedesign.com.br\/index.php?rest_route=\/wp\/v2\/posts"}],"about":[{"href":"https:\/\/construcaocivil.siriusmarketingedesign.com.br\/index.php?rest_route=\/wp\/v2\/types\/post"}],"author":[{"embeddable":true,"href":"https:\/\/construcaocivil.siriusmarketingedesign.com.br\/index.php?rest_route=\/wp\/v2\/users\/1"}],"replies":[{"embeddable":true,"href":"https:\/\/construcaocivil.siriusmarketingedesign.com.br\/index.php?rest_route=%2Fwp%2Fv2%2Fcomments&post=22248"}],"version-history":[{"count":0,"href":"https:\/\/construcaocivil.siriusmarketingedesign.com.br\/index.php?rest_route=\/wp\/v2\/posts\/22248\/revisions"}],"wp:featuredmedia":[{"embeddable":true,"href":"https:\/\/construcaocivil.siriusmarketingedesign.com.br\/index.php?rest_route=\/wp\/v2\/media\/22249"}],"wp:attachment":[{"href":"https:\/\/construcaocivil.siriusmarketingedesign.com.br\/index.php?rest_route=%2Fwp%2Fv2%2Fmedia&parent=22248"}],"wp:term":[{"taxonomy":"category","embeddable":true,"href":"https:\/\/construcaocivil.siriusmarketingedesign.com.br\/index.php?rest_route=%2Fwp%2Fv2%2Fcategories&post=22248"},{"taxonomy":"post_tag","embeddable":true,"href":"https:\/\/construcaocivil.siriusmarketingedesign.com.br\/index.php?rest_route=%2Fwp%2Fv2%2Ftags&post=22248"}],"curies":[{"name":"wp","href":"https:\/\/api.w.org\/{rel}","templated":true}]}}