{"id":22261,"date":"2023-08-26T19:48:53","date_gmt":"2023-08-26T22:48:53","guid":{"rendered":"https:\/\/www.jornaldaconstrucaocivil.com.br\/?p=22261"},"modified":"2023-08-26T19:48:53","modified_gmt":"2023-08-26T22:48:53","slug":"com-recorde-de-publico-navalshore-explicita-aquecimento-da-industria-naval","status":"publish","type":"post","link":"https:\/\/construcaocivil.siriusmarketingedesign.com.br\/?p=22261","title":{"rendered":"Com recorde de p\u00fablico, Navalshore explicita aquecimento da ind\u00fastria naval"},"content":{"rendered":"<p class=\"v1ql-align-center\" style=\"text-align: justify;\"><span style=\"color: #000080;\"><strong><em>Mais de 12 mil profissionais do setor visitaram o evento, que reuniu no Rio de Janeiro a cadeia do setor mar\u00edtimo na Am\u00e9rica do Sul\u00a0<\/em><\/strong><\/span><\/p>\n<p class=\"v1ql-align-justify\" style=\"text-align: justify;\">Agosto, 2023 &#8211;<\/p>\n<p class=\"v1ql-align-justify\" style=\"text-align: justify;\">A <strong>17\u00aa edi\u00e7\u00e3o da #Navalshore &#8211; Feira e Confer\u00eancia da Ind\u00fastria Mar\u00edtima <\/strong>foi um n\u00edtido retrato da efervesc\u00eancia que toma conta do setor em fun\u00e7\u00e3o da perspectiva do reaquecimento da constru\u00e7\u00e3o naval no pa\u00eds. Encerrada nesta quinta-feira (24), superou a expectativa de p\u00fablico, ultrapassando a marca de 12 mil visitantes que marcaram presen\u00e7a nos tr\u00eas dias do evento realizado no ExpoMag, no Rio de Janeiro.<\/p>\n<p class=\"v1ql-align-justify\" style=\"text-align: justify;\">\n<p class=\"v1ql-align-justify\" style=\"text-align: justify;\">&#8220;Foi um encontro muito produtivo, que marcou a retomada de todo um setor&#8221;, avaliou o presidente da\u00a0<strong>Transpetro<\/strong>, S\u00e9rgio Bacci. &#8220;A presen\u00e7a dos principais atores desse mercado e a rede de neg\u00f3cios que um evento dessa dimens\u00e3o proporciona s\u00e3o fundamentais. Estou otimista e confiante de que estamos no caminho certo para reacender a ind\u00fastria naval brasileira e gerar os empregos necess\u00e1rios para que nossa economia volte a crescer. Esse evento mostrou, mais uma vez, que temos condi\u00e7\u00f5es para isso&#8221;, acrescentou. A empresa foi patrocinadora Master do evento.<\/p>\n<p class=\"v1ql-align-justify\" style=\"text-align: justify;\">Com a participa\u00e7\u00e3o de 91 expositores e mais de 400 marcas representantes de todos os elos da cadeia da ind\u00fastria naval, a Navalshore refor\u00e7a sua import\u00e2ncia estrat\u00e9gica para a ind\u00fastria como polo gerador de neg\u00f3cios e f\u00f3rum de conhecimento. &#8220;\u00c9 muito gratificante fazer parte e colaborar com este momento da ind\u00fastria naval, que \u00e9 de suma import\u00e2ncia para o desenvolvimento e a moderniza\u00e7\u00e3o do transporte mar\u00edtimo&#8221;, comentou o diretor da Navalshore, Marcos Godoy Perez.<\/p>\n<p class=\"v1ql-align-justify\" style=\"text-align: justify;\">O evento foi palco tamb\u00e9m da\u00a0<strong>Confer\u00eancia Navalshore,\u00a0<\/strong>que promoveu a discuss\u00e3o em torno de temas como os caminhos para o fortalecimento da ind\u00fastria naval e\u00a0<em>offshore<\/em>\u00a0e a transi\u00e7\u00e3o energ\u00e9tica na ind\u00fastria mar\u00edtima e reuniu especialistas do Brasil e de outros pa\u00edses.<\/p>\n<p class=\"v1ql-align-justify\" style=\"text-align: justify;\">\n<p class=\"v1ql-align-justify\" style=\"text-align: justify;\">Al\u00e9m da produ\u00e7\u00e3o de conte\u00fado, o evento criou um ambiente de neg\u00f3cios e\u00a0<em>networking<\/em>\u00a0para as 91 empresas expositoras. &#8220;Estamos realmente muito satisfeitos com a participa\u00e7\u00e3o no evento. Foi excelente. Todos os nossos clientes vieram e muitas das conversas que aconteceram durante a Navalshore j\u00e1 evolu\u00edram para neg\u00f3cios concretos&#8221;, avalia o Regional Commercial Manager International da\u00a0<strong>International AkzoNobel<\/strong>, Giuliano Tramontini. &#8220;Estivemos em Manaus, na Navalshore Amaz\u00f4nia, e sentimos que o setor est\u00e1 aquecido. Performamos um crescimento m\u00e9dio anual de 5% em faturamento e projetos e, com os projetos que v\u00eam sendo anunciados, esse comportamento pode aumentar muito&#8221;, acrescentou.<\/p>\n<p class=\"v1ql-align-justify\" style=\"text-align: justify;\">\n<p class=\"v1ql-align-justify\" style=\"text-align: justify;\">Segundo o executivo, a empresa, que foi patrocinadora Platina da Navalshore, retornou ao evento em fun\u00e7\u00e3o de uma reformula\u00e7\u00e3o da estrat\u00e9gia de atua\u00e7\u00e3o no mercado, buscando trabalhar com produtos de alta tecnologia e alto desempenho. &#8220;Trouxemos para a Navalshore a tecnologia patenteada AkzoNobel, a Intersleek 1100 SR, um revestimento anti-incrustante livre de biocida e com libera\u00e7\u00e3o de limo, que n\u00e3o \u00e9 silicone, mas sim um fluoropol\u00edmero, para ser aplicado no casco do navio e influenciar especificamente o assentamento e a ades\u00e3o de organismos de limo. A vantagem desta solu\u00e7\u00e3o \u00e9 que tem uma durabilidade de 10 anos, a depender do perfil de navega\u00e7\u00e3o da embarca\u00e7\u00e3o&#8221;, explica.<\/p>\n<p class=\"v1ql-align-justify\" style=\"text-align: justify;\">\n<p class=\"v1ql-align-justify\" style=\"text-align: justify;\">Entre os benef\u00edcios da solu\u00e7\u00e3o da AkzoNobel destaca-se que a tecnologia patenteada de fluoropol\u00edmeros com propriedades melhoradas de libera\u00e7\u00e3o de limo mant\u00e9m o rendimento durante todo o ciclo de docagem. Al\u00e9m disso, a superf\u00edcie ultra-suave reduz o arrasto e o consumo de combust\u00edvel, que pode chegar a 10%, de acordo com o executivo.<\/p>\n<p class=\"v1ql-align-justify\" style=\"text-align: justify;\"><strong>Networking fortalecido<\/strong><\/p>\n<p class=\"v1ql-align-justify\" style=\"text-align: justify;\">&#8220;A Navalshore \u00e9, principalmente, um evento B2B de suma import\u00e2ncia para fortalecer o\u00a0<em>networking<\/em>\u00a0com nossos clientes e criar\u00a0 oportunidades de neg\u00f3cios, al\u00e9m de propiciar uma cota\u00e7\u00e3o de alto valor agregado&#8221;, disse o gerente da filial do Rio de Janeiro da\u00a0<strong>Cummins<\/strong>, Jo\u00e3o Ricardo Lisboa. A empresa tem sede em Indiana (EUA) e \u00e9 especializada em motores e geradores a diesel e combust\u00edveis alternativos, e componentes e tecnologia relacionados.<\/p>\n<p class=\"v1ql-align-justify\" style=\"text-align: justify;\">\n<p class=\"v1ql-align-justify\" style=\"text-align: justify;\">Outro destaque sobre o evento foi pontuado pelo gerente de vendas da empresa, Marcelo Felippetto: &#8220;Percebemos realmente o caminho do reaquecimento da ind\u00fastria naval aqui na feira. Isso tamb\u00e9m \u00e9 positivo, porque sentir essa temperatura do mercado nos ajuda a detectar demandas fact\u00edveis, que nos ajudam a fortalecer inclusive a nossa equipe de vendas.&#8221;<\/p>\n<p class=\"v1ql-align-justify\" style=\"text-align: justify;\">Para o diretor comercial da\u00a0<strong>Alfa Bierges<\/strong>, Rafael Marques, a participa\u00e7\u00e3o na Navalshore superou todas as expectativas iniciais. A empresa \u00e9 representante oficial da\u00a0<strong>montadora japonesa Daihatsu no Brasil<\/strong>\u00a0desde o encerramento das atividades da Ishikawajima do Brasil e oferece assist\u00eancia t\u00e9cnica e promo\u00e7\u00e3o de venda de motores diesel, tanto para a \u00e1rea de constru\u00e7\u00e3o naval, como outras ind\u00fastrias com demanda de plantas estacion\u00e1rias para gera\u00e7\u00e3o de energia e acionamento de bombas de grande porte.<\/p>\n<p class=\"v1ql-align-justify\" style=\"text-align: justify;\">\n<p class=\"v1ql-align-justify\" style=\"text-align: justify;\">&#8220;Al\u00e9m da \u00f3tima prospec\u00e7\u00e3o com poss\u00edveis clientes durante os tr\u00eas dias de evento, acompanhamos com muito interesse os assuntos das confer\u00eancias realizadas em paralelo. O an\u00fancio da Transpetro (sobre o programa &#8216;TP25&#8217; que demandar\u00e1 investimentos da ordem de R$12,5 bilh\u00f5es para a contrata\u00e7\u00e3o de 25 navios que ser\u00e3o constru\u00eddos no Brasil) nos animou bastante&#8221;, comemorou o executivo. Os motores da Daihatsu est\u00e3o em nove embarca\u00e7\u00f5es da Transpetro, atualmente, e Marques espera ampliar essa participa\u00e7\u00e3o.<\/p>\n<p class=\"v1ql-align-justify\" style=\"text-align: justify;\">Entre os estaleiros expondo no evento, tamb\u00e9m houve consenso quanto aos benef\u00edcios de participar da Navalshore. Integrante do grupo Bravante, o\u00a0<strong>Estaleiro S\u00e3o Miguel<\/strong>, fundado em 1978, atua com dois diques estrat\u00e9gicos em S\u00e3o Gon\u00e7alo, no Estado do Rio de Janeiro. O estaleiro fez a sua estreia no evento este ano por acreditar na import\u00e2ncia de estar junto aos\u00a0<em>players<\/em>\u00a0do mercado em aquecimento.<\/p>\n<p class=\"v1ql-align-justify\" style=\"text-align: justify;\">\n<p class=\"v1ql-align-justify\" style=\"text-align: justify;\">&#8220;Participar da Navalshore foi, sem d\u00favidas, uma grande oportunidade de encontrar novos parceiros e de mostrar todo o nosso potencial de constru\u00e7\u00e3o e reparo na ind\u00fastria naval. Sa\u00edmos desses tr\u00eas dias de evento com diversas reuni\u00f5es agendadas e a certeza de termos aberto caminho para a &#8216;quebra de gelo&#8217; com muitos futuros clientes&#8221;, declarou o coordenador comercial do Estaleiro S\u00e3o Miguel, Marcos Porto.<\/p>\n<p class=\"v1ql-align-justify\" style=\"text-align: justify;\">Fez coro o diretor da unidade de neg\u00f3cios &#8211; petr\u00f3leo e mar\u00edtimo da\u00a0<strong>Sotreq<\/strong>, Filipe Lopes, que reiterou o clima de otimismo que permeou os tr\u00eas dias da Navalshore 2023. O executivo considerou o evento um sucesso, reunindo um p\u00fablico focado na ind\u00fastria naval.<\/p>\n<p class=\"v1ql-align-justify\" style=\"text-align: justify;\">\n<p class=\"v1ql-align-justify\" style=\"text-align: justify;\">&#8220;Nossos principais clientes estavam todos presentes. Este \u00e9 um momento muito positivo para o mercado. Apesar de a fase de constru\u00e7\u00e3o ainda n\u00e3o ter retomado, a opera\u00e7\u00e3o est\u00e1 muito forte. Percebemos tamb\u00e9m que o mercado est\u00e1 mais exigente com a quest\u00e3o da sustentabilidade e estar aqui nos ajuda a atender as demandas que os clientes nos trazem&#8221;, disse o executivo, afirmando que as perspectivas de mercado se confirmaram boas, no m\u00e9dio e longo prazo, nesse clima da Navalshore.<\/p>\n<p class=\"v1ql-align-justify\" style=\"text-align: justify;\">\n<p class=\"v1ql-align-justify\" style=\"text-align: justify;\">Atuando h\u00e1 mais de 80 anos no mercado, a Sotreq \u00e9 uma empresa nacional que fornece tecnologia, maquin\u00e1rio, solu\u00e7\u00f5es e suporte ao produto, altamente especializado para os segmentos de constru\u00e7\u00e3o, minera\u00e7\u00e3o, energia, petr\u00f3leo, mar\u00edtimo, g\u00e1s, florestal e agroneg\u00f3cio.<\/p>\n<p class=\"v1ql-align-justify\" style=\"text-align: justify;\">\n<p class=\"v1ql-align-justify\" style=\"text-align: justify;\"><strong>Uma s\u00f3 rota: moderniza\u00e7\u00e3o<\/strong><\/p>\n<p class=\"v1ql-align-justify\" style=\"text-align: justify;\">\n<p class=\"v1ql-align-justify\" style=\"text-align: justify;\">&#8220;O momento da\u00a0<strong>WIlhelmsen<\/strong>\u00a0para a Am\u00e9rica do Sul \u00e9 de crescimento&#8221;. A afirma\u00e7\u00e3o \u00e9 do Head of Sales \u2013 Americas da empresa, Rodrigo Monteiro. A empresa norueguesa especializada em solu\u00e7\u00f5es para toda a cadeia industrial naval, entre outras frentes de neg\u00f3cios correlacionados, vem investindo nos \u00faltimos anos no conceito da Ind\u00fastria 4.0, com iniciativas direcionadas \u00e0 manufatura aditiva e impress\u00e3o 3D. &#8220;Aqui, para a feira, trouxemos uma pequena amostra desses investimentos: uma solu\u00e7\u00e3o focada em intelig\u00eancia artificial para inspe\u00e7\u00e3o de cabos de amarra\u00e7\u00e3o, que por interm\u00e9dio dos\u00a0<em>logs<\/em>\u00a0do tempo da opera\u00e7\u00e3o, permite fazer a medi\u00e7\u00e3o da vida \u00fatil desse equipamento e antecipar, por exemplo, um potencial rompimento&#8221;, conta Monteiro.<\/p>\n<p class=\"v1ql-align-justify\" style=\"text-align: justify;\">\n<p class=\"v1ql-align-justify\" style=\"text-align: justify;\">A inspe\u00e7\u00e3o do cabo via intelig\u00eancia artificial ser\u00e1 um dos pr\u00f3ximos passos da empresa. &#8220;Temos tamb\u00e9m o Line Management Planning, um\u00a0<em>software<\/em>\u00a0desenvolvido considerando a regulamenta\u00e7\u00e3o e lan\u00e7aremos um\u00a0<em>upgrade,<\/em>\u00a0que \u00e9 a intelig\u00eancia artificial inspecionando o cabo, al\u00e9m de eventuais danos e o impacto que t\u00eam na vida \u00fatil e avaliando se \u00e9 necess\u00e1ria a sua substitui\u00e7\u00e3o. O objetivo \u00e9 remover a subjetividade dessa avalia\u00e7\u00e3o, reduzir custos e aumentar a efici\u00eancia da opera\u00e7\u00e3o&#8221;, diz.<\/p>\n<p class=\"v1ql-align-justify\" style=\"text-align: justify;\">\n<p class=\"v1ql-align-justify\" style=\"text-align: justify;\">Segundo Monteiro, o Brasil representa um mercado muito importante para a divis\u00e3o\u00a0<em>offshore<\/em>\u00a0da empresa. &#8220;Sa\u00edmos muito satisfeitos da Navalshore 2023. Costumo dizer para quem me pergunta que a Navalshore \u00e9 um tipo de feira da qual eu n\u00e3o abro m\u00e3o, porque os clientes v\u00eam para conhecer as novidades que estamos trazendo, ent\u00e3o, para n\u00f3s, a Navalshore \u00e9 o principal evento do ano&#8221;, avalia.<\/p>\n<p class=\"v1ql-align-justify\" style=\"text-align: justify;\">\n<p class=\"v1ql-align-justify\" style=\"text-align: justify;\">Uma empresa que j\u00e1 confirmou presen\u00e7a na edi\u00e7\u00e3o do ano que vem da Navalshore \u00e9 a\u00a0<strong>Ghenova<\/strong>. &#8220;Participamos da Navalshore Amaz\u00f4nia que foi espetacular e nos rendeu excelentes contatos. E estamos aqui, na Navalshore, que \u00e9 a nossa principal feira, o evento mais importante para n\u00f3s. Esta edi\u00e7\u00e3o foi excelente! Ano que vem estaremos aqui!&#8221;, afirmou o gerente de novos neg\u00f3cios da empresa, Jos\u00e9 Paes. De origem espanhola, com cerca de 25 anos, o\u00a0<em>core business<\/em>\u00a0da Ghenova \u00e9 a engenharia naval com\u00a0<em>expertise<\/em>\u00a0em projetos de detalhamento de embarca\u00e7\u00f5es, com dois produtos estrat\u00e9gicos de defesa certificados no minist\u00e9rio da defesa: o projeto de lanchas de defesa ribeirinha, que operam no rio, transportando tropas, e os projetos de navios militares.<\/p>\n<p class=\"v1ql-align-justify\" style=\"text-align: justify;\">\n<p class=\"v1ql-align-justify\" style=\"text-align: justify;\">&#8220;Em 2019 fechamos um contrato com a Marinha do Brasil para fazermos o trabalho de engenharia. E, dentro desse contrato, fizemos o projeto de detalhamento do navio patrulha &#8216;Maracan\u00e3s'&#8221;, conta Paes. Ele explica que a carteira de clientes n\u00e3o se resume \u00e0 Marinha. &#8220;Estamos desenvolvendo o projeto de detalhamento do navio patrulha &#8220;Mangaratiba&#8221;, de 500 toneladas; temos contrato tamb\u00e9m com o estaleiro Jurong Aracruz, que ganhou a licita\u00e7\u00e3o para a constru\u00e7\u00e3o do navio Polar e para o qual faremos o projeto de detalhamento da embarca\u00e7\u00e3o. Tamb\u00e9m temos outro grande cliente, que \u00e9 o estaleiro Rio Maguari, que nos contratou para fazer o projeto de detalhamento de um empurrador e uma barca\u00e7a porta-cont\u00eaineres oce\u00e2nica da Alian\u00e7a&#8221;.<\/p>\n<p class=\"v1ql-align-justify\" style=\"text-align: justify;\">\n<p class=\"v1ql-align-justify\" style=\"text-align: justify;\">De acordo com ele, 60% do portf\u00f3lio da Ghenova no Brasil s\u00e3o ind\u00fastrias naval, mas 40% s\u00e3o projetos com energias renov\u00e1veis, com a elabora\u00e7\u00e3o de parques e\u00f3licos\u00a0<em>offshore<\/em>\u00a0e de energia solar. &#8220;\u00c9 inten\u00e7\u00e3o de atuar tamb\u00e9m no Brasil nessa \u00e1rea, mas dependemos de um marco regulat\u00f3rio para ordenar esse mercado&#8221;, alerta.<\/p>\n<p class=\"v1ql-align-justify\" style=\"text-align: justify;\">\n<p class=\"v1ql-align-justify\" style=\"text-align: justify;\"><strong>Mercado precisa de certezas<\/strong><\/p>\n<p class=\"v1ql-align-justify\" style=\"text-align: justify;\">\n<p class=\"v1ql-align-justify\" style=\"text-align: justify;\">Presente na Navalshore, a\u00a0<strong>DLC<\/strong>, empresa especialista em motores, turbos, compressores, injetores, que oferece servi\u00e7os e solu\u00e7\u00f5es consultivas para o mercado mar\u00edtimo, teve o estande com intensa visita\u00e7\u00e3o durante os tr\u00eas dias da feira.<\/p>\n<p class=\"v1ql-align-justify\" style=\"text-align: justify;\">Segundo o CEO da empresa, Luiz Carpolare, o momento do ano \u00e9 bom porque as novas encomendas incentivam os neg\u00f3cios no setor. &#8220;Nossa empresa tem, al\u00e9m da linha de equipamentos, um leque completo de servi\u00e7os de manuten\u00e7\u00e3o. Temos tamb\u00e9m novas solu\u00e7\u00f5es na \u00e1rea de manuten\u00e7\u00e3o preditiva e de controle de consumo de combust\u00edvel e redu\u00e7\u00e3o de emiss\u00e3o de CO2. Essas inova\u00e7\u00f5es facilitam a integridade da manuten\u00e7\u00e3o, que \u00e9 um t\u00f3pico que o mercado tem demandado, ent\u00e3o \u00e9 uma oportunidade para a nossa empresa&#8221;.<\/p>\n<p class=\"v1ql-align-justify\" style=\"text-align: justify;\">\n<p class=\"v1ql-align-justify\" style=\"text-align: justify;\">Na vis\u00e3o do dirigente, o passado de inatividade da ind\u00fastria naval brasileira passou. &#8220;Mas agora o mercado precisa desenvolver a confian\u00e7a para as novas constru\u00e7\u00f5es, que espero que\u00a0 voltem a acontecer. O cr\u00e9dito est\u00e1 caro, \u00e9 verdade, e ainda h\u00e1 incertezas no mercado quanto \u00e0s novas tecnologias que as regulamenta\u00e7\u00f5es para a diminui\u00e7\u00e3o das emiss\u00f5es v\u00e3o exigir: h\u00edbrido, etanol, biocombust\u00edvel, eletrifica\u00e7\u00e3o, ainda h\u00e1 muitas d\u00favidas. E como se trata de um investimento de longo prazo, com Capex alt\u00edssimo, o mercado precisa de alguma certeza sobre qual ser\u00e1 a op\u00e7\u00e3o demanda&#8221;, avalia. Segundo ele, ningu\u00e9m est\u00e1 preparado para o que o mercado vai exigir. &#8220;Todos os fabricantes est\u00e3o estudando as op\u00e7\u00f5es e acredito que estas solu\u00e7\u00f5es ser\u00e3o ditadas pelo tipo da opera\u00e7\u00e3o em quest\u00e3o. Estou muito otimista. Acredito que mudan\u00e7as geram oportunidades&#8221;, declarou.<\/p>\n<p class=\"v1ql-align-justify\" style=\"text-align: justify;\">\n<p class=\"v1ql-align-justify\" style=\"text-align: justify;\"><span style=\"color: #993300;\"><strong>Navalshore 2024<\/strong><\/span><\/p>\n<p class=\"v1ql-align-justify\" style=\"text-align: justify;\">\n<p class=\"v1ql-align-justify\" style=\"text-align: justify;\"><span style=\"color: #993300;\"><strong>A 18\u00aa edi\u00e7\u00e3o da Navalshore ser\u00e1 realizada de 20 a 22 de agosto, no Expomag, no Rio de Janeiro.<\/strong><\/span><\/p>\n<p style=\"text-align: justify;\">\n","protected":false},"excerpt":{"rendered":"<p>Mais de 12 mil profissionais do setor visitaram o evento, que reuniu no Rio de Janeiro a cadeia do setor mar\u00edtimo na Am\u00e9rica do Sul\u00a0 Agosto, 2023 &#8211; A 17\u00aa edi\u00e7\u00e3o da #Navalshore &#8211; Feira e Confer\u00eancia da Ind\u00fastria Mar\u00edtima foi um n\u00edtido retrato da efervesc\u00eancia que toma conta do setor em fun\u00e7\u00e3o da perspectiva [&hellip;]<\/p>\n","protected":false},"author":1,"featured_media":22262,"comment_status":"open","ping_status":"open","sticky":false,"template":"","format":"standard","meta":{"_uag_custom_page_level_css":"","footnotes":""},"categories":[33],"tags":[25666,25665,25640,4153,11881],"class_list":["post-22261","post","type-post","status-publish","format-standard","has-post-thumbnail","hentry","category-mercado","tag-jotun","tag-navalshore","tag-setornaval","tag-empregos","tag-transpetro"],"blocksy_meta":[],"spectra_blocks_featured_image_url":{"thumbnail":{"url":"https:\/\/construcaocivil.siriusmarketingedesign.com.br\/wp-content\/uploads\/2023\/08\/AA-Jotun-150x150.jpg","width":150,"height":150},"medium":{"url":"https:\/\/construcaocivil.siriusmarketingedesign.com.br\/wp-content\/uploads\/2023\/08\/AA-Jotun-300x222.jpg","width":300,"height":222},"medium_large":{"url":"https:\/\/construcaocivil.siriusmarketingedesign.com.br\/wp-content\/uploads\/2023\/08\/AA-Jotun-768x569.jpg","width":768,"height":569},"large":{"url":"https:\/\/construcaocivil.siriusmarketingedesign.com.br\/wp-content\/uploads\/2023\/08\/AA-Jotun-1024x759.jpg","width":1024,"height":759},"full":{"url":"https:\/\/construcaocivil.siriusmarketingedesign.com.br\/wp-content\/uploads\/2023\/08\/AA-Jotun.jpg","width":1185,"height":878}},"spectra_blocks_author_info":{"display_name":"Jornal da Constru\u00e7\u00e3o Civil","avatar_url":"https:\/\/secure.gravatar.com\/avatar\/973c9774fd44ddaceb026973c4962faa70fc512bc4c9da68e8ebb40fecee6540?s=96&d=mm&r=g","author_link":"https:\/\/construcaocivil.siriusmarketingedesign.com.br\/?author=1","description":"Desde de 2013, levando muitas informa\u00e7\u00f5es, lan\u00e7amentos e produtos de qualidade para toda cadeia produtiva da constru\u00e7\u00e3o. O Futuro da constru\u00e7\u00e3o passa por aqui,"},"uagb_featured_image_src":{"full":["https:\/\/construcaocivil.siriusmarketingedesign.com.br\/wp-content\/uploads\/2023\/08\/AA-Jotun.jpg",1185,878,false],"thumbnail":["https:\/\/construcaocivil.siriusmarketingedesign.com.br\/wp-content\/uploads\/2023\/08\/AA-Jotun-150x150.jpg",150,150,true],"medium":["https:\/\/construcaocivil.siriusmarketingedesign.com.br\/wp-content\/uploads\/2023\/08\/AA-Jotun-300x222.jpg",300,222,true],"medium_large":["https:\/\/construcaocivil.siriusmarketingedesign.com.br\/wp-content\/uploads\/2023\/08\/AA-Jotun-768x569.jpg",768,569,true],"large":["https:\/\/construcaocivil.siriusmarketingedesign.com.br\/wp-content\/uploads\/2023\/08\/AA-Jotun-1024x759.jpg",1024,759,true],"1536x1536":["https:\/\/construcaocivil.siriusmarketingedesign.com.br\/wp-content\/uploads\/2023\/08\/AA-Jotun.jpg",1185,878,false],"2048x2048":["https:\/\/construcaocivil.siriusmarketingedesign.com.br\/wp-content\/uploads\/2023\/08\/AA-Jotun.jpg",1185,878,false]},"uagb_author_info":{"display_name":"Jornal da Constru\u00e7\u00e3o Civil","author_link":"https:\/\/construcaocivil.siriusmarketingedesign.com.br\/?author=1"},"uagb_comment_info":0,"uagb_excerpt":"Mais de 12 mil profissionais do setor visitaram o evento, que reuniu no Rio de Janeiro a cadeia do setor mar\u00edtimo na Am\u00e9rica do Sul\u00a0 Agosto, 2023 &#8211; A 17\u00aa edi\u00e7\u00e3o da #Navalshore &#8211; Feira e Confer\u00eancia da Ind\u00fastria Mar\u00edtima foi um n\u00edtido retrato da efervesc\u00eancia que toma conta do setor em fun\u00e7\u00e3o da perspectiva&hellip;","_links":{"self":[{"href":"https:\/\/construcaocivil.siriusmarketingedesign.com.br\/index.php?rest_route=\/wp\/v2\/posts\/22261","targetHints":{"allow":["GET"]}}],"collection":[{"href":"https:\/\/construcaocivil.siriusmarketingedesign.com.br\/index.php?rest_route=\/wp\/v2\/posts"}],"about":[{"href":"https:\/\/construcaocivil.siriusmarketingedesign.com.br\/index.php?rest_route=\/wp\/v2\/types\/post"}],"author":[{"embeddable":true,"href":"https:\/\/construcaocivil.siriusmarketingedesign.com.br\/index.php?rest_route=\/wp\/v2\/users\/1"}],"replies":[{"embeddable":true,"href":"https:\/\/construcaocivil.siriusmarketingedesign.com.br\/index.php?rest_route=%2Fwp%2Fv2%2Fcomments&post=22261"}],"version-history":[{"count":0,"href":"https:\/\/construcaocivil.siriusmarketingedesign.com.br\/index.php?rest_route=\/wp\/v2\/posts\/22261\/revisions"}],"wp:featuredmedia":[{"embeddable":true,"href":"https:\/\/construcaocivil.siriusmarketingedesign.com.br\/index.php?rest_route=\/wp\/v2\/media\/22262"}],"wp:attachment":[{"href":"https:\/\/construcaocivil.siriusmarketingedesign.com.br\/index.php?rest_route=%2Fwp%2Fv2%2Fmedia&parent=22261"}],"wp:term":[{"taxonomy":"category","embeddable":true,"href":"https:\/\/construcaocivil.siriusmarketingedesign.com.br\/index.php?rest_route=%2Fwp%2Fv2%2Fcategories&post=22261"},{"taxonomy":"post_tag","embeddable":true,"href":"https:\/\/construcaocivil.siriusmarketingedesign.com.br\/index.php?rest_route=%2Fwp%2Fv2%2Ftags&post=22261"}],"curies":[{"name":"wp","href":"https:\/\/api.w.org\/{rel}","templated":true}]}}