{"id":22267,"date":"2023-08-28T00:22:15","date_gmt":"2023-08-28T03:22:15","guid":{"rendered":"https:\/\/www.jornaldaconstrucaocivil.com.br\/?p=22267"},"modified":"2023-08-28T00:22:15","modified_gmt":"2023-08-28T03:22:15","slug":"curso-gratuito-firjan-e-naturgy-prorrogam-inscricoes-para-curso-gratuito-de-formacao-em-servicos-de-gas-predial","status":"publish","type":"post","link":"https:\/\/construcaocivil.siriusmarketingedesign.com.br\/?p=22267","title":{"rendered":"Curso Gratuito: Firjan e Naturgy prorrogam inscri\u00e7\u00f5es para curso gratuito de forma\u00e7\u00e3o em servi\u00e7os de g\u00e1s predial"},"content":{"rendered":"<p style=\"text-align: justify;\"><i><strong>Iniciativa oferece 14 vagas com o objetivo de promover a inser\u00e7\u00e3o no mercado de trabalho em uma \u00e1rea que carece de m\u00e3o de obra especializada.<\/strong><\/i><\/p>\n<p>Desenvolvido pela\u00a0<strong>Associacion D\u00eda Solid\u00e1rio\/Naturgy<\/strong>\u00a0e realizado em parceria com a\u00a0<strong>Firjan SENAI SESI<\/strong>, o projeto social &#8220;A Todo G\u00e1s&#8221; est\u00e1 com inscri\u00e7\u00f5es abertas para\u00a0<strong>14 vagas gratuitas no curso de Inspe\u00e7\u00e3o de Vistoria e Alta de Instala\u00e7\u00f5es e Aparelhos a G\u00e1s Prediais<\/strong>. A qualifica\u00e7\u00e3o profissional \u00e9 voltada para pessoas maiores de 18 anos e, preferencialmente, que se identifiquem com o g\u00eanero feminino.\n<\/p>\n<p style=\"text-align: justify;\">O\u00a0<a href=\"https:\/\/s2308.digitalenvios.com\/link.php?code=bDpodHRwcyUzQSUyRiUyRnd3dy5maXJqYW4uY29tLmJyJTJGbHVtaXMlMkZwb3J0YWwlMkZmaWxlJTJGZmlsZURvd25sb2FkLmpzcCUzRmZpbGVJZCUzRDJDOTA4QThBODlEMEIxQzYwMThBMTg1RjMzQTc3MzY2OjIzMzMwMTYzODY6cmVkYWNhb0Bqb3JuYWxkYWNvbnN0cnVjYW9jaXZpbC5jb20uYnI6NmE1N2U4OjU1\" target=\"_blank\" rel=\"noopener noreferrer\"><u>edital de sele\u00e7\u00e3o atualizado est\u00e1 dispon\u00edvel no site da Firjan<\/u><\/a>\u00a0e\u00a0<strong>as inscri\u00e7\u00f5es acontecem at\u00e9 31\/08<\/strong>\u00a0de forma presencial na Firjan SENAI Tijuca, por ordem de chegada.\u00a0<strong>O in\u00edcio das aulas est\u00e1 previsto para 18\/09<\/strong>\u00a0e a dura\u00e7\u00e3o estimada \u00e9 de quatro meses. Os encontros ser\u00e3o realizados na Firjan SENAI Tijuca, de segunda a sexta-feira, no per\u00edodo diurno, de 8h \u00e0s 12h.\n<\/p>\n<p style=\"text-align: justify;\">O objetivo \u00e9 qualificar os participantes em servi\u00e7os de fornecimento de g\u00e1s predial. As vagas ser\u00e3o preenchidas de acordo com crit\u00e9rios m\u00ednimos, devidamente comprovados, conforme prev\u00ea o edital.\n<\/p>\n<p style=\"text-align: justify;\"><span style=\"color: #ff0000;\"><strong>Sobre o projeto &#8220;A Todo G\u00e1s&#8221;<\/strong><\/span>\n<\/p>\n<p style=\"text-align: justify;\">Esta \u00e9 mais uma turma que comp\u00f5e o projeto, que teve seu in\u00edcio em novembro de 2022. A iniciativa tem como finalidade promover a inclus\u00e3o social, capacitando os participantes (mulheres e, tamb\u00e9m, homens) em uma \u00e1rea que tem grande necessidade de m\u00e3o de obra especializada.\n<\/p>\n<p style=\"text-align: justify;\">Al\u00e9m disso, a experi\u00eancia anterior do <strong><span style=\"color: #0000ff;\">&#8220;A Todo G\u00e1s&#8221;<\/span><\/strong> possibilitou que participantes tivessem acesso \u00e0 metodologia de Acompanhamento para o Desenvolvimento Humano, que tem por fim promover o desenvolvimento social dos participantes do projeto, atrav\u00e9s do fortalecimento de compet\u00eancias socioemocionais.\n<\/p>\n<p style=\"text-align: justify;\">&#8220;O projeto tem abordado com os participantes temas transversais, relacionados \u00e0 forma\u00e7\u00e3o cidad\u00e3, elevando o potencial de empregabilidade, contribuindo para o desenvolvimento integral delas e delas&#8221;, destacou\u00a0<strong>Eliane Damasceno<\/strong>,\u00a0<strong>coordenadora de projetos integrados de Responsabilidade Social da Firjan SESI<\/strong>.<\/p>\n","protected":false},"excerpt":{"rendered":"<p>Iniciativa oferece 14 vagas com o objetivo de promover a inser\u00e7\u00e3o no mercado de trabalho em uma \u00e1rea que carece de m\u00e3o de obra especializada. Desenvolvido pela\u00a0Associacion D\u00eda Solid\u00e1rio\/Naturgy\u00a0e realizado em parceria com a\u00a0Firjan SENAI SESI, o projeto social &#8220;A Todo G\u00e1s&#8221; est\u00e1 com inscri\u00e7\u00f5es abertas para\u00a014 vagas gratuitas no curso de Inspe\u00e7\u00e3o de Vistoria [&hellip;]<\/p>\n","protected":false},"author":1,"featured_media":22268,"comment_status":"open","ping_status":"open","sticky":false,"template":"","format":"standard","meta":{"_uag_custom_page_level_css":"","footnotes":""},"categories":[27],"tags":[24723,25671,3919,25672,23561,5177],"class_list":["post-22267","post","type-post","status-publish","format-standard","has-post-thumbnail","hentry","category-acontece","tag-construcaocivil","tag-curso-predial-de-gas","tag-edificacoes","tag-empregos-cursos-gratuitos","tag-firjan-senai","tag-formacao-profissional"],"blocksy_meta":[],"spectra_blocks_featured_image_url":{"thumbnail":{"url":"https:\/\/construcaocivil.siriusmarketingedesign.com.br\/wp-content\/uploads\/2023\/08\/ina-150x150.jpg","width":150,"height":150},"medium":{"url":"https:\/\/construcaocivil.siriusmarketingedesign.com.br\/wp-content\/uploads\/2023\/08\/ina-300x200.jpg","width":300,"height":200},"medium_large":{"url":"https:\/\/construcaocivil.siriusmarketingedesign.com.br\/wp-content\/uploads\/2023\/08\/ina-768x513.jpg","width":768,"height":513},"large":{"url":"https:\/\/construcaocivil.siriusmarketingedesign.com.br\/wp-content\/uploads\/2023\/08\/ina-1024x684.jpg","width":1024,"height":684},"full":{"url":"https:\/\/construcaocivil.siriusmarketingedesign.com.br\/wp-content\/uploads\/2023\/08\/ina.jpg","width":2000,"height":1335}},"spectra_blocks_author_info":{"display_name":"Jornal da Constru\u00e7\u00e3o Civil","avatar_url":"https:\/\/secure.gravatar.com\/avatar\/973c9774fd44ddaceb026973c4962faa70fc512bc4c9da68e8ebb40fecee6540?s=96&d=mm&r=g","author_link":"https:\/\/construcaocivil.siriusmarketingedesign.com.br\/?author=1","description":"Desde de 2013, levando muitas informa\u00e7\u00f5es, lan\u00e7amentos e produtos de qualidade para toda cadeia produtiva da constru\u00e7\u00e3o. O Futuro da constru\u00e7\u00e3o passa por aqui,"},"uagb_featured_image_src":{"full":["https:\/\/construcaocivil.siriusmarketingedesign.com.br\/wp-content\/uploads\/2023\/08\/ina.jpg",2000,1335,false],"thumbnail":["https:\/\/construcaocivil.siriusmarketingedesign.com.br\/wp-content\/uploads\/2023\/08\/ina-150x150.jpg",150,150,true],"medium":["https:\/\/construcaocivil.siriusmarketingedesign.com.br\/wp-content\/uploads\/2023\/08\/ina-300x200.jpg",300,200,true],"medium_large":["https:\/\/construcaocivil.siriusmarketingedesign.com.br\/wp-content\/uploads\/2023\/08\/ina-768x513.jpg",768,513,true],"large":["https:\/\/construcaocivil.siriusmarketingedesign.com.br\/wp-content\/uploads\/2023\/08\/ina-1024x684.jpg",1024,684,true],"1536x1536":["https:\/\/construcaocivil.siriusmarketingedesign.com.br\/wp-content\/uploads\/2023\/08\/ina-1536x1025.jpg",1536,1025,true],"2048x2048":["https:\/\/construcaocivil.siriusmarketingedesign.com.br\/wp-content\/uploads\/2023\/08\/ina.jpg",2000,1335,false]},"uagb_author_info":{"display_name":"Jornal da Constru\u00e7\u00e3o Civil","author_link":"https:\/\/construcaocivil.siriusmarketingedesign.com.br\/?author=1"},"uagb_comment_info":0,"uagb_excerpt":"Iniciativa oferece 14 vagas com o objetivo de promover a inser\u00e7\u00e3o no mercado de trabalho em uma \u00e1rea que carece de m\u00e3o de obra especializada. Desenvolvido pela\u00a0Associacion D\u00eda Solid\u00e1rio\/Naturgy\u00a0e realizado em parceria com a\u00a0Firjan SENAI SESI, o projeto social &#8220;A Todo G\u00e1s&#8221; est\u00e1 com inscri\u00e7\u00f5es abertas para\u00a014 vagas gratuitas no curso de Inspe\u00e7\u00e3o de Vistoria&hellip;","_links":{"self":[{"href":"https:\/\/construcaocivil.siriusmarketingedesign.com.br\/index.php?rest_route=\/wp\/v2\/posts\/22267","targetHints":{"allow":["GET"]}}],"collection":[{"href":"https:\/\/construcaocivil.siriusmarketingedesign.com.br\/index.php?rest_route=\/wp\/v2\/posts"}],"about":[{"href":"https:\/\/construcaocivil.siriusmarketingedesign.com.br\/index.php?rest_route=\/wp\/v2\/types\/post"}],"author":[{"embeddable":true,"href":"https:\/\/construcaocivil.siriusmarketingedesign.com.br\/index.php?rest_route=\/wp\/v2\/users\/1"}],"replies":[{"embeddable":true,"href":"https:\/\/construcaocivil.siriusmarketingedesign.com.br\/index.php?rest_route=%2Fwp%2Fv2%2Fcomments&post=22267"}],"version-history":[{"count":0,"href":"https:\/\/construcaocivil.siriusmarketingedesign.com.br\/index.php?rest_route=\/wp\/v2\/posts\/22267\/revisions"}],"wp:featuredmedia":[{"embeddable":true,"href":"https:\/\/construcaocivil.siriusmarketingedesign.com.br\/index.php?rest_route=\/wp\/v2\/media\/22268"}],"wp:attachment":[{"href":"https:\/\/construcaocivil.siriusmarketingedesign.com.br\/index.php?rest_route=%2Fwp%2Fv2%2Fmedia&parent=22267"}],"wp:term":[{"taxonomy":"category","embeddable":true,"href":"https:\/\/construcaocivil.siriusmarketingedesign.com.br\/index.php?rest_route=%2Fwp%2Fv2%2Fcategories&post=22267"},{"taxonomy":"post_tag","embeddable":true,"href":"https:\/\/construcaocivil.siriusmarketingedesign.com.br\/index.php?rest_route=%2Fwp%2Fv2%2Ftags&post=22267"}],"curies":[{"name":"wp","href":"https:\/\/api.w.org\/{rel}","templated":true}]}}