{"id":22273,"date":"2023-08-29T00:03:12","date_gmt":"2023-08-29T03:03:12","guid":{"rendered":"https:\/\/www.jornaldaconstrucaocivil.com.br\/?p=22273"},"modified":"2023-08-29T00:03:12","modified_gmt":"2023-08-29T03:03:12","slug":"vedacit-e-museu-da-pessoa-projeto-mulheres-na-construcao-civil","status":"publish","type":"post","link":"https:\/\/construcaocivil.siriusmarketingedesign.com.br\/?p=22273","title":{"rendered":"Vedacit e Museu da Pessoa projeto &#8220;Mulheres na constru\u00e7\u00e3o civil&#8221;"},"content":{"rendered":"<p style=\"text-align: justify;\"><span style=\"color: #993300;\"><strong><i>Em v\u00eddeos curtos com hist\u00f3rias que se complementam, oito profissionais compartilham viv\u00eancias, desafios e conquistas em suas jornadas na constru\u00e7\u00e3o<\/i><\/strong><\/span><\/p>\n<p style=\"text-align: justify;\">Agosto, 2023 &#8211; A #Vedacit, l\u00edder no mercado de impermeabiliza\u00e7\u00e3o, em parceria com o Museu da Pessoa, museu virtual e colaborativo de hist\u00f3rias de vida, lan\u00e7a o projeto \u201cMulheres na Constru\u00e7\u00e3o Civil\u201d. O objetivo \u00e9 dar visibilidade \u00e0s profissionais e suas jornadas. S\u00e3o hist\u00f3rias curtas que se complementam, especialmente sobre o desafio que as mulheres enfrentam na profiss\u00e3o.<\/p>\n<p style=\"text-align: justify;\">Daniela Sartorato, gerente de Marca e Relacionamento com o Consumidor da Vedacit, destaca que a a\u00e7\u00e3o faz parte da jornada de Diversidade e Inclus\u00e3o da marca. \u201cEste projeto d\u00e1 visibilidade \u00e0s mulheres que s\u00e3o fortes, desempenham um papel de destaque em casa e na profiss\u00e3o que escolheram, contribuindo ativamente para transformar o cen\u00e1rio para as pr\u00f3ximas gera\u00e7\u00f5es. Recentemente, lan\u00e7amos o Ela na Obra\u00a0para as redes sociais, focando no protagonismo da mulher na constru\u00e7\u00e3o civil\u00a0e, agora, essa a\u00e7\u00e3o com a parceria do Museu da Pessoa\u201d, afirma.<\/p>\n<p style=\"text-align: justify;\">Entre 2007 e 2018, o n\u00famero de mulheres que atuam na constru\u00e7\u00e3o civil cresceu 120%, segundo dados do IBGE (Instituto Brasileiro de Geografia e Estat\u00edstica) compartilhados pelo\u00a0<a href=\"https:\/\/sebrae.com.br\/sites\/PortalSebrae\/artigos\/mulheres-na-construcao-civil-avancos-e-desafios,7989a9ff2cdaf710VgnVCM100000d701210aRCRD\" target=\"_blank\" rel=\"noopener noreferrer\">Sebrae<\/a>\u00a0(Servi\u00e7o Brasileiro de Apoio \u00e0s Micro e Pequenas Empresas).<\/p>\n<p>https:\/\/www.youtube.com\/watch?v=ve2lNIfBqVs&#038;list=PLNmMebIWRxUarCabIouLDl6nn4TvJmZO9&#038;index=6<\/p>\n<p style=\"text-align: justify;\">&#8220;O projeto ilumina as experi\u00eancias \u00fanicas e intransfer\u00edveis de mulheres num ramo comumente atrelado ao p\u00fablico masculino. Da\u00ed segue a import\u00e2ncia em mostrar n\u00e3o s\u00f3 a presen\u00e7a dessas mulheres na constru\u00e7\u00e3o civil, bem como a diversidade de cargos e fun\u00e7\u00f5es que elas j\u00e1 dominam e cumprem neste mercado. Pensamos ser uma forma de inspirar outras mulheres a investirem nessas carreiras&#8221;, diz Lucas Torigoe, coordenador de pesquisa do Museu da Pessoa.<\/p>\n<p style=\"text-align: justify;\">Os v\u00eddeos pertencentes ao projeto est\u00e3o dispon\u00edveis no site do\u00a0<a href=\"https:\/\/museudapessoa.org\/colecao-detalhe\/?id=1511\" target=\"_blank\" rel=\"noopener noreferrer\">Museu da Pessoa<\/a>\u00a0e no canal do Museu no\u00a0<a href=\"https:\/\/youtube.com\/playlist?list=PLNmMebIWRxUarCabIouLDl6nn4TvJmZO9&amp;si=VzbkMNK4E2UBH3_1\" target=\"_blank\" rel=\"noopener noreferrer\">YouTube<\/a>.<\/p>\n<p style=\"text-align: justify;\"><span style=\"color: #993300;\">Confira a seguir um resumo das protagonistas e suas hist\u00f3rias:<\/span><\/p>\n<p style=\"text-align: justify;\"><strong>Maria Am\u00e9lia Silveira (IBI\/ABNT)<\/strong>\u00a0&#8211; Engenheira Civil de S\u00e3o Paulo (SP), Maria \u00e9 formada pela EPUSP (Escola Polit\u00e9cnica da Universidade de S\u00e3o Paulo), s\u00f3cia-fundadora do IBI (Instituto Brasileiro de Impermeabiliza\u00e7\u00e3o) e coordenadora do 7\u00ba Simp\u00f3sio Brasileiro de Impermeabiliza\u00e7\u00e3o em 1991, em S\u00e3o Paulo. Tamb\u00e9m \u00e9 gestora do ABNT\/CB-022 (Comit\u00ea Brasileiro de Impermeabiliza\u00e7\u00e3o) e consultora na \u00e1rea de impermeabiliza\u00e7\u00e3o pela MAS Engenharia nas atividades de assessoria em obras, projetos de impermeabiliza\u00e7\u00e3o e per\u00edcia t\u00e9cnica.<\/p>\n<p style=\"text-align: justify;\"><strong>Sandra Bernardes (Design &amp; Conforto)\u00a0<\/strong>&#8211; A profissional atua como gestora de Obras e Capacita\u00e7\u00e3o em S\u00e3o Paulo (SP) e como designer de interiores. M\u00e3e de dois meninos e vi\u00fava, Sandra \u00e9 determinada e exigente. Entrou na faculdade aos 39 anos e criou uma escola para formar mulheres.<\/p>\n<p style=\"text-align: justify;\"><strong>M\u00e1rcia Cristina dos Santos Silva<\/strong>\u00a0&#8211; A carioca M\u00e1rcia Cristina Santos da Silva \u00e9 a primeira mestre de obras do Brasil. O pai de Silva era pedreiro e aprendeu com ele a pr\u00e1tica da profiss\u00e3o, mesmo contra a vontade do ex-marido.<\/p>\n<p style=\"text-align: justify;\"><strong>Maria do Amparo Xavier (Maria Pioneira)<\/strong>\u00a0&#8211; Maria do Amparo Xavier \u00e9 a primeira mestre de obras do estado da Bahia e sonha em ver mais mulheres tomando os canteiros. Maria emprestou seu nome ao projeto \u2018Marias na Constru\u00e7\u00e3o\u2019 que capacita mulheres para trabalhar em Salvador. O caminho de 49 anos no setor come\u00e7ou cedo, aos 14 anos. A escolha pela constru\u00e7\u00e3o civil partiu de um sonho de Maria, que queria dar a sua fam\u00edlia, natural de Camassandi, no munic\u00edpio de Jaguaribe (BA), uma vida melhor.<\/p>\n<p style=\"text-align: justify;\"><strong>Priscila Vaiciunas (Manas \u00e0 obra) &#8211;<\/strong>\u00a0Priscila \u00e9 t\u00e9cnica em edifica\u00e7\u00f5es em S\u00e3o Paulo (SP) e reescreve hist\u00f3rias de casas. A profissional concluiu sua forma\u00e7\u00e3o pela Etec (Escola T\u00e9cnica Estadual) Carlos de Campos, em 2004, atua com reparos e fundou a \u201cManas\u201d em 2015.<\/p>\n<p style=\"text-align: justify;\"><strong>Joana C\u00e9sar Magalh\u00e3es (Coletivo Levante e Hemisf\u00e9rio Arquitetura e Urbanismo)<\/strong>\u00a0&#8211; Joana \u00e9 arquiteta e cofundadora do Hemisf\u00e9rio Arquitetura e Urbanismo, que desenvolve projetos de arquitetura e design com foco em iniciativas respons\u00e1veis que envolvam p\u00fablico, paisagem, hist\u00f3ria e contexto urbano. Ao lado do arquiteto Fernando Maculan projetou na favela Aglomerado da Serra, regi\u00e3o sul de Belo Horizonte (MG), a \u201cCasa do Pomar do Cafezal\u201d ou \u201cBarraco do Kdu\u201d, que ganhou a \u201cCasa do Ano\u201d, na premia\u00e7\u00e3o internacional de arquitetura ArchDaily.<\/p>\n<p style=\"text-align: justify;\"><strong>Cristiane Marian (Womma Engenharia de Mulheres)<\/strong>\u00a0&#8211; Engenheira de Humanas, formada em Engenharia Civil, especialista em BIM (Modelagem\/Modela\u00e7\u00e3o da Informa\u00e7\u00e3o da Constru\u00e7\u00e3o ou Modelo da Informa\u00e7\u00e3o da Constru\u00e7\u00e3o), Cristiane \u00e9 t\u00e9cnica em refrigera\u00e7\u00e3o e ar-condicionado e t\u00e9cnica em edifica\u00e7\u00f5es. \u00c9 fundadora da Womma Engenharia de Mulheres, autora do Curso Maestria na Engenharia e Tr\u00edade da Gest\u00e3o de Obras e criadora do canal no YouTube: \u201cElas na Obra\u201d.<\/p>\n<p style=\"text-align: justify;\"><strong>Sandra Valentim<\/strong>\u00a0&#8211; Natural de Governador Valadares (MG), Valentim largou o Direito e se tornou Mestre de Obras ap\u00f3s a morte do pai, em 2009. Atualmente, cuida da gest\u00e3o de obras de alto padr\u00e3o e compartilha seu trabalho nas redes sociais.<\/p>\n<p style=\"text-align: justify;\"><em>A produ\u00e7\u00e3o desta cole\u00e7\u00e3o foi viabilizada pela Lei Estadual de Incentivo \u00e0 Cultura do Estado de S\u00e3o Paulo (ProAC 29.670) com patroc\u00ednio da Vedacit e realiza\u00e7\u00e3o do Museu da Pessoa.<\/em><\/p>\n<p><span style=\"color: #0000ff;\"><strong>www.vedacit.com.br &#8211; 0800-833-2248<\/strong><\/span><\/p>\n<div style=\"text-align: justify;\"><\/div>\n","protected":false},"excerpt":{"rendered":"<p>Em v\u00eddeos curtos com hist\u00f3rias que se complementam, oito profissionais compartilham viv\u00eancias, desafios e conquistas em suas jornadas na constru\u00e7\u00e3o Agosto, 2023 &#8211; A #Vedacit, l\u00edder no mercado de impermeabiliza\u00e7\u00e3o, em parceria com o Museu da Pessoa, museu virtual e colaborativo de hist\u00f3rias de vida, lan\u00e7a o projeto \u201cMulheres na Constru\u00e7\u00e3o Civil\u201d. O objetivo \u00e9 [&hellip;]<\/p>\n","protected":false},"author":1,"featured_media":22274,"comment_status":"open","ping_status":"open","sticky":false,"template":"","format":"standard","meta":{"_uag_custom_page_level_css":"","footnotes":""},"categories":[27],"tags":[25156,25675,25676,2826,12233],"class_list":["post-22273","post","type-post","status-publish","format-standard","has-post-thumbnail","hentry","category-acontece","tag-mulheresnaengenharia","tag-museudapessoa","tag-produtosparaobras","tag-construcao-civil","tag-vedacit"],"blocksy_meta":[],"spectra_blocks_featured_image_url":{"thumbnail":{"url":"https:\/\/construcaocivil.siriusmarketingedesign.com.br\/wp-content\/uploads\/2023\/08\/post-Mulheres-Construcao-Civil-1-150x150.jpg","width":150,"height":150},"medium":{"url":"https:\/\/construcaocivil.siriusmarketingedesign.com.br\/wp-content\/uploads\/2023\/08\/post-Mulheres-Construcao-Civil-1-300x300.jpg","width":300,"height":300},"medium_large":{"url":"https:\/\/construcaocivil.siriusmarketingedesign.com.br\/wp-content\/uploads\/2023\/08\/post-Mulheres-Construcao-Civil-1-768x768.jpg","width":768,"height":768},"large":{"url":"https:\/\/construcaocivil.siriusmarketingedesign.com.br\/wp-content\/uploads\/2023\/08\/post-Mulheres-Construcao-Civil-1-1024x1024.jpg","width":1024,"height":1024},"full":{"url":"https:\/\/construcaocivil.siriusmarketingedesign.com.br\/wp-content\/uploads\/2023\/08\/post-Mulheres-Construcao-Civil-1.jpg","width":1080,"height":1080}},"spectra_blocks_author_info":{"display_name":"Jornal da Constru\u00e7\u00e3o Civil","avatar_url":"https:\/\/secure.gravatar.com\/avatar\/973c9774fd44ddaceb026973c4962faa70fc512bc4c9da68e8ebb40fecee6540?s=96&d=mm&r=g","author_link":"https:\/\/construcaocivil.siriusmarketingedesign.com.br\/?author=1","description":"Desde de 2013, levando muitas informa\u00e7\u00f5es, lan\u00e7amentos e produtos de qualidade para toda cadeia produtiva da constru\u00e7\u00e3o. O Futuro da constru\u00e7\u00e3o passa por aqui,"},"uagb_featured_image_src":{"full":["https:\/\/construcaocivil.siriusmarketingedesign.com.br\/wp-content\/uploads\/2023\/08\/post-Mulheres-Construcao-Civil-1.jpg",1080,1080,false],"thumbnail":["https:\/\/construcaocivil.siriusmarketingedesign.com.br\/wp-content\/uploads\/2023\/08\/post-Mulheres-Construcao-Civil-1-150x150.jpg",150,150,true],"medium":["https:\/\/construcaocivil.siriusmarketingedesign.com.br\/wp-content\/uploads\/2023\/08\/post-Mulheres-Construcao-Civil-1-300x300.jpg",300,300,true],"medium_large":["https:\/\/construcaocivil.siriusmarketingedesign.com.br\/wp-content\/uploads\/2023\/08\/post-Mulheres-Construcao-Civil-1-768x768.jpg",768,768,true],"large":["https:\/\/construcaocivil.siriusmarketingedesign.com.br\/wp-content\/uploads\/2023\/08\/post-Mulheres-Construcao-Civil-1-1024x1024.jpg",1024,1024,true],"1536x1536":["https:\/\/construcaocivil.siriusmarketingedesign.com.br\/wp-content\/uploads\/2023\/08\/post-Mulheres-Construcao-Civil-1.jpg",1080,1080,false],"2048x2048":["https:\/\/construcaocivil.siriusmarketingedesign.com.br\/wp-content\/uploads\/2023\/08\/post-Mulheres-Construcao-Civil-1.jpg",1080,1080,false]},"uagb_author_info":{"display_name":"Jornal da Constru\u00e7\u00e3o Civil","author_link":"https:\/\/construcaocivil.siriusmarketingedesign.com.br\/?author=1"},"uagb_comment_info":0,"uagb_excerpt":"Em v\u00eddeos curtos com hist\u00f3rias que se complementam, oito profissionais compartilham viv\u00eancias, desafios e conquistas em suas jornadas na constru\u00e7\u00e3o Agosto, 2023 &#8211; A #Vedacit, l\u00edder no mercado de impermeabiliza\u00e7\u00e3o, em parceria com o Museu da Pessoa, museu virtual e colaborativo de hist\u00f3rias de vida, lan\u00e7a o projeto \u201cMulheres na Constru\u00e7\u00e3o Civil\u201d. O objetivo \u00e9&hellip;","_links":{"self":[{"href":"https:\/\/construcaocivil.siriusmarketingedesign.com.br\/index.php?rest_route=\/wp\/v2\/posts\/22273","targetHints":{"allow":["GET"]}}],"collection":[{"href":"https:\/\/construcaocivil.siriusmarketingedesign.com.br\/index.php?rest_route=\/wp\/v2\/posts"}],"about":[{"href":"https:\/\/construcaocivil.siriusmarketingedesign.com.br\/index.php?rest_route=\/wp\/v2\/types\/post"}],"author":[{"embeddable":true,"href":"https:\/\/construcaocivil.siriusmarketingedesign.com.br\/index.php?rest_route=\/wp\/v2\/users\/1"}],"replies":[{"embeddable":true,"href":"https:\/\/construcaocivil.siriusmarketingedesign.com.br\/index.php?rest_route=%2Fwp%2Fv2%2Fcomments&post=22273"}],"version-history":[{"count":0,"href":"https:\/\/construcaocivil.siriusmarketingedesign.com.br\/index.php?rest_route=\/wp\/v2\/posts\/22273\/revisions"}],"wp:featuredmedia":[{"embeddable":true,"href":"https:\/\/construcaocivil.siriusmarketingedesign.com.br\/index.php?rest_route=\/wp\/v2\/media\/22274"}],"wp:attachment":[{"href":"https:\/\/construcaocivil.siriusmarketingedesign.com.br\/index.php?rest_route=%2Fwp%2Fv2%2Fmedia&parent=22273"}],"wp:term":[{"taxonomy":"category","embeddable":true,"href":"https:\/\/construcaocivil.siriusmarketingedesign.com.br\/index.php?rest_route=%2Fwp%2Fv2%2Fcategories&post=22273"},{"taxonomy":"post_tag","embeddable":true,"href":"https:\/\/construcaocivil.siriusmarketingedesign.com.br\/index.php?rest_route=%2Fwp%2Fv2%2Ftags&post=22273"}],"curies":[{"name":"wp","href":"https:\/\/api.w.org\/{rel}","templated":true}]}}