{"id":22276,"date":"2023-08-29T00:17:16","date_gmt":"2023-08-29T03:17:16","guid":{"rendered":"https:\/\/www.jornaldaconstrucaocivil.com.br\/?p=22276"},"modified":"2023-08-29T00:17:16","modified_gmt":"2023-08-29T03:17:16","slug":"encontro-nacional-da-ceramica-fomenta-inovacao-para-industrias-do-nordeste","status":"publish","type":"post","link":"https:\/\/construcaocivil.siriusmarketingedesign.com.br\/?p=22276","title":{"rendered":"Encontro Nacional da cer\u00e2mica fomenta inova\u00e7\u00e3o para ind\u00fastrias do Nordeste"},"content":{"rendered":"<p class=\"v1MsoNormal\" style=\"text-align: justify;\"><b><i>Com programa\u00e7\u00e3o voltada ao mercado, evento promete ajudar o produtor de cer\u00e2mica estrutural a alavancar suas vendas<\/i><\/b><\/p>\n<p class=\"v1MsoNormal\" style=\"text-align: justify;\">O 50\u00ba Encontro Nacional da Ind\u00fastria de Cer\u00e2mica Vermelha, que acontecer\u00e1 de 25 a 27 de outubro de 2023, na cidade de Fortaleza, no Cear\u00e1, promete superar as metas alcan\u00e7adas em suas \u00faltimas edi\u00e7\u00f5es, j\u00e1 que empres\u00e1rios de todo o Brasil \u2013 com destaque para a regi\u00e3o nordeste &#8211; e do continente sul americano, voltam suas aten\u00e7\u00f5es para a programa\u00e7\u00e3o do evento.<\/p>\n<p class=\"v1MsoNormal\" style=\"text-align: justify;\">Diante de um aceno importante de que a economia come\u00e7a a voltar aos trilhos, o 50\u00ba Encontro Nacional promete ser a oportunidade perfeita para a gera\u00e7\u00e3o de neg\u00f3cios e atualiza\u00e7\u00e3o de tecnologias e conhecimento. As associa\u00e7\u00f5es de cer\u00e2mica do Paraguai, Argentina e Col\u00f4mbia, foram convidadas para que se juntem \u00e0 Anicer no esfor\u00e7o de impulsionar a participa\u00e7\u00e3o dos ceramistas dos pa\u00edses vizinhos no encontro. Al\u00e9m disso, o sindicato de cer\u00e2mica do Cear\u00e1 \u2013 Sindcer\u00e2mica &#8211; est\u00e1 mobilizando seus parceiros e associados para que participem dos F\u00f3runs e Minicursos do evento.<\/p>\n<p class=\"v1MsoNormal\" style=\"text-align: justify;\">Para o presidente do Sindcer\u00e2mica\/CE, Marcelo Tavares, a realiza\u00e7\u00e3o do evento no estado trar\u00e1 muitas oportunidades \u00e0s cer\u00e2micas da regi\u00e3o.\u00a0<i>\u201cAp\u00f3s o hiato da pandemia, voltamos com o Encontro Nacional, desta vez, aqui em Fortaleza, cidade tur\u00edstica. Vai ser uma a\u00e7\u00e3o importante para ver as novidades do setor, as perspectivas do mercado e trocar experi\u00eancias\u201d.<\/i><\/p>\n<h2 style=\"text-align: justify;\">Espa\u00e7o de Neg\u00f3cios<\/h2>\n<p class=\"v1MsoNormal\" style=\"text-align: justify;\">Local escolhido para a realiza\u00e7\u00e3o do Encontro, o Centro de Eventos do Cear\u00e1 receber\u00e1 os visitantes, que poder\u00e3o entrar em contato com o que h\u00e1 de mais moderno no mercado. Mais de 50 marcas j\u00e1 confirmaram seus espa\u00e7os, do Brasil, EUA e Europa, e prometem apresentar aos ceramistas as novidades em m\u00e1quinas e equipamentos para a ind\u00fastria.<\/p>\n<p class=\"v1MsoNormal\" style=\"text-align: justify;\">Uma das a\u00e7\u00f5es mais aguardadas dentro da programa\u00e7\u00e3o do Encontro Nacional, o Espa\u00e7o de Neg\u00f3cios se confirma como uma importante vitrine de inova\u00e7\u00e3o e tecnologia para os ceramistas que migram de todas as regi\u00f5es do pa\u00eds para reciclar o seu conhecimento sobre o setor e investir na moderniza\u00e7\u00e3o de suas f\u00e1bricas.\u00a0<i>\u201cAcredito que, fortalecendo os ceramistas e lhes proporcionando conhecimento e instru\u00e7\u00f5es de mercado, impulsionamos tamb\u00e9m boas perspectivas de neg\u00f3cios para o nosso setor. Por isso, espero encontrar muitos ceramistas, de todas as regi\u00f5es do Brasil, em nosso evento\u201d,<\/i>\u00a0avalia o presidente da Anicer, Waldyr de Moraes.<\/p>\n<p class=\"v1MsoNormal\" style=\"text-align: justify;\">Entre os expositores confirmados est\u00e3o: Dilkin M\u00e1quinas, Rogesesi, Unicer, RGMaq, Fibertherm, Anfamec, Ra\u00e7a M\u00e1quinas, Natreb, Reinaldo H\u00e9lice, Direxa, Filiere, Boqcer, Cosmec, Bonfanti, Zucco, MBR, Crecer, Torato Automa\u00e7\u00e3o, FCR, NTC, LTM Automa\u00e7\u00e3o, Alfamaq, FARB, Metal\u00fargica Vargas, Formattec, Kromaq, Tecnocer, MD Metal\u00fargica, Saminas, Pneucorte, Bertan, DGB Rolamentos, Central das Correias, Giacom, M\u00e1quinas Man, Fire, Cer\u00e2mic Sistemas, H3 Solar, Bernini Impianti, Verd\u00e9s, Artec, F1 Pack, Metalc\u00e9rtima, Rolim\u00e3o Rolamentos, Fornecedora M\u00e1quinas, DCDN Expo, 2W Ecobank, Esfera Energia, Anicer e Sindcer\u00e2mica-CE.<\/p>\n<p class=\"v1MsoNormal\" style=\"text-align: justify;\"><b>F\u00f3runs e Minicursos com foco na atualidade<\/b><\/p>\n<p class=\"v1MsoNormal\" style=\"text-align: justify;\">Especialistas de diversas \u00e1reas de conhecimento abordam quest\u00f5es relacionadas ao segmento. Ser\u00e3o tr\u00eas F\u00f3runs e sete Minicursos, coordenados por profissionais de diversas \u00e1reas de conhecimento, que ir\u00e3o abordar temas relacionados ao setor cer\u00e2mico. Entre os palestrantes, destaque para o economista Roberto Padovani, que vai tratar sobre o tema \u201cEconomia brasileira e os pr\u00f3ximos 4 anos\u201d. J\u00e1 os temas: mercado livre de energia, marketing de vendas, inova\u00e7\u00e3o em equipamentos e sustentabilidade, tamb\u00e9m fazem parte da programa\u00e7\u00e3o t\u00e9cnica do Encontro.<\/p>\n<h2 style=\"text-align: justify;\">Cer\u00e2micas Afonso e Assun\u00e7\u00e3o se preparam para receber as Visitas T\u00e9cnicas<\/h2>\n<p class=\"v1MsoNormal\" style=\"text-align: justify;\">Como em todos os anos, a Visita T\u00e9cnica \u00e9 uma boa oportunidade de conhecer de perto o funcionamento de ind\u00fastrias cer\u00e2micas do estado anfitri\u00e3o. Este ano, contaremos com visitas a duas cer\u00e2micas de destaque na regi\u00e3o.<\/p>\n<p class=\"v1MsoNormal\" style=\"text-align: justify;\">As Visitas T\u00e9cnicas ser\u00e3o realizadas na manh\u00e3 dos dias 26 e 27 de outubro e as empresas escolhidas foram: Cer\u00e2mica Afonso e Cer\u00e2mica Assun\u00e7\u00e3o.<\/p>\n<p class=\"v1MsoNormal\" style=\"text-align: justify;\">Localizada em Canind\u00e9, a Cer\u00e2mica Afonso possui onze anos de hist\u00f3ria e fabrica blocos de veda\u00e7\u00e3o e elemento para laje, com a colabora\u00e7\u00e3o de 54 funcion\u00e1rios.\u00a0<i>\u201cA Afonso \u00e9 uma empresa que busca com efici\u00eancia e efic\u00e1cia a melhoria cont\u00ednua em seus processos produtivos\u201d,\u00a0<\/i>explica Afonso Conde.<\/p>\n<p class=\"v1MsoNormal\" style=\"text-align: justify;\">J\u00e1 a Cer\u00e2mica Assun\u00e7\u00e3o, fundada em 1973, foi adquirida pelo Grupo Tavares em 1995, em um leil\u00e3o ap\u00f3s a fal\u00eancia, tendo sido ampliada desde ent\u00e3o. A f\u00e1brica possui um forno Hoffmann e um forno C\u00e2mara. Com uma produ\u00e7\u00e3o mensal de 3.800 toneladas, a Assun\u00e7\u00e3o fabrica blocos 9x19x19, 14x19x29 e 14x19x39, al\u00e9m de laje H8, com a colabora\u00e7\u00e3o de 40 funcion\u00e1rios. Cuidando sempre da qualidade dos seus produtos, a cer\u00e2mica det\u00e9m o selo do Programa Setorial da Qualidade \u2013 PSQ.\u00a0<i>\u201cNa visita \u00e0 Cer\u00e2mica Assun\u00e7\u00e3o, o ceramista vai encontrar tecnologia e inova\u00e7\u00e3o em uma f\u00e1brica que possui meio s\u00e9culo de exist\u00eancia\u201d,<\/i>\u00a0conta Marcelo Tavares.<\/p>\n<p class=\"v1MsoNormal\" style=\"text-align: justify;\">O 50\u00ba Encontro Nacional \u00e9 uma realiza\u00e7\u00e3o da Anicer, com co-realiza\u00e7\u00e3o do Sindcer\u00e2mica\/CE, apoio da Anfamec e patroc\u00ednio do Sebrae, Federa\u00e7\u00e3o das Ind\u00fastrias do Estado do Cear\u00e1 \u2013 FIEC e Confedera\u00e7\u00e3o Nacional da Ind\u00fastria \u2013 CNI, atrav\u00e9s do Sesi e Senai.<\/p>\n<p class=\"v1MsoNormal\" style=\"text-align: justify;\">Acesse o hotsite do evento e fique por dentro de todas as novidades:\u00a0<a href=\"https:\/\/www.anicer.com.br\/e50\/\" target=\"_blank\" rel=\"noopener noreferrer\">https:\/\/www.anicer.com.br\/e50\/<\/a><\/p>\n<p class=\"v1MsoNoSpacing\" style=\"text-align: justify;\"><b>\u00a0<\/b><b>SERVI\u00c7O<\/b><\/p>\n<p class=\"v1MsoNoSpacing\" style=\"text-align: justify;\">50\u00ba Encontro Nacional da Ind\u00fastria de Cer\u00e2mica Vermelha<\/p>\n<p class=\"v1MsoNoSpacing\" style=\"text-align: justify;\"><b>Data:<\/b>\u00a025 a 27 de outubro de 2023<\/p>\n<p class=\"v1MsoNoSpacing\" style=\"text-align: justify;\"><b>Local:<\/b>\u00a0Centro de Eventos do Cear\u00e1 (Fortaleza)<\/p>\n<p class=\"v1MsoNoSpacing\" style=\"text-align: justify;\"><b>Instagram:<\/b>\u00a0@anicerbr<\/p>\n<p class=\"v1MsoNoSpacing\" style=\"text-align: justify;\">Facebook:\u00a0<a href=\"https:\/\/www.facebook.com\/AnicerOficial\" target=\"_blank\" rel=\"noopener noreferrer\">https:\/\/www.facebook.com\/AnicerOficial<\/a><\/p>\n<p class=\"v1MsoNoSpacing\" style=\"text-align: justify;\">YouTube:\u00a0<a href=\"https:\/\/www.youtube.com\/CanalAnicer\" target=\"_blank\" rel=\"noopener noreferrer\">https:\/\/www.youtube.com\/CanalAnicer<\/a><\/p>\n","protected":false},"excerpt":{"rendered":"<p>Com programa\u00e7\u00e3o voltada ao mercado, evento promete ajudar o produtor de cer\u00e2mica estrutural a alavancar suas vendas O 50\u00ba Encontro Nacional da Ind\u00fastria de Cer\u00e2mica Vermelha, que acontecer\u00e1 de 25 a 27 de outubro de 2023, na cidade de Fortaleza, no Cear\u00e1, promete superar as metas alcan\u00e7adas em suas \u00faltimas edi\u00e7\u00f5es, j\u00e1 que empres\u00e1rios de [&hellip;]<\/p>\n","protected":false},"author":1,"featured_media":22277,"comment_status":"open","ping_status":"open","sticky":false,"template":"","format":"standard","meta":{"_uag_custom_page_level_css":"","footnotes":""},"categories":[33],"tags":[25678,25679,25677,5199],"class_list":["post-22276","post","type-post","status-publish","format-standard","has-post-thumbnail","hentry","category-mercado","tag-anicer","tag-50o-encontro-nacional-da-industria-de-ceramica-vermelha","tag-ceramica-vermelha","tag-fortaleza-ceara"],"blocksy_meta":[],"spectra_blocks_featured_image_url":{"thumbnail":{"url":"https:\/\/construcaocivil.siriusmarketingedesign.com.br\/wp-content\/uploads\/2023\/08\/nota_e50-150x150.jpg","width":150,"height":150},"medium":{"url":"https:\/\/construcaocivil.siriusmarketingedesign.com.br\/wp-content\/uploads\/2023\/08\/nota_e50-300x150.jpg","width":300,"height":150},"medium_large":{"url":"https:\/\/construcaocivil.siriusmarketingedesign.com.br\/wp-content\/uploads\/2023\/08\/nota_e50-768x384.jpg","width":768,"height":384},"large":{"url":"https:\/\/construcaocivil.siriusmarketingedesign.com.br\/wp-content\/uploads\/2023\/08\/nota_e50-1024x512.jpg","width":1024,"height":512},"full":{"url":"https:\/\/construcaocivil.siriusmarketingedesign.com.br\/wp-content\/uploads\/2023\/08\/nota_e50.jpg","width":1500,"height":750}},"spectra_blocks_author_info":{"display_name":"Jornal da Constru\u00e7\u00e3o Civil","avatar_url":"https:\/\/secure.gravatar.com\/avatar\/973c9774fd44ddaceb026973c4962faa70fc512bc4c9da68e8ebb40fecee6540?s=96&d=mm&r=g","author_link":"https:\/\/construcaocivil.siriusmarketingedesign.com.br\/?author=1","description":"Desde de 2013, levando muitas informa\u00e7\u00f5es, lan\u00e7amentos e produtos de qualidade para toda cadeia produtiva da constru\u00e7\u00e3o. O Futuro da constru\u00e7\u00e3o passa por aqui,"},"uagb_featured_image_src":{"full":["https:\/\/construcaocivil.siriusmarketingedesign.com.br\/wp-content\/uploads\/2023\/08\/nota_e50.jpg",1500,750,false],"thumbnail":["https:\/\/construcaocivil.siriusmarketingedesign.com.br\/wp-content\/uploads\/2023\/08\/nota_e50-150x150.jpg",150,150,true],"medium":["https:\/\/construcaocivil.siriusmarketingedesign.com.br\/wp-content\/uploads\/2023\/08\/nota_e50-300x150.jpg",300,150,true],"medium_large":["https:\/\/construcaocivil.siriusmarketingedesign.com.br\/wp-content\/uploads\/2023\/08\/nota_e50-768x384.jpg",768,384,true],"large":["https:\/\/construcaocivil.siriusmarketingedesign.com.br\/wp-content\/uploads\/2023\/08\/nota_e50-1024x512.jpg",1024,512,true],"1536x1536":["https:\/\/construcaocivil.siriusmarketingedesign.com.br\/wp-content\/uploads\/2023\/08\/nota_e50.jpg",1500,750,false],"2048x2048":["https:\/\/construcaocivil.siriusmarketingedesign.com.br\/wp-content\/uploads\/2023\/08\/nota_e50.jpg",1500,750,false]},"uagb_author_info":{"display_name":"Jornal da Constru\u00e7\u00e3o Civil","author_link":"https:\/\/construcaocivil.siriusmarketingedesign.com.br\/?author=1"},"uagb_comment_info":0,"uagb_excerpt":"Com programa\u00e7\u00e3o voltada ao mercado, evento promete ajudar o produtor de cer\u00e2mica estrutural a alavancar suas vendas O 50\u00ba Encontro Nacional da Ind\u00fastria de Cer\u00e2mica Vermelha, que acontecer\u00e1 de 25 a 27 de outubro de 2023, na cidade de Fortaleza, no Cear\u00e1, promete superar as metas alcan\u00e7adas em suas \u00faltimas edi\u00e7\u00f5es, j\u00e1 que empres\u00e1rios de&hellip;","_links":{"self":[{"href":"https:\/\/construcaocivil.siriusmarketingedesign.com.br\/index.php?rest_route=\/wp\/v2\/posts\/22276","targetHints":{"allow":["GET"]}}],"collection":[{"href":"https:\/\/construcaocivil.siriusmarketingedesign.com.br\/index.php?rest_route=\/wp\/v2\/posts"}],"about":[{"href":"https:\/\/construcaocivil.siriusmarketingedesign.com.br\/index.php?rest_route=\/wp\/v2\/types\/post"}],"author":[{"embeddable":true,"href":"https:\/\/construcaocivil.siriusmarketingedesign.com.br\/index.php?rest_route=\/wp\/v2\/users\/1"}],"replies":[{"embeddable":true,"href":"https:\/\/construcaocivil.siriusmarketingedesign.com.br\/index.php?rest_route=%2Fwp%2Fv2%2Fcomments&post=22276"}],"version-history":[{"count":0,"href":"https:\/\/construcaocivil.siriusmarketingedesign.com.br\/index.php?rest_route=\/wp\/v2\/posts\/22276\/revisions"}],"wp:featuredmedia":[{"embeddable":true,"href":"https:\/\/construcaocivil.siriusmarketingedesign.com.br\/index.php?rest_route=\/wp\/v2\/media\/22277"}],"wp:attachment":[{"href":"https:\/\/construcaocivil.siriusmarketingedesign.com.br\/index.php?rest_route=%2Fwp%2Fv2%2Fmedia&parent=22276"}],"wp:term":[{"taxonomy":"category","embeddable":true,"href":"https:\/\/construcaocivil.siriusmarketingedesign.com.br\/index.php?rest_route=%2Fwp%2Fv2%2Fcategories&post=22276"},{"taxonomy":"post_tag","embeddable":true,"href":"https:\/\/construcaocivil.siriusmarketingedesign.com.br\/index.php?rest_route=%2Fwp%2Fv2%2Ftags&post=22276"}],"curies":[{"name":"wp","href":"https:\/\/api.w.org\/{rel}","templated":true}]}}