{"id":22288,"date":"2023-08-30T09:26:31","date_gmt":"2023-08-30T12:26:31","guid":{"rendered":"https:\/\/www.jornaldaconstrucaocivil.com.br\/?p=22288"},"modified":"2023-08-30T09:26:31","modified_gmt":"2023-08-30T12:26:31","slug":"taxa-de-luz-ministro-diz-que-vai-enviar-projeto-de-lei-para-diminuir-custos-da-energia-para-o-consumidor","status":"publish","type":"post","link":"https:\/\/construcaocivil.siriusmarketingedesign.com.br\/?p=22288","title":{"rendered":"Taxa de Luz: Ministro diz que vai enviar projeto de lei para diminuir custos da energia para o consumidor"},"content":{"rendered":"<p class=\"g-artigo__descricao\" style=\"text-align: justify;\"><span style=\"color: #993300;\"><em><strong>Segundo Alexandre Silveira, grandes consumidores que compram energia do mercado livre conseguem pagar menos que o consumidor comum<\/strong><\/em><\/span><\/p>\n<p style=\"text-align: justify;\">O ministro de Minas e Energia, Alexandre Silveira, disse que o governo dever\u00e1 enviar pelo menos dois projetos de lei em breve para o Congresso. Um, segundo ele, vai \u201cdividir melhor a conta\u201d entre a energia paga pelos consumidores em geral e os grandes consumidores, e outro tratar\u00e1 da transi\u00e7\u00e3o energ\u00e9tica no setor de transportes.<\/p>\n<p style=\"text-align: justify;\">O ministro esteve em audi\u00eancia conjunta das comiss\u00f5es de Minas e Energia, e de Fiscaliza\u00e7\u00e3o Financeira e Controle da C\u00e2mara.<\/p>\n<p style=\"text-align: justify;\">Silveira citou o caso do Par\u00e1, em que a Aneel havia autorizado um reajuste de 16%. Segundo ele, ap\u00f3s uma negocia\u00e7\u00e3o, o aumento ficou em 11%, mas o problema teria sido apenas postergado. Ele afirmou que, nos \u00faltimos anos, a maior conta tem ficado com o chamado \u201cmercado regulado\u201d que abrange os consumidores comuns. Os grandes consumidores, segundo ele, compram energia no mercado livre e conseguem pagar menos.<\/p>\n<p style=\"text-align: justify;\">O ministro disse que o projeto de lei vai tentar reestruturar o setor. \u201cN\u00f3s estamos chegando perto do colapso do pre\u00e7o da energia el\u00e9trica para o consumidor brasileiro regulado. N\u00f3s fomos criando encargos para o consumidor regulado e agora chegou no limite\u201d.<\/p>\n<p style=\"text-align: justify;\">O outro projeto vai atuar na transi\u00e7\u00e3o energ\u00e9tica do setor de transporte com projetos como o chamado \u201cdiesel verde\u201d. Segundo Silveira, devem ser investidos R$ 60 bilh\u00f5es no produto.<\/p>\n<div id=\"image-container-992556\" class=\"image-container\" style=\"text-align: justify;\" data-midia=\"992556\">\n<div class=\"midia-creditos\"><\/div>\n<\/div>\n<p style=\"text-align: justify;\"><strong>Apag\u00e3o<\/strong><br \/>\nO deputado presidente da Comiss\u00e3o de Minas e Energia, deputado Rodrigo de Castro (Uni\u00e3o-MG), questionou sobre o \u00a0\u201capag\u00e3o\u201d ocorrido no dia 15 de agosto e as medidas para que isso n\u00e3o se repita no futuro.<\/p>\n<p style=\"text-align: justify;\">O diretor do Operador Nacional do Sistema El\u00e9trico, Luiz Carlos Ciocchi, disse que ainda n\u00e3o saiu o relat\u00f3rio final sobre as causas do que ocorreu, mas afirmou que o desligamento inicial ocorreu na linha que liga Quixad\u00e1 a Fortaleza, no Cear\u00e1. Em seguida, ocorreram outros desligamentos que atingiram todo o Pa\u00eds.<\/p>\n<p style=\"text-align: justify;\">Ciocchi explicou que no momento est\u00e1 sendo restringido o fluxo de energia entre a regi\u00e3o Nordeste e a grande regi\u00e3o Sul-Sudeste-Centro-Oeste at\u00e9 que saia o relat\u00f3rio. Mas ele afirmou que a recupera\u00e7\u00e3o do sistema ap\u00f3s o \u201capag\u00e3o\u201d ocorreu conforme o planejado.<\/p>\n<p style=\"text-align: justify;\">O ministro Alexandre Silveira disse que o sistema ficar\u00e1 ainda mais seguro com os novos leil\u00f5es de linhas de transmiss\u00e3o e at\u00e9 a implanta\u00e7\u00e3o de baterias nos sistemas de energia intermitente como a energia solar.<\/p>\n<p>&nbsp;<\/p>\n<p><span style=\"color: #993300;\"><em><strong>Fonte: Ag\u00eancia C\u00e2mara Not\u00edcias \/ C\u00e2mara dos Deputados\u00a0<\/strong><\/em><\/span><\/p>\n<p style=\"text-align: justify;\">\n<p style=\"text-align: justify;\">\n<div class=\"g-artigo__imagem-identificacao artigo__imagem-identificacao--maior\" style=\"text-align: justify;\"><\/div>\n<div class=\"g-artigo__texto-principal\" style=\"text-align: justify;\">\n<aside class=\"l-acoes-apoio\">\n<div class=\"acoes-apoio\"><\/div>\n<\/aside>\n<\/div>\n<p style=\"text-align: justify;\">\n","protected":false},"excerpt":{"rendered":"<p>Segundo Alexandre Silveira, grandes consumidores que compram energia do mercado livre conseguem pagar menos que o consumidor comum O ministro de Minas e Energia, Alexandre Silveira, disse que o governo dever\u00e1 enviar pelo menos dois projetos de lei em breve para o Congresso. Um, segundo ele, vai \u201cdividir melhor a conta\u201d entre a energia paga [&hellip;]<\/p>\n","protected":false},"author":1,"featured_media":22289,"comment_status":"open","ping_status":"open","sticky":false,"template":"","format":"standard","meta":{"_uag_custom_page_level_css":"","footnotes":""},"categories":[29],"tags":[1569,1717,4293,4305,7767,25688],"class_list":["post-22288","post","type-post","status-publish","format-standard","has-post-thumbnail","hentry","category-energia","tag-brasilia","tag-camara-dos-deputados","tag-energia-eletrica","tag-energia-limpa","tag-mme","tag-taxa-de-luz"],"blocksy_meta":[],"spectra_blocks_featured_image_url":{"thumbnail":{"url":"https:\/\/construcaocivil.siriusmarketingedesign.com.br\/wp-content\/uploads\/2023\/08\/img20230829121019327-768x473-1-150x150.jpg","width":150,"height":150},"medium":{"url":"https:\/\/construcaocivil.siriusmarketingedesign.com.br\/wp-content\/uploads\/2023\/08\/img20230829121019327-768x473-1-300x185.jpg","width":300,"height":185},"medium_large":{"url":"https:\/\/construcaocivil.siriusmarketingedesign.com.br\/wp-content\/uploads\/2023\/08\/img20230829121019327-768x473-1.jpg","width":768,"height":473},"large":{"url":"https:\/\/construcaocivil.siriusmarketingedesign.com.br\/wp-content\/uploads\/2023\/08\/img20230829121019327-768x473-1.jpg","width":768,"height":473},"full":{"url":"https:\/\/construcaocivil.siriusmarketingedesign.com.br\/wp-content\/uploads\/2023\/08\/img20230829121019327-768x473-1.jpg","width":768,"height":473}},"spectra_blocks_author_info":{"display_name":"Jornal da Constru\u00e7\u00e3o Civil","avatar_url":"https:\/\/secure.gravatar.com\/avatar\/973c9774fd44ddaceb026973c4962faa70fc512bc4c9da68e8ebb40fecee6540?s=96&d=mm&r=g","author_link":"https:\/\/construcaocivil.siriusmarketingedesign.com.br\/?author=1","description":"Desde de 2013, levando muitas informa\u00e7\u00f5es, lan\u00e7amentos e produtos de qualidade para toda cadeia produtiva da constru\u00e7\u00e3o. O Futuro da constru\u00e7\u00e3o passa por aqui,"},"uagb_featured_image_src":{"full":["https:\/\/construcaocivil.siriusmarketingedesign.com.br\/wp-content\/uploads\/2023\/08\/img20230829121019327-768x473-1.jpg",768,473,false],"thumbnail":["https:\/\/construcaocivil.siriusmarketingedesign.com.br\/wp-content\/uploads\/2023\/08\/img20230829121019327-768x473-1-150x150.jpg",150,150,true],"medium":["https:\/\/construcaocivil.siriusmarketingedesign.com.br\/wp-content\/uploads\/2023\/08\/img20230829121019327-768x473-1-300x185.jpg",300,185,true],"medium_large":["https:\/\/construcaocivil.siriusmarketingedesign.com.br\/wp-content\/uploads\/2023\/08\/img20230829121019327-768x473-1.jpg",768,473,false],"large":["https:\/\/construcaocivil.siriusmarketingedesign.com.br\/wp-content\/uploads\/2023\/08\/img20230829121019327-768x473-1.jpg",768,473,false],"1536x1536":["https:\/\/construcaocivil.siriusmarketingedesign.com.br\/wp-content\/uploads\/2023\/08\/img20230829121019327-768x473-1.jpg",768,473,false],"2048x2048":["https:\/\/construcaocivil.siriusmarketingedesign.com.br\/wp-content\/uploads\/2023\/08\/img20230829121019327-768x473-1.jpg",768,473,false]},"uagb_author_info":{"display_name":"Jornal da Constru\u00e7\u00e3o Civil","author_link":"https:\/\/construcaocivil.siriusmarketingedesign.com.br\/?author=1"},"uagb_comment_info":0,"uagb_excerpt":"Segundo Alexandre Silveira, grandes consumidores que compram energia do mercado livre conseguem pagar menos que o consumidor comum O ministro de Minas e Energia, Alexandre Silveira, disse que o governo dever\u00e1 enviar pelo menos dois projetos de lei em breve para o Congresso. Um, segundo ele, vai \u201cdividir melhor a conta\u201d entre a energia paga&hellip;","_links":{"self":[{"href":"https:\/\/construcaocivil.siriusmarketingedesign.com.br\/index.php?rest_route=\/wp\/v2\/posts\/22288","targetHints":{"allow":["GET"]}}],"collection":[{"href":"https:\/\/construcaocivil.siriusmarketingedesign.com.br\/index.php?rest_route=\/wp\/v2\/posts"}],"about":[{"href":"https:\/\/construcaocivil.siriusmarketingedesign.com.br\/index.php?rest_route=\/wp\/v2\/types\/post"}],"author":[{"embeddable":true,"href":"https:\/\/construcaocivil.siriusmarketingedesign.com.br\/index.php?rest_route=\/wp\/v2\/users\/1"}],"replies":[{"embeddable":true,"href":"https:\/\/construcaocivil.siriusmarketingedesign.com.br\/index.php?rest_route=%2Fwp%2Fv2%2Fcomments&post=22288"}],"version-history":[{"count":0,"href":"https:\/\/construcaocivil.siriusmarketingedesign.com.br\/index.php?rest_route=\/wp\/v2\/posts\/22288\/revisions"}],"wp:featuredmedia":[{"embeddable":true,"href":"https:\/\/construcaocivil.siriusmarketingedesign.com.br\/index.php?rest_route=\/wp\/v2\/media\/22289"}],"wp:attachment":[{"href":"https:\/\/construcaocivil.siriusmarketingedesign.com.br\/index.php?rest_route=%2Fwp%2Fv2%2Fmedia&parent=22288"}],"wp:term":[{"taxonomy":"category","embeddable":true,"href":"https:\/\/construcaocivil.siriusmarketingedesign.com.br\/index.php?rest_route=%2Fwp%2Fv2%2Fcategories&post=22288"},{"taxonomy":"post_tag","embeddable":true,"href":"https:\/\/construcaocivil.siriusmarketingedesign.com.br\/index.php?rest_route=%2Fwp%2Fv2%2Ftags&post=22288"}],"curies":[{"name":"wp","href":"https:\/\/api.w.org\/{rel}","templated":true}]}}