{"id":22311,"date":"2023-09-04T00:07:54","date_gmt":"2023-09-04T03:07:54","guid":{"rendered":"https:\/\/www.jornaldaconstrucaocivil.com.br\/?p=22311"},"modified":"2023-09-04T00:08:35","modified_gmt":"2023-09-04T03:08:35","slug":"de-olho-na-construcao-em-agosto-cub-acumula-alta-de-229-no-ano","status":"publish","type":"post","link":"https:\/\/construcaocivil.siriusmarketingedesign.com.br\/?p=22311","title":{"rendered":"De olho na constru\u00e7\u00e3o: Em agosto, CUB acumula alta de 2,29% no ano"},"content":{"rendered":"<p><span style=\"color: #993300;\"><i>CUB representativo da constru\u00e7\u00e3o paulista (R8-N) ficou em R$ 1.957,54 por metro quadrado<\/i><\/span><\/p>\n<div>\n<div>\n<p>O Custo Unit\u00e1rio B\u00e1sico (CUB) global da ind\u00fastria da constru\u00e7\u00e3o do Estado de S\u00e3o Paulo registrou varia\u00e7\u00e3o positiva de +0,05% em agosto de 2023, acumulando varia\u00e7\u00e3o positiva de +2,29% no ano e alta de +2,59% no c\u00e1lculo em 12 meses.<\/p>\n<p>&nbsp;<\/p>\n<p>Os dados s\u00e3o do SindusCon-SP (Sindicato da Ind\u00fastria da Constru\u00e7\u00e3o Civil do Estado de S\u00e3o Paulo) e da FGV (Funda\u00e7\u00e3o Getulio Vargas). O CUB \u00e9 o \u00edndice oficial que reflete a varia\u00e7\u00e3o dos custos das construtoras, de uso obrigat\u00f3rio nos registros de incorpora\u00e7\u00e3o dos empreendimentos imobili\u00e1rios e um importante term\u00f4metro na varia\u00e7\u00e3o dos custos de m\u00e3o de obra e servi\u00e7os.<\/p>\n<p>&nbsp;<\/p>\n<p>Em agosto, a varia\u00e7\u00e3o dos custos com administrativo (sal\u00e1rio dos engenheiros) foram nulos, assim como com m\u00e3o de obra. Com os materiais, acumularam alta de 0,13%, no mesmo per\u00edodo. Em 12 meses, as varia\u00e7\u00f5es acumularam altas de +5,09% com m\u00e3o de obra; -0,67% com materiais; e, +2,66% com custos administrativos.<\/p>\n<p>&nbsp;<\/p>\n<p>O CUB representativo da constru\u00e7\u00e3o paulista (R8-N) ficou em R$ 1.957,54 por metro quadrado em agosto.<\/p>\n<p>&nbsp;<\/p>\n<p><strong>Com desonera\u00e7\u00e3o<\/strong><\/p>\n<p>&nbsp;<\/p>\n<p>Nas obras inclu\u00eddas na desonera\u00e7\u00e3o da folha de pagamentos, o CUB registrou varia\u00e7\u00e3o positiva de 0,06% em agosto. A varia\u00e7\u00e3o no ano foi positiva em +2,12% e em 12 meses, +2,41%, em agosto.<\/p>\n<p>&nbsp;<\/p>\n<p>O custo m\u00e9dio da constru\u00e7\u00e3o paulista (R8-N) subiu para R$ 1.826,15 por metro quadrado em agosto.<\/p>\n<p>&nbsp;<\/p>\n<p>Em agosto, na compara\u00e7\u00e3o com o m\u00eas anterior, a varia\u00e7\u00e3o dos custos m\u00e9dios das construtoras com administrativo e m\u00e3o de obra foram nulos. J\u00e1 os custos desonerados relacionados aos materiais foram +0,13% no per\u00edodo.<\/p>\n<p>&nbsp;<\/p>\n<p><strong>Custos dos insumos\u00a0<\/strong><\/p>\n<p>&nbsp;<\/p>\n<p>Em agosto, 21 itens apresentaram varia\u00e7\u00f5es acima do IGP-M (-0,14%), sendo as mais representativas: Tinta l\u00e1tex branca PVA lata (+4,77%); Bloco de concreto 19x19x39cm unidade (+2,26%), Emuls\u00e3o asf\u00e1ltica c\/elast\u00f4mero p\/imperm. kg (+1,42%), Fechadura, tr\u00e1fego moderado acab. cromo unidade (+1,01%), Concreto FCK=25 MPa m\u00b3 (+1,01%) e Brita 2 m\u00b3 (+0,70%).<\/p>\n<p>&nbsp;<\/p>\n<p>Em agosto, as varia\u00e7\u00f5es de 26 itens pesquisados ficaram acima do \u00edndice do IGP-M (-0,14%), em 12 meses, Tinta l\u00e1tex branca PVA lata (+9,96%), Brita 2 m\u00b3 (+8,08%), Bloco de concreto 19x19x39cm unidade (+7,96%), Emuls\u00e2o asf\u00e1ltica c\/elast\u00f4mero p\/imperm. kg (+7,53%), Alimenta\u00e7\u00e3o tipo marmitex n\u00ba 8 unidade (+6,76%) e Areia m\u00e9dia lavada m\u00b3 (+6,30%).<\/p>\n<p>&nbsp;<\/p>\n<p>Os demonstrativos da pesquisa podem ser acessados aqui:\u00a0<a href=\"https:\/\/sindusconsp.com.br\/download\/boletim-economico-agosto-2023-sem-desoneracao\/\" target=\"_blank\" rel=\"noopener noreferrer\">sem desonera\u00e7\u00e3o<\/a>\u00a0e\u00a0<a href=\"https:\/\/sindusconsp.com.br\/download\/boletim-economico-agosto-2023-com-desoneracao\/\" target=\"_blank\" rel=\"noopener noreferrer\">com desonera\u00e7\u00e3o<\/a>.<\/p>\n<p>&nbsp;<\/p>\n<\/div>\n<\/div>\n<div>\n<p>&nbsp;<\/p>\n<\/div>\n","protected":false},"excerpt":{"rendered":"<p>CUB representativo da constru\u00e7\u00e3o paulista (R8-N) ficou em R$ 1.957,54 por metro quadrado O Custo Unit\u00e1rio B\u00e1sico (CUB) global da ind\u00fastria da constru\u00e7\u00e3o do Estado de S\u00e3o Paulo registrou varia\u00e7\u00e3o positiva de +0,05% em agosto de 2023, acumulando varia\u00e7\u00e3o positiva de +2,29% no ano e alta de +2,59% no c\u00e1lculo em 12 meses. &nbsp; Os [&hellip;]<\/p>\n","protected":false},"author":1,"featured_media":22319,"comment_status":"open","ping_status":"open","sticky":false,"template":"","format":"standard","meta":{"_uag_custom_page_level_css":"","footnotes":""},"categories":[33],"tags":[25489,24624,25702,25701],"class_list":["post-22311","post","type-post","status-publish","format-standard","has-post-thumbnail","hentry","category-mercado","tag-cubdaconstrucao","tag-servicosdeobras","tag-precosnaconstrucao","tag-sunduscon-sp"],"blocksy_meta":[],"spectra_blocks_featured_image_url":{"thumbnail":{"url":"https:\/\/construcaocivil.siriusmarketingedesign.com.br\/wp-content\/uploads\/2023\/09\/CUB-II-OK-150x150.jpg","width":150,"height":150},"medium":{"url":"https:\/\/construcaocivil.siriusmarketingedesign.com.br\/wp-content\/uploads\/2023\/09\/CUB-II-OK-295x300.jpg","width":295,"height":300},"medium_large":{"url":"https:\/\/construcaocivil.siriusmarketingedesign.com.br\/wp-content\/uploads\/2023\/09\/CUB-II-OK-768x782.jpg","width":768,"height":782},"large":{"url":"https:\/\/construcaocivil.siriusmarketingedesign.com.br\/wp-content\/uploads\/2023\/09\/CUB-II-OK-1005x1024.jpg","width":1005,"height":1024},"full":{"url":"https:\/\/construcaocivil.siriusmarketingedesign.com.br\/wp-content\/uploads\/2023\/09\/CUB-II-OK.jpg","width":1178,"height":1200}},"spectra_blocks_author_info":{"display_name":"Jornal da Constru\u00e7\u00e3o Civil","avatar_url":"https:\/\/secure.gravatar.com\/avatar\/973c9774fd44ddaceb026973c4962faa70fc512bc4c9da68e8ebb40fecee6540?s=96&d=mm&r=g","author_link":"https:\/\/construcaocivil.siriusmarketingedesign.com.br\/?author=1","description":"Desde de 2013, levando muitas informa\u00e7\u00f5es, lan\u00e7amentos e produtos de qualidade para toda cadeia produtiva da constru\u00e7\u00e3o. O Futuro da constru\u00e7\u00e3o passa por aqui,"},"uagb_featured_image_src":{"full":["https:\/\/construcaocivil.siriusmarketingedesign.com.br\/wp-content\/uploads\/2023\/09\/CUB-II-OK.jpg",1178,1200,false],"thumbnail":["https:\/\/construcaocivil.siriusmarketingedesign.com.br\/wp-content\/uploads\/2023\/09\/CUB-II-OK-150x150.jpg",150,150,true],"medium":["https:\/\/construcaocivil.siriusmarketingedesign.com.br\/wp-content\/uploads\/2023\/09\/CUB-II-OK-295x300.jpg",295,300,true],"medium_large":["https:\/\/construcaocivil.siriusmarketingedesign.com.br\/wp-content\/uploads\/2023\/09\/CUB-II-OK-768x782.jpg",768,782,true],"large":["https:\/\/construcaocivil.siriusmarketingedesign.com.br\/wp-content\/uploads\/2023\/09\/CUB-II-OK-1005x1024.jpg",1005,1024,true],"1536x1536":["https:\/\/construcaocivil.siriusmarketingedesign.com.br\/wp-content\/uploads\/2023\/09\/CUB-II-OK.jpg",1178,1200,false],"2048x2048":["https:\/\/construcaocivil.siriusmarketingedesign.com.br\/wp-content\/uploads\/2023\/09\/CUB-II-OK.jpg",1178,1200,false]},"uagb_author_info":{"display_name":"Jornal da Constru\u00e7\u00e3o Civil","author_link":"https:\/\/construcaocivil.siriusmarketingedesign.com.br\/?author=1"},"uagb_comment_info":0,"uagb_excerpt":"CUB representativo da constru\u00e7\u00e3o paulista (R8-N) ficou em R$ 1.957,54 por metro quadrado O Custo Unit\u00e1rio B\u00e1sico (CUB) global da ind\u00fastria da constru\u00e7\u00e3o do Estado de S\u00e3o Paulo registrou varia\u00e7\u00e3o positiva de +0,05% em agosto de 2023, acumulando varia\u00e7\u00e3o positiva de +2,29% no ano e alta de +2,59% no c\u00e1lculo em 12 meses. &nbsp; Os&hellip;","_links":{"self":[{"href":"https:\/\/construcaocivil.siriusmarketingedesign.com.br\/index.php?rest_route=\/wp\/v2\/posts\/22311","targetHints":{"allow":["GET"]}}],"collection":[{"href":"https:\/\/construcaocivil.siriusmarketingedesign.com.br\/index.php?rest_route=\/wp\/v2\/posts"}],"about":[{"href":"https:\/\/construcaocivil.siriusmarketingedesign.com.br\/index.php?rest_route=\/wp\/v2\/types\/post"}],"author":[{"embeddable":true,"href":"https:\/\/construcaocivil.siriusmarketingedesign.com.br\/index.php?rest_route=\/wp\/v2\/users\/1"}],"replies":[{"embeddable":true,"href":"https:\/\/construcaocivil.siriusmarketingedesign.com.br\/index.php?rest_route=%2Fwp%2Fv2%2Fcomments&post=22311"}],"version-history":[{"count":0,"href":"https:\/\/construcaocivil.siriusmarketingedesign.com.br\/index.php?rest_route=\/wp\/v2\/posts\/22311\/revisions"}],"wp:featuredmedia":[{"embeddable":true,"href":"https:\/\/construcaocivil.siriusmarketingedesign.com.br\/index.php?rest_route=\/wp\/v2\/media\/22319"}],"wp:attachment":[{"href":"https:\/\/construcaocivil.siriusmarketingedesign.com.br\/index.php?rest_route=%2Fwp%2Fv2%2Fmedia&parent=22311"}],"wp:term":[{"taxonomy":"category","embeddable":true,"href":"https:\/\/construcaocivil.siriusmarketingedesign.com.br\/index.php?rest_route=%2Fwp%2Fv2%2Fcategories&post=22311"},{"taxonomy":"post_tag","embeddable":true,"href":"https:\/\/construcaocivil.siriusmarketingedesign.com.br\/index.php?rest_route=%2Fwp%2Fv2%2Ftags&post=22311"}],"curies":[{"name":"wp","href":"https:\/\/api.w.org\/{rel}","templated":true}]}}