{"id":22313,"date":"2023-09-03T18:30:22","date_gmt":"2023-09-03T21:30:22","guid":{"rendered":"https:\/\/www.jornaldaconstrucaocivil.com.br\/?p=22313"},"modified":"2023-09-03T18:30:22","modified_gmt":"2023-09-03T21:30:22","slug":"bienal-de-sao-paulo-promove-festa-para-marcar-a-abertura-de-mais-uma-edicao-da-mostra","status":"publish","type":"post","link":"https:\/\/construcaocivil.siriusmarketingedesign.com.br\/?p=22313","title":{"rendered":"Bienal de S\u00e3o Paulo promove festa para marcar a abertura de mais uma edi\u00e7\u00e3o da mostra"},"content":{"rendered":"<p style=\"text-align: justify;\">Na noite de 02 de setembro, Jos\u00e9 Olympio da Veiga Pereira, presidente da Funda\u00e7\u00e3o Bienal de S\u00e3o Paulo, junto ao Conselho, curadores e artistas, somados ao time de embaixadores digitais da mostra, celebram a abertura de mais uma edi\u00e7\u00e3o da Bienal de S\u00e3o Paulo em uma festa exclusiva para convidados no Audit\u00f3rio do Ibirapuera em S\u00e3o Paulo.<\/p>\n<p>A\u00a0<strong>35\u00aa Bienal de S\u00e3o Paulo<\/strong>\u00a0re\u00fane 121 artistas e mais de 1100 obras. E apresenta pela primeira vez um coletivo curatorial, formado por Diane Lima, Grada Kilomba, H\u00e9lio Menezes e Manuel Borja-Villel. Outra novidade \u00e9 o projeto expogr\u00e1fico da mostra, desenvolvido pelo escrit\u00f3rio de arquitetura V\u00e3o. A abertura oficial acontece no dia 06 de setembro, a partir das 10h no Pavilh\u00e3o da Bienal, localizado no parque do Ibirapuera. O evento contou com a presen\u00e7a de Paulo Borges, Dandara, Nathalie Felsberg, Rafael Motta, Kananda Eller, Vivi Villanova, Meninos Rei, Thai de Melo, X\u00eania Fran\u00e7a, Lissa Carmona, Kevin David, Cris Arcangeli<br \/>\nCr\u00e9ditos das fotos: Denise Andrade.<\/p>\n<p>&nbsp;<\/p>\n<p>&nbsp;<\/p>\n","protected":false},"excerpt":{"rendered":"<p>Na noite de 02 de setembro, Jos\u00e9 Olympio da Veiga Pereira, presidente da Funda\u00e7\u00e3o Bienal de S\u00e3o Paulo, junto ao Conselho, curadores e artistas, somados ao time de embaixadores digitais da mostra, celebram a abertura de mais uma edi\u00e7\u00e3o da Bienal de S\u00e3o Paulo em uma festa exclusiva para convidados no Audit\u00f3rio do Ibirapuera em [&hellip;]<\/p>\n","protected":false},"author":1,"featured_media":22314,"comment_status":"open","ping_status":"open","sticky":false,"template":"","format":"standard","meta":{"_uag_custom_page_level_css":"","footnotes":""},"categories":[1],"tags":[25700,25699,25697,25698],"class_list":["post-22313","post","type-post","status-publish","format-standard","has-post-thumbnail","hentry","category-sem-categoria","tag-35abienal","tag-35a-bienal-sp","tag-artessp","tag-cultura-sp"],"blocksy_meta":[],"spectra_blocks_featured_image_url":{"thumbnail":{"url":"https:\/\/construcaocivil.siriusmarketingedesign.com.br\/wp-content\/uploads\/2023\/09\/handler-21-150x150.jpg","width":150,"height":150},"medium":{"url":"https:\/\/construcaocivil.siriusmarketingedesign.com.br\/wp-content\/uploads\/2023\/09\/handler-21-300x200.jpg","width":300,"height":200},"medium_large":{"url":"https:\/\/construcaocivil.siriusmarketingedesign.com.br\/wp-content\/uploads\/2023\/09\/handler-21-768x512.jpg","width":768,"height":512},"large":{"url":"https:\/\/construcaocivil.siriusmarketingedesign.com.br\/wp-content\/uploads\/2023\/09\/handler-21.jpg","width":800,"height":533},"full":{"url":"https:\/\/construcaocivil.siriusmarketingedesign.com.br\/wp-content\/uploads\/2023\/09\/handler-21.jpg","width":800,"height":533}},"spectra_blocks_author_info":{"display_name":"Jornal da Constru\u00e7\u00e3o Civil","avatar_url":"https:\/\/secure.gravatar.com\/avatar\/973c9774fd44ddaceb026973c4962faa70fc512bc4c9da68e8ebb40fecee6540?s=96&d=mm&r=g","author_link":"https:\/\/construcaocivil.siriusmarketingedesign.com.br\/?author=1","description":"Desde de 2013, levando muitas informa\u00e7\u00f5es, lan\u00e7amentos e produtos de qualidade para toda cadeia produtiva da constru\u00e7\u00e3o. O Futuro da constru\u00e7\u00e3o passa por aqui,"},"uagb_featured_image_src":{"full":["https:\/\/construcaocivil.siriusmarketingedesign.com.br\/wp-content\/uploads\/2023\/09\/handler-21.jpg",800,533,false],"thumbnail":["https:\/\/construcaocivil.siriusmarketingedesign.com.br\/wp-content\/uploads\/2023\/09\/handler-21-150x150.jpg",150,150,true],"medium":["https:\/\/construcaocivil.siriusmarketingedesign.com.br\/wp-content\/uploads\/2023\/09\/handler-21-300x200.jpg",300,200,true],"medium_large":["https:\/\/construcaocivil.siriusmarketingedesign.com.br\/wp-content\/uploads\/2023\/09\/handler-21-768x512.jpg",768,512,true],"large":["https:\/\/construcaocivil.siriusmarketingedesign.com.br\/wp-content\/uploads\/2023\/09\/handler-21.jpg",800,533,false],"1536x1536":["https:\/\/construcaocivil.siriusmarketingedesign.com.br\/wp-content\/uploads\/2023\/09\/handler-21.jpg",800,533,false],"2048x2048":["https:\/\/construcaocivil.siriusmarketingedesign.com.br\/wp-content\/uploads\/2023\/09\/handler-21.jpg",800,533,false]},"uagb_author_info":{"display_name":"Jornal da Constru\u00e7\u00e3o Civil","author_link":"https:\/\/construcaocivil.siriusmarketingedesign.com.br\/?author=1"},"uagb_comment_info":0,"uagb_excerpt":"Na noite de 02 de setembro, Jos\u00e9 Olympio da Veiga Pereira, presidente da Funda\u00e7\u00e3o Bienal de S\u00e3o Paulo, junto ao Conselho, curadores e artistas, somados ao time de embaixadores digitais da mostra, celebram a abertura de mais uma edi\u00e7\u00e3o da Bienal de S\u00e3o Paulo em uma festa exclusiva para convidados no Audit\u00f3rio do Ibirapuera em&hellip;","_links":{"self":[{"href":"https:\/\/construcaocivil.siriusmarketingedesign.com.br\/index.php?rest_route=\/wp\/v2\/posts\/22313","targetHints":{"allow":["GET"]}}],"collection":[{"href":"https:\/\/construcaocivil.siriusmarketingedesign.com.br\/index.php?rest_route=\/wp\/v2\/posts"}],"about":[{"href":"https:\/\/construcaocivil.siriusmarketingedesign.com.br\/index.php?rest_route=\/wp\/v2\/types\/post"}],"author":[{"embeddable":true,"href":"https:\/\/construcaocivil.siriusmarketingedesign.com.br\/index.php?rest_route=\/wp\/v2\/users\/1"}],"replies":[{"embeddable":true,"href":"https:\/\/construcaocivil.siriusmarketingedesign.com.br\/index.php?rest_route=%2Fwp%2Fv2%2Fcomments&post=22313"}],"version-history":[{"count":0,"href":"https:\/\/construcaocivil.siriusmarketingedesign.com.br\/index.php?rest_route=\/wp\/v2\/posts\/22313\/revisions"}],"wp:featuredmedia":[{"embeddable":true,"href":"https:\/\/construcaocivil.siriusmarketingedesign.com.br\/index.php?rest_route=\/wp\/v2\/media\/22314"}],"wp:attachment":[{"href":"https:\/\/construcaocivil.siriusmarketingedesign.com.br\/index.php?rest_route=%2Fwp%2Fv2%2Fmedia&parent=22313"}],"wp:term":[{"taxonomy":"category","embeddable":true,"href":"https:\/\/construcaocivil.siriusmarketingedesign.com.br\/index.php?rest_route=%2Fwp%2Fv2%2Fcategories&post=22313"},{"taxonomy":"post_tag","embeddable":true,"href":"https:\/\/construcaocivil.siriusmarketingedesign.com.br\/index.php?rest_route=%2Fwp%2Fv2%2Ftags&post=22313"}],"curies":[{"name":"wp","href":"https:\/\/api.w.org\/{rel}","templated":true}]}}