{"id":22316,"date":"2023-09-03T18:53:39","date_gmt":"2023-09-03T21:53:39","guid":{"rendered":"https:\/\/www.jornaldaconstrucaocivil.com.br\/?p=22316"},"modified":"2023-09-03T18:53:39","modified_gmt":"2023-09-03T21:53:39","slug":"abrainc-nota-a-imprensa-sobre-resultados-do-caged","status":"publish","type":"post","link":"https:\/\/construcaocivil.siriusmarketingedesign.com.br\/?p=22316","title":{"rendered":"Abrainc: Nota \u00e0 imprensa sobre resultados do Caged"},"content":{"rendered":"<p>A Associa\u00e7\u00e3o Brasileira de Incorporadoras Imobili\u00e1rias (ABRAINC) classifica como positivos os indicadores referentes a gera\u00e7\u00e3o de empregos formais do Cadastro Geral de Empregados e Desempregados (Caged), divulgados nesta quarta-feira (30\/8), pelo Minist\u00e9rio do Trabalho e Emprego (MTE). Em julho, as atividades da incorpora\u00e7\u00e3o imobili\u00e1ria e a constru\u00e7\u00e3o civil criaram 25.423 vagas com carteira assinada, o equivalente a 18% do total (142.702), colocando o setor como uma das principais atividades econ\u00f4micas naquele m\u00eas a mais gerar empregos no pa\u00eds.<br \/>\nO Caged ainda indica que o mercado imobili\u00e1rio segue como um dos mais importantes protagonistas no processo de gera\u00e7\u00e3o de empregos no Brasil, contribuindo ainda para o crescimento econ\u00f4mico do Produto Interno Bruto (PIB) do pa\u00eds. &#8220;O resultado do CAGED mostra mais uma vez a for\u00e7a e a relev\u00e2ncia do setor de constru\u00e7\u00e3o civil para o pa\u00eds. Independentemente dos desafios macroecon\u00f4micos, o setor consegue gerar empregos que fazem a diferen\u00e7a para o Brasil&#8221; afirma Luiz Fran\u00e7a, presidente da ABRAINC.<\/p>\n","protected":false},"excerpt":{"rendered":"<p>A Associa\u00e7\u00e3o Brasileira de Incorporadoras Imobili\u00e1rias (ABRAINC) classifica como positivos os indicadores referentes a gera\u00e7\u00e3o de empregos formais do Cadastro Geral de Empregados e Desempregados (Caged), divulgados nesta quarta-feira (30\/8), pelo Minist\u00e9rio do Trabalho e Emprego (MTE). Em julho, as atividades da incorpora\u00e7\u00e3o imobili\u00e1ria e a constru\u00e7\u00e3o civil criaram 25.423 vagas com carteira assinada, o [&hellip;]<\/p>\n","protected":false},"author":1,"featured_media":22317,"comment_status":"open","ping_status":"open","sticky":false,"template":"","format":"standard","meta":{"_uag_custom_page_level_css":"","footnotes":""},"categories":[33],"tags":[25051,24675,25630,19531,1672,7962],"class_list":["post-22316","post","type-post","status-publish","format-standard","has-post-thumbnail","hentry","category-mercado","tag-empregosnaconstrucao","tag-minhacasaminhavida","tag-novopac","tag-abrainc","tag-caged","tag-mte"],"blocksy_meta":[],"spectra_blocks_featured_image_url":{"thumbnail":{"url":"https:\/\/construcaocivil.siriusmarketingedesign.com.br\/wp-content\/uploads\/2023\/09\/IMG_20211204_124944_HDR5-150x150.jpg","width":150,"height":150},"medium":{"url":"https:\/\/construcaocivil.siriusmarketingedesign.com.br\/wp-content\/uploads\/2023\/09\/IMG_20211204_124944_HDR5-300x190.jpg","width":300,"height":190},"medium_large":{"url":"https:\/\/construcaocivil.siriusmarketingedesign.com.br\/wp-content\/uploads\/2023\/09\/IMG_20211204_124944_HDR5-768x487.jpg","width":768,"height":487},"large":{"url":"https:\/\/construcaocivil.siriusmarketingedesign.com.br\/wp-content\/uploads\/2023\/09\/IMG_20211204_124944_HDR5-1024x650.jpg","width":1024,"height":650},"full":{"url":"https:\/\/construcaocivil.siriusmarketingedesign.com.br\/wp-content\/uploads\/2023\/09\/IMG_20211204_124944_HDR5.jpg","width":1679,"height":1065}},"spectra_blocks_author_info":{"display_name":"Jornal da Constru\u00e7\u00e3o Civil","avatar_url":"https:\/\/secure.gravatar.com\/avatar\/973c9774fd44ddaceb026973c4962faa70fc512bc4c9da68e8ebb40fecee6540?s=96&d=mm&r=g","author_link":"https:\/\/construcaocivil.siriusmarketingedesign.com.br\/?author=1","description":"Desde de 2013, levando muitas informa\u00e7\u00f5es, lan\u00e7amentos e produtos de qualidade para toda cadeia produtiva da constru\u00e7\u00e3o. O Futuro da constru\u00e7\u00e3o passa por aqui,"},"uagb_featured_image_src":{"full":["https:\/\/construcaocivil.siriusmarketingedesign.com.br\/wp-content\/uploads\/2023\/09\/IMG_20211204_124944_HDR5.jpg",1679,1065,false],"thumbnail":["https:\/\/construcaocivil.siriusmarketingedesign.com.br\/wp-content\/uploads\/2023\/09\/IMG_20211204_124944_HDR5-150x150.jpg",150,150,true],"medium":["https:\/\/construcaocivil.siriusmarketingedesign.com.br\/wp-content\/uploads\/2023\/09\/IMG_20211204_124944_HDR5-300x190.jpg",300,190,true],"medium_large":["https:\/\/construcaocivil.siriusmarketingedesign.com.br\/wp-content\/uploads\/2023\/09\/IMG_20211204_124944_HDR5-768x487.jpg",768,487,true],"large":["https:\/\/construcaocivil.siriusmarketingedesign.com.br\/wp-content\/uploads\/2023\/09\/IMG_20211204_124944_HDR5-1024x650.jpg",1024,650,true],"1536x1536":["https:\/\/construcaocivil.siriusmarketingedesign.com.br\/wp-content\/uploads\/2023\/09\/IMG_20211204_124944_HDR5-1536x974.jpg",1536,974,true],"2048x2048":["https:\/\/construcaocivil.siriusmarketingedesign.com.br\/wp-content\/uploads\/2023\/09\/IMG_20211204_124944_HDR5.jpg",1679,1065,false]},"uagb_author_info":{"display_name":"Jornal da Constru\u00e7\u00e3o Civil","author_link":"https:\/\/construcaocivil.siriusmarketingedesign.com.br\/?author=1"},"uagb_comment_info":0,"uagb_excerpt":"A Associa\u00e7\u00e3o Brasileira de Incorporadoras Imobili\u00e1rias (ABRAINC) classifica como positivos os indicadores referentes a gera\u00e7\u00e3o de empregos formais do Cadastro Geral de Empregados e Desempregados (Caged), divulgados nesta quarta-feira (30\/8), pelo Minist\u00e9rio do Trabalho e Emprego (MTE). Em julho, as atividades da incorpora\u00e7\u00e3o imobili\u00e1ria e a constru\u00e7\u00e3o civil criaram 25.423 vagas com carteira assinada, o&hellip;","_links":{"self":[{"href":"https:\/\/construcaocivil.siriusmarketingedesign.com.br\/index.php?rest_route=\/wp\/v2\/posts\/22316","targetHints":{"allow":["GET"]}}],"collection":[{"href":"https:\/\/construcaocivil.siriusmarketingedesign.com.br\/index.php?rest_route=\/wp\/v2\/posts"}],"about":[{"href":"https:\/\/construcaocivil.siriusmarketingedesign.com.br\/index.php?rest_route=\/wp\/v2\/types\/post"}],"author":[{"embeddable":true,"href":"https:\/\/construcaocivil.siriusmarketingedesign.com.br\/index.php?rest_route=\/wp\/v2\/users\/1"}],"replies":[{"embeddable":true,"href":"https:\/\/construcaocivil.siriusmarketingedesign.com.br\/index.php?rest_route=%2Fwp%2Fv2%2Fcomments&post=22316"}],"version-history":[{"count":0,"href":"https:\/\/construcaocivil.siriusmarketingedesign.com.br\/index.php?rest_route=\/wp\/v2\/posts\/22316\/revisions"}],"wp:featuredmedia":[{"embeddable":true,"href":"https:\/\/construcaocivil.siriusmarketingedesign.com.br\/index.php?rest_route=\/wp\/v2\/media\/22317"}],"wp:attachment":[{"href":"https:\/\/construcaocivil.siriusmarketingedesign.com.br\/index.php?rest_route=%2Fwp%2Fv2%2Fmedia&parent=22316"}],"wp:term":[{"taxonomy":"category","embeddable":true,"href":"https:\/\/construcaocivil.siriusmarketingedesign.com.br\/index.php?rest_route=%2Fwp%2Fv2%2Fcategories&post=22316"},{"taxonomy":"post_tag","embeddable":true,"href":"https:\/\/construcaocivil.siriusmarketingedesign.com.br\/index.php?rest_route=%2Fwp%2Fv2%2Ftags&post=22316"}],"curies":[{"name":"wp","href":"https:\/\/api.w.org\/{rel}","templated":true}]}}