{"id":22345,"date":"2023-09-09T22:54:11","date_gmt":"2023-09-10T01:54:11","guid":{"rendered":"https:\/\/www.jornaldaconstrucaocivil.com.br\/?p=22345"},"modified":"2023-09-09T22:54:11","modified_gmt":"2023-09-10T01:54:11","slug":"firjan-lamenta-o-falecimento-do-empresario-germano-gerdau-johannpeter","status":"publish","type":"post","link":"https:\/\/construcaocivil.siriusmarketingedesign.com.br\/?p=22345","title":{"rendered":"Firjan lamenta o falecimento do empres\u00e1rio Germano Gerdau Johannpeter"},"content":{"rendered":"<p class=\"v1MsoNormal\">A Federa\u00e7\u00e3o das Ind\u00fastrias do Estado do Rio de Janeiro (Firjan) expressa o seu pesar pelo falecimento do empres\u00e1rio Germano Gerdau Johannpeter que, ao lado dos irm\u00e3os Jorge, Klaus e Frederico, comandou a quarta gera\u00e7\u00e3o do grupo sider\u00fargico Gerdau, maior empresa do setor de capital nacional e uma das maiores da Am\u00e9rica Latina.<\/p>\n<p class=\"v1MsoNormal\">\n<p class=\"v1MsoNormal\">Com seus irm\u00e3os, transformou a Ind\u00fastria do a\u00e7o nacional e o seu grupo, hoje uma multinacional brasileira que atua em nove pa\u00edses.<\/p>\n<p class=\"v1MsoNormal\">\n<p class=\"v1MsoNormal\">Germano tamb\u00e9m exerceu um papel ativo na Firjan, na defesa da ind\u00fastria nacional e fluminense. Por 40 anos integrou a diretoria do Centro Industrial do Rio de Janeiro (CIRJ\/FIRJAN), at\u00e9 2020 foi vice-presidente da institui\u00e7\u00e3o.<\/p>\n<p class=\"v1MsoNormal\">\n<p class=\"v1MsoNormal\">&#8220;Germano \u00e9 da gera\u00e7\u00e3o que acelerou o crescimento da companhia, que come\u00e7ou com uma f\u00e1brica de pregos h\u00e1 mais de 120 anos. Com seu talento comercial e capacidade de concilia\u00e7\u00e3o abriu caminhos para a Gerdau mundo afora. \u00c9 um dos grandes respons\u00e1veis por essa multinacional que \u00e9 motivo de orgulho para os brasileiros&#8221;, destacou Eduardo Eugenio Gouv\u00eaa Vieira, presidente da Firjan.<\/p>\n<p class=\"v1MsoNormal\">\n<p class=\"v1MsoNormal\">A Federa\u00e7\u00e3o das Ind\u00fastrias do Estado do Rio de Janeiro presta solidariedade a suas duas filhas, netos, familiares e amigos.<\/p>\n<p class=\"v1MsoNormal\">\n","protected":false},"excerpt":{"rendered":"<p>A Federa\u00e7\u00e3o das Ind\u00fastrias do Estado do Rio de Janeiro (Firjan) expressa o seu pesar pelo falecimento do empres\u00e1rio Germano Gerdau Johannpeter que, ao lado dos irm\u00e3os Jorge, Klaus e Frederico, comandou a quarta gera\u00e7\u00e3o do grupo sider\u00fargico Gerdau, maior empresa do setor de capital nacional e uma das maiores da Am\u00e9rica Latina. Com seus [&hellip;]<\/p>\n","protected":false},"author":1,"featured_media":22346,"comment_status":"open","ping_status":"open","sticky":false,"template":"","format":"standard","meta":{"_uag_custom_page_level_css":"","footnotes":""},"categories":[27],"tags":[412,25714,25715],"class_list":["post-22345","post","type-post","status-publish","format-standard","has-post-thumbnail","hentry","category-acontece","tag-aco-gerdau-50","tag-empresa-gerdau","tag-germano-gerdau-johannpeter"],"blocksy_meta":[],"spectra_blocks_featured_image_url":{"thumbnail":{"url":"https:\/\/construcaocivil.siriusmarketingedesign.com.br\/wp-content\/uploads\/2023\/09\/BM640x440_Gerdau_27388-300x206-1-150x150.jpg","width":150,"height":150},"medium":{"url":"https:\/\/construcaocivil.siriusmarketingedesign.com.br\/wp-content\/uploads\/2023\/09\/BM640x440_Gerdau_27388-300x206-1.jpg","width":300,"height":206},"medium_large":{"url":"https:\/\/construcaocivil.siriusmarketingedesign.com.br\/wp-content\/uploads\/2023\/09\/BM640x440_Gerdau_27388-300x206-1.jpg","width":300,"height":206},"large":{"url":"https:\/\/construcaocivil.siriusmarketingedesign.com.br\/wp-content\/uploads\/2023\/09\/BM640x440_Gerdau_27388-300x206-1.jpg","width":300,"height":206},"full":{"url":"https:\/\/construcaocivil.siriusmarketingedesign.com.br\/wp-content\/uploads\/2023\/09\/BM640x440_Gerdau_27388-300x206-1.jpg","width":300,"height":206}},"spectra_blocks_author_info":{"display_name":"Jornal da Constru\u00e7\u00e3o Civil","avatar_url":"https:\/\/secure.gravatar.com\/avatar\/973c9774fd44ddaceb026973c4962faa70fc512bc4c9da68e8ebb40fecee6540?s=96&d=mm&r=g","author_link":"https:\/\/construcaocivil.siriusmarketingedesign.com.br\/?author=1","description":"Desde de 2013, levando muitas informa\u00e7\u00f5es, lan\u00e7amentos e produtos de qualidade para toda cadeia produtiva da constru\u00e7\u00e3o. O Futuro da constru\u00e7\u00e3o passa por aqui,"},"uagb_featured_image_src":{"full":["https:\/\/construcaocivil.siriusmarketingedesign.com.br\/wp-content\/uploads\/2023\/09\/BM640x440_Gerdau_27388-300x206-1.jpg",300,206,false],"thumbnail":["https:\/\/construcaocivil.siriusmarketingedesign.com.br\/wp-content\/uploads\/2023\/09\/BM640x440_Gerdau_27388-300x206-1-150x150.jpg",150,150,true],"medium":["https:\/\/construcaocivil.siriusmarketingedesign.com.br\/wp-content\/uploads\/2023\/09\/BM640x440_Gerdau_27388-300x206-1.jpg",300,206,false],"medium_large":["https:\/\/construcaocivil.siriusmarketingedesign.com.br\/wp-content\/uploads\/2023\/09\/BM640x440_Gerdau_27388-300x206-1.jpg",300,206,false],"large":["https:\/\/construcaocivil.siriusmarketingedesign.com.br\/wp-content\/uploads\/2023\/09\/BM640x440_Gerdau_27388-300x206-1.jpg",300,206,false],"1536x1536":["https:\/\/construcaocivil.siriusmarketingedesign.com.br\/wp-content\/uploads\/2023\/09\/BM640x440_Gerdau_27388-300x206-1.jpg",300,206,false],"2048x2048":["https:\/\/construcaocivil.siriusmarketingedesign.com.br\/wp-content\/uploads\/2023\/09\/BM640x440_Gerdau_27388-300x206-1.jpg",300,206,false]},"uagb_author_info":{"display_name":"Jornal da Constru\u00e7\u00e3o Civil","author_link":"https:\/\/construcaocivil.siriusmarketingedesign.com.br\/?author=1"},"uagb_comment_info":0,"uagb_excerpt":"A Federa\u00e7\u00e3o das Ind\u00fastrias do Estado do Rio de Janeiro (Firjan) expressa o seu pesar pelo falecimento do empres\u00e1rio Germano Gerdau Johannpeter que, ao lado dos irm\u00e3os Jorge, Klaus e Frederico, comandou a quarta gera\u00e7\u00e3o do grupo sider\u00fargico Gerdau, maior empresa do setor de capital nacional e uma das maiores da Am\u00e9rica Latina. Com seus&hellip;","_links":{"self":[{"href":"https:\/\/construcaocivil.siriusmarketingedesign.com.br\/index.php?rest_route=\/wp\/v2\/posts\/22345","targetHints":{"allow":["GET"]}}],"collection":[{"href":"https:\/\/construcaocivil.siriusmarketingedesign.com.br\/index.php?rest_route=\/wp\/v2\/posts"}],"about":[{"href":"https:\/\/construcaocivil.siriusmarketingedesign.com.br\/index.php?rest_route=\/wp\/v2\/types\/post"}],"author":[{"embeddable":true,"href":"https:\/\/construcaocivil.siriusmarketingedesign.com.br\/index.php?rest_route=\/wp\/v2\/users\/1"}],"replies":[{"embeddable":true,"href":"https:\/\/construcaocivil.siriusmarketingedesign.com.br\/index.php?rest_route=%2Fwp%2Fv2%2Fcomments&post=22345"}],"version-history":[{"count":0,"href":"https:\/\/construcaocivil.siriusmarketingedesign.com.br\/index.php?rest_route=\/wp\/v2\/posts\/22345\/revisions"}],"wp:featuredmedia":[{"embeddable":true,"href":"https:\/\/construcaocivil.siriusmarketingedesign.com.br\/index.php?rest_route=\/wp\/v2\/media\/22346"}],"wp:attachment":[{"href":"https:\/\/construcaocivil.siriusmarketingedesign.com.br\/index.php?rest_route=%2Fwp%2Fv2%2Fmedia&parent=22345"}],"wp:term":[{"taxonomy":"category","embeddable":true,"href":"https:\/\/construcaocivil.siriusmarketingedesign.com.br\/index.php?rest_route=%2Fwp%2Fv2%2Fcategories&post=22345"},{"taxonomy":"post_tag","embeddable":true,"href":"https:\/\/construcaocivil.siriusmarketingedesign.com.br\/index.php?rest_route=%2Fwp%2Fv2%2Ftags&post=22345"}],"curies":[{"name":"wp","href":"https:\/\/api.w.org\/{rel}","templated":true}]}}