{"id":22377,"date":"2023-09-15T09:58:58","date_gmt":"2023-09-15T12:58:58","guid":{"rendered":"https:\/\/www.jornaldaconstrucaocivil.com.br\/?p=22377"},"modified":"2023-09-15T09:58:58","modified_gmt":"2023-09-15T12:58:58","slug":"inter-conecta-matchmaking-para-mulheres-do-setor-de-hidrogenio-verde-e-sucesso-na-intersolar-south-america","status":"publish","type":"post","link":"https:\/\/construcaocivil.siriusmarketingedesign.com.br\/?p=22377","title":{"rendered":"Inter-conecta: Matchmaking para mulheres do setor de hidrog\u00eanio verde \u00e9 sucesso na Intersolar South America"},"content":{"rendered":"<p class=\"v1MsoNormal\" style=\"text-align: justify;\"><span style=\"color: #993300;\">Setembro<\/span> &#8211; No dia 30 de agosto, os projetos H2Brasil e a Parceria Energ\u00e9tica Brasil-Alemanha, ambos implementados pela <i>Deutsche Gesellschaft f\u00fcr Internationale Zusammenarbeit<\/i>\u00a0(GIZ) realizaram, com apoio da C\u00e2mara Brasil-Alemanha do Rio de Janeiro (AHK Rio) e a participa\u00e7\u00e3o da Parceria Energ\u00e9tica, o Inter-conecta, um\u00a0<i>matchmaking<\/i>\u00a0com o objetivo de promover a atua\u00e7\u00e3o das mulheres do setor de hidrog\u00eanio verde (H2V) e conect\u00e1-las com o p\u00fablico-alvo da maior feira do setor de energia solar da Am\u00e9rica Latina, a Intersolar<i>\u00a0South America.<\/i><\/p>\n<p class=\"v1MsoNormal\" style=\"text-align: justify;\">O evento aconteceu durante a feira no Expo Center Norte em S\u00e3o Paulo e reuniu 95 participantes proporcionando mais de 300 conex\u00f5es.<\/p>\n<p class=\"v1MsoNormal\" style=\"text-align: justify;\">Durante o\u00a0<i>matchmaking,<\/i>\u00a0quinze mulheres especialistas de diversos \u00e2mbitos do hidrog\u00eanio verde estiveram presentes e foram as chamadas \u201c\u00e2ncoras\u201d do evento. A din\u00e2mica proposta permitiu que cada uma pudesse receber participantes em sua mesa e trocar informa\u00e7\u00f5es e conhecimento.<\/p>\n<p class=\"v1MsoNormal\" style=\"text-align: justify;\"><b>Agnes Maria de Arag\u00e3o da Costa<\/b>,\u00a0Diretora da Ag\u00eancia Nacional de Energia El\u00e9trica (ANEEL), foi a\u00a0<i>keynote speaker\u00a0<\/i>do evento. Em seu discurso, a diretora refor\u00e7ou a import\u00e2ncia do desenvolvimento das energias renov\u00e1veis e da presen\u00e7a de pessoas do g\u00eanero feminino dentro do setor \u201cEsse recorte de g\u00eanero promovido pelo evento \u00e9 de extrema import\u00e2ncia para saber quem s\u00e3o e onde est\u00e3o as mulheres que trabalham na \u00e1rea. \u00c9 muito solit\u00e1rio estar em uma sala de reuni\u00e3o cercada por homens, por isso precisamos mostrar que n\u00f3s, mulheres, tamb\u00e9m participamos desse setor.\u201d<\/p>\n<p class=\"v1MsoNormal\" style=\"text-align: justify;\">A atua\u00e7\u00e3o de mulheres no setor de hidrog\u00eanio j\u00e1 \u00e9 significativa, por\u00e9m pouco difundida. Desta forma, a decis\u00e3o de realizar o Inter-conecta durante a Intersolar\u00a0<i>South America<\/i>\u00a0n\u00e3o \u00e9 por acaso: \u201cA feira j\u00e1 tem 10 anos e \u00e9 muito claro o tanto que as energias renov\u00e1veis mudaram. \u00c9 animador pensar o quanto o setor ainda ir\u00e1 mudar em 10 ou 20 anos e como a nossa contribui\u00e7\u00e3o de conectar as mulheres l\u00edderes no setor de Hidrog\u00eanio Verde ter\u00e1 impacto daqui para frente.\u201d afirmou\u00a0<b>Nat\u00e1lia Chaves<\/b>, Coordenadora de Transi\u00e7\u00e3o Energ\u00e9tica e Sustentabilidade da AHK Rio.<\/p>\n<p class=\"v1MsoNormal\" style=\"text-align: justify;\">As mulheres \u00e2ncora representaram temas distintos no universo de H2V, confira a listagem abaixo:<\/p>\n<p class=\"v1MsoListParagraphCxSpFirst\" style=\"text-align: justify;\">\u00b7\u00a0\u00a0\u00a0\u00a0\u00a0\u00a0\u00a0Silla Motta \u2013 CEO da Donna Lamparina<\/p>\n<p class=\"v1MsoListParagraphCxSpMiddle\" style=\"text-align: justify;\">\u00b7\u00a0\u00a0\u00a0\u00a0\u00a0\u00a0\u00a0Aline Kirsten Vidal &#8211; Engenheira eletricista e pesquisadora do Laborat\u00f3rio Fotovoltaico da Universidade Federal de Santa Catarina<\/p>\n<p class=\"v1MsoListParagraphCxSpMiddle\" style=\"text-align: justify;\">\u00b7\u00a0\u00a0\u00a0\u00a0\u00a0\u00a0\u00a0Mar\u00edlia Rabassa &#8211;\u00a0Diretora Geral da CELA Clean Energy Latin America<\/p>\n<p class=\"v1MsoListParagraphCxSpMiddle\" style=\"text-align: justify;\">\u00b7\u00a0\u00a0\u00a0\u00a0\u00a0\u00a0\u00a0Icoana Lais Martins &#8211; Fundadora H2Todos<\/p>\n<p class=\"v1MsoListParagraphCxSpMiddle\" style=\"text-align: justify;\">\u00b7\u00a0\u00a0\u00a0\u00a0\u00a0\u00a0\u00a0Maria Stella Andre\u00e3o &#8211; Engenheira da \u00c1rea de Planejamento no Departamento de Desenvolvimento de Cadeias Industriais \u2013 Credenciamento Finame<\/p>\n<p class=\"v1MsoListParagraphCxSpMiddle\" style=\"text-align: justify;\">\u00b7\u00a0\u00a0\u00a0\u00a0\u00a0\u00a0\u00a0Isabela Santos de Albuquerque Nunes Koletzke &#8211; International Hydrogen Ramp-Up Programme (H2UPPP)<\/p>\n<p class=\"v1MsoListParagraphCxSpMiddle\" style=\"text-align: justify;\">\u00b7\u00a0\u00a0\u00a0\u00a0\u00a0\u00a0\u00a0Desire Pajola &#8211; Diretora Jur\u00eddica da Associa\u00e7\u00e3o Brasileira de Hidrog\u00eanio e Am\u00f4nia Verdes (ABHAV)<\/p>\n<p class=\"v1MsoListParagraphCxSpMiddle\" style=\"text-align: justify;\">\u00b7\u00a0\u00a0\u00a0\u00a0\u00a0\u00a0\u00a0Marina Reis Piva &#8211; Desenvolvimento de neg\u00f3cios de hidrog\u00eanio verde e biometano no Grupo Gera<\/p>\n<p class=\"v1MsoListParagraphCxSpMiddle\" style=\"text-align: justify;\">\u00b7\u00a0\u00a0\u00a0\u00a0\u00a0\u00a0\u00a0Glaucia Vieira &#8211; Fundadora da Startup GreenEnergy Solu\u00e7\u00f5es Sustent\u00e1veis<\/p>\n<p class=\"v1MsoListParagraphCxSpMiddle\" style=\"text-align: justify;\">\u00b7\u00a0\u00a0\u00a0\u00a0\u00a0\u00a0\u00a0Suani Teixeira Coelho &#8211; Coordenadora do Grupo de Pesquisas em Bioenergia do Instituto de Energia e Ambiente<\/p>\n<p class=\"v1MsoListParagraphCxSpMiddle\" style=\"text-align: justify;\">\u00b7\u00a0\u00a0\u00a0\u00a0\u00a0\u00a0\u00a0Leidiane Mariani &#8211; S\u00f3cia-Fundadora da Amplum Biog\u00e1s<\/p>\n<p class=\"v1MsoListParagraphCxSpMiddle\" style=\"text-align: justify;\">\u00b7\u00a0\u00a0\u00a0\u00a0\u00a0\u00a0\u00a0Ceres Cavalcanti &#8211; Coordenadora de projetos da NIRAS<\/p>\n<p class=\"v1MsoListParagraphCxSpMiddle\" style=\"text-align: justify;\">\u00b7\u00a0\u00a0\u00a0\u00a0\u00a0\u00a0\u00a0Liza Rocha &#8211;\u00a0Fundadora e CEO da Oca Energia<\/p>\n<p class=\"v1MsoListParagraphCxSpMiddle\" style=\"text-align: justify;\">\u00b7\u00a0\u00a0\u00a0\u00a0\u00a0\u00a0\u00a0Loana Lima &#8211; Diretora Adjunta e Gerente de Entrada no Mercado e Desenvolvimento de Neg\u00f3cios da AHK Rio<\/p>\n<p class=\"v1MsoListParagraphCxSpLast\" style=\"text-align: justify;\">\u00b7\u00a0\u00a0\u00a0\u00a0\u00a0\u00a0\u00a0Maria Miller &#8211; Analista de Inova\u00e7\u00e3o Aberta da AHK S\u00e3o Paulo<\/p>\n<p class=\"v1MsoNormal\" style=\"text-align: justify;\"><b>Silla Motta<\/b>, CEO da Donna Lamparina, compartilhou sua experi\u00eancia como \u00e2ncora do evento \u201cDurante as conversas identificamos v\u00e1rias sinergias e j\u00e1 juntamos as pessoas para fazerem contato fora daqui. Foi muito bom ter um espa\u00e7o onde especialistas que dominam diversos assuntos em Hidrog\u00eanio Verde estavam dispon\u00edveis para compartilhar conhecimento e tirar d\u00favidas.\u201d<\/p>\n<p class=\"v1MsoNormal\" style=\"text-align: justify;\">O evento aconteceu no \u00e2mbito do projeto H2Brasil que integra a Coopera\u00e7\u00e3o Brasil-Alemanha para o Desenvolvimento Sustent\u00e1vel e \u00e9 implementado pela GIZ Brasil e pelo Minist\u00e9rio de Minas e Energia e financiado pelo Minist\u00e9rio Federal da Coopera\u00e7\u00e3o Econ\u00f4mica e Desenvolvimento da Alemanha (BMZ).<\/p>\n<p class=\"v1MsoNormal\" style=\"text-align: justify;\">O H2Brasil apoia o portal\u00a0<a href=\"https:\/\/www.h2verdebrasil.com.br\/\" target=\"_blank\" rel=\"noopener noreferrer\">https:\/\/www.h2verdebrasil.com.br\/<\/a>\u00a0realizado pela Alian\u00e7a Brasil-Alemanha para o Hidrog\u00eanio Verde, formada pela nossa C\u00e2mara e da C\u00e2mara Brasil-Alemanha de Rio de Janeiro.<\/p>\n","protected":false},"excerpt":{"rendered":"<p>Setembro &#8211; No dia 30 de agosto, os projetos H2Brasil e a Parceria Energ\u00e9tica Brasil-Alemanha, ambos implementados pela Deutsche Gesellschaft f\u00fcr Internationale Zusammenarbeit\u00a0(GIZ) realizaram, com apoio da C\u00e2mara Brasil-Alemanha do Rio de Janeiro (AHK Rio) e a participa\u00e7\u00e3o da Parceria Energ\u00e9tica, o Inter-conecta, um\u00a0matchmaking\u00a0com o objetivo de promover a atua\u00e7\u00e3o das mulheres do setor de [&hellip;]<\/p>\n","protected":false},"author":1,"featured_media":22378,"comment_status":"open","ping_status":"open","sticky":false,"template":"","format":"standard","meta":{"_uag_custom_page_level_css":"","footnotes":""},"categories":[29],"tags":[4305,25729,25371,25728],"class_list":["post-22377","post","type-post","status-publish","format-standard","has-post-thumbnail","hentry","category-energia","tag-energia-limpa","tag-h2brasil","tag-hidrogenio-verde","tag-mulheres-energia-solar"],"blocksy_meta":[],"spectra_blocks_featured_image_url":{"thumbnail":{"url":"https:\/\/construcaocivil.siriusmarketingedesign.com.br\/wp-content\/uploads\/2023\/09\/image001-4-150x150.jpg","width":150,"height":150},"medium":{"url":"https:\/\/construcaocivil.siriusmarketingedesign.com.br\/wp-content\/uploads\/2023\/09\/image001-4-300x200.jpg","width":300,"height":200},"medium_large":{"url":"https:\/\/construcaocivil.siriusmarketingedesign.com.br\/wp-content\/uploads\/2023\/09\/image001-4.jpg","width":307,"height":205},"large":{"url":"https:\/\/construcaocivil.siriusmarketingedesign.com.br\/wp-content\/uploads\/2023\/09\/image001-4.jpg","width":307,"height":205},"full":{"url":"https:\/\/construcaocivil.siriusmarketingedesign.com.br\/wp-content\/uploads\/2023\/09\/image001-4.jpg","width":307,"height":205}},"spectra_blocks_author_info":{"display_name":"Jornal da Constru\u00e7\u00e3o Civil","avatar_url":"https:\/\/secure.gravatar.com\/avatar\/973c9774fd44ddaceb026973c4962faa70fc512bc4c9da68e8ebb40fecee6540?s=96&d=mm&r=g","author_link":"https:\/\/construcaocivil.siriusmarketingedesign.com.br\/?author=1","description":"Desde de 2013, levando muitas informa\u00e7\u00f5es, lan\u00e7amentos e produtos de qualidade para toda cadeia produtiva da constru\u00e7\u00e3o. O Futuro da constru\u00e7\u00e3o passa por aqui,"},"uagb_featured_image_src":{"full":["https:\/\/construcaocivil.siriusmarketingedesign.com.br\/wp-content\/uploads\/2023\/09\/image001-4.jpg",307,205,false],"thumbnail":["https:\/\/construcaocivil.siriusmarketingedesign.com.br\/wp-content\/uploads\/2023\/09\/image001-4-150x150.jpg",150,150,true],"medium":["https:\/\/construcaocivil.siriusmarketingedesign.com.br\/wp-content\/uploads\/2023\/09\/image001-4-300x200.jpg",300,200,true],"medium_large":["https:\/\/construcaocivil.siriusmarketingedesign.com.br\/wp-content\/uploads\/2023\/09\/image001-4.jpg",307,205,false],"large":["https:\/\/construcaocivil.siriusmarketingedesign.com.br\/wp-content\/uploads\/2023\/09\/image001-4.jpg",307,205,false],"1536x1536":["https:\/\/construcaocivil.siriusmarketingedesign.com.br\/wp-content\/uploads\/2023\/09\/image001-4.jpg",307,205,false],"2048x2048":["https:\/\/construcaocivil.siriusmarketingedesign.com.br\/wp-content\/uploads\/2023\/09\/image001-4.jpg",307,205,false]},"uagb_author_info":{"display_name":"Jornal da Constru\u00e7\u00e3o Civil","author_link":"https:\/\/construcaocivil.siriusmarketingedesign.com.br\/?author=1"},"uagb_comment_info":0,"uagb_excerpt":"Setembro &#8211; No dia 30 de agosto, os projetos H2Brasil e a Parceria Energ\u00e9tica Brasil-Alemanha, ambos implementados pela Deutsche Gesellschaft f\u00fcr Internationale Zusammenarbeit\u00a0(GIZ) realizaram, com apoio da C\u00e2mara Brasil-Alemanha do Rio de Janeiro (AHK Rio) e a participa\u00e7\u00e3o da Parceria Energ\u00e9tica, o Inter-conecta, um\u00a0matchmaking\u00a0com o objetivo de promover a atua\u00e7\u00e3o das mulheres do setor de&hellip;","_links":{"self":[{"href":"https:\/\/construcaocivil.siriusmarketingedesign.com.br\/index.php?rest_route=\/wp\/v2\/posts\/22377","targetHints":{"allow":["GET"]}}],"collection":[{"href":"https:\/\/construcaocivil.siriusmarketingedesign.com.br\/index.php?rest_route=\/wp\/v2\/posts"}],"about":[{"href":"https:\/\/construcaocivil.siriusmarketingedesign.com.br\/index.php?rest_route=\/wp\/v2\/types\/post"}],"author":[{"embeddable":true,"href":"https:\/\/construcaocivil.siriusmarketingedesign.com.br\/index.php?rest_route=\/wp\/v2\/users\/1"}],"replies":[{"embeddable":true,"href":"https:\/\/construcaocivil.siriusmarketingedesign.com.br\/index.php?rest_route=%2Fwp%2Fv2%2Fcomments&post=22377"}],"version-history":[{"count":0,"href":"https:\/\/construcaocivil.siriusmarketingedesign.com.br\/index.php?rest_route=\/wp\/v2\/posts\/22377\/revisions"}],"wp:featuredmedia":[{"embeddable":true,"href":"https:\/\/construcaocivil.siriusmarketingedesign.com.br\/index.php?rest_route=\/wp\/v2\/media\/22378"}],"wp:attachment":[{"href":"https:\/\/construcaocivil.siriusmarketingedesign.com.br\/index.php?rest_route=%2Fwp%2Fv2%2Fmedia&parent=22377"}],"wp:term":[{"taxonomy":"category","embeddable":true,"href":"https:\/\/construcaocivil.siriusmarketingedesign.com.br\/index.php?rest_route=%2Fwp%2Fv2%2Fcategories&post=22377"},{"taxonomy":"post_tag","embeddable":true,"href":"https:\/\/construcaocivil.siriusmarketingedesign.com.br\/index.php?rest_route=%2Fwp%2Fv2%2Ftags&post=22377"}],"curies":[{"name":"wp","href":"https:\/\/api.w.org\/{rel}","templated":true}]}}