{"id":22402,"date":"2023-09-19T08:43:59","date_gmt":"2023-09-19T11:43:59","guid":{"rendered":"https:\/\/www.jornaldaconstrucaocivil.com.br\/?p=22402"},"modified":"2023-09-19T08:43:59","modified_gmt":"2023-09-19T11:43:59","slug":"um-banheiro-para-chamar-de-seu-instituto-fazendinhando-constroi-area-de-lavabo-que-nao-existia-em-uma-casa-de-4-m%c2%b2","status":"publish","type":"post","link":"https:\/\/construcaocivil.siriusmarketingedesign.com.br\/?p=22402","title":{"rendered":"Um banheiro para chamar de SEU:  Instituto Fazendinhando constr\u00f3i \u00e1rea de lavabo que n\u00e3o existia em uma casa de 4 m\u00b2"},"content":{"rendered":"<p><strong><i>O projeto foi realizado na resid\u00eancia de um morador da comunidade do Jardim Colombo, a partir de materiais doados e recursos reaproveitados<\/i><\/strong><\/p>\n<p>S\u00e3o Paulo, 2023 \u2013 No dia 11 de setembro, o Instituto Fazendinhando apresentou a finaliza\u00e7\u00e3o de uma reforma em uma casa de 4 m\u00b2, localizada na comunidade do Jardim Colombo, Zona Oeste de S\u00e3o Paulo.<\/p>\n<p>&nbsp;<\/p>\n<p>O projeto da arquiteta e ativista social Ester Carro buscou solu\u00e7\u00f5es para proporcionar um lar mais digno e saud\u00e1vel ao morador Francisco da Silva, 59, \u2013 popularmente conhecido como Tiquinho em seu bairro. Isso porque o ambiente n\u00e3o tinha banheiro e a cama ficava suspensa no teto.<\/p>\n<figure id=\"attachment_22404\" aria-describedby=\"caption-attachment-22404\" style=\"width: 200px\" class=\"wp-caption alignleft\"><img loading=\"lazy\" decoding=\"async\" class=\"size-medium wp-image-22404\" src=\"https:\/\/www.jornaldaconstrucaocivil.com.br\/wp-content\/uploads\/2023\/09\/handler-22-1-200x300.jpg\" alt=\"\" width=\"200\" height=\"300\" srcset=\"https:\/\/construcaocivil.siriusmarketingedesign.com.br\/wp-content\/uploads\/2023\/09\/handler-22-1-200x300.jpg 200w, https:\/\/construcaocivil.siriusmarketingedesign.com.br\/wp-content\/uploads\/2023\/09\/handler-22-1-683x1024.jpg 683w, https:\/\/construcaocivil.siriusmarketingedesign.com.br\/wp-content\/uploads\/2023\/09\/handler-22-1-768x1152.jpg 768w, https:\/\/construcaocivil.siriusmarketingedesign.com.br\/wp-content\/uploads\/2023\/09\/handler-22-1.jpg 800w\" sizes=\"auto, (max-width: 200px) 100vw, 200px\" \/><figcaption id=\"caption-attachment-22404\" class=\"wp-caption-text\">Moradia digna. Cr\u00e9dito: Andr\u00e9 Del Casalle<\/figcaption><\/figure>\n<p>Conforme dados coletados em 2019 pela S\u00edntese dos Indicadores Sociais, do IBGE, cerca de 15 milh\u00f5es de brasileiros moram em habita\u00e7\u00f5es com alguma condi\u00e7\u00e3o prec\u00e1ria ou com riscos de seguran\u00e7a. O levantamento tamb\u00e9m destacou que 21,3% da popula\u00e7\u00e3o vive em casas sem banheiros, constru\u00eddas com restos de madeira ou outras situa\u00e7\u00f5es.<\/p>\n<p>Ap\u00f3s diversas avalia\u00e7\u00f5es no espa\u00e7o, as obras iniciaram no final de abril de 2023, por meio do Fazendolar \u2013 pilar do Instituto respons\u00e1vel por reformas em moradias prec\u00e1rias. Hoje, a casa possui \u00e1reas e elementos com fun\u00e7\u00f5es b\u00e1sicas. Por\u00e9m, antes, Francisco nem imaginava essa possibilidade no lugar em que mora. &#8220;Eu n\u00e3o tinha espa\u00e7o para nada. At\u00e9 para me movimentar tinha que ser calculado&#8221;, ele relata.<\/p>\n<p>&nbsp;<\/p>\n<p>Para obter o resultado, o processo foi dividido em duas etapas. O primeiro passo foi a constru\u00e7\u00e3o do banheiro debaixo de uma escada que leva ao andar da casa vizinha. &#8220;Desde o come\u00e7o da obra, o Tiquinho j\u00e1 estava com esse c\u00f4modo, porque antes ele n\u00e3o conseguia nem fazer suas necessidades b\u00e1sicas&#8221;, destaca Ester<\/p>\n<p>O espa\u00e7o foi revestido por azulejos brancos, com a incorpora\u00e7\u00e3o de vaso sanit\u00e1rio, pia, chuveiro e um espelho largo, instalado conforme as caracter\u00edsticas do ambiente. Desde o in\u00edcio, a reforma foi feita a partir de materiais adquiridos de doa\u00e7\u00f5es.<\/p>\n<p>&nbsp;<\/p>\n<figure id=\"attachment_22405\" aria-describedby=\"caption-attachment-22405\" style=\"width: 225px\" class=\"wp-caption alignright\"><img loading=\"lazy\" decoding=\"async\" class=\"size-medium wp-image-22405\" src=\"https:\/\/www.jornaldaconstrucaocivil.com.br\/wp-content\/uploads\/2023\/09\/handler-23-225x300.jpg\" alt=\"\" width=\"225\" height=\"300\" srcset=\"https:\/\/construcaocivil.siriusmarketingedesign.com.br\/wp-content\/uploads\/2023\/09\/handler-23-225x300.jpg 225w, https:\/\/construcaocivil.siriusmarketingedesign.com.br\/wp-content\/uploads\/2023\/09\/handler-23-768x1024.jpg 768w, https:\/\/construcaocivil.siriusmarketingedesign.com.br\/wp-content\/uploads\/2023\/09\/handler-23-200x267.jpg 200w, https:\/\/construcaocivil.siriusmarketingedesign.com.br\/wp-content\/uploads\/2023\/09\/handler-23.jpg 800w\" sizes=\"auto, (max-width: 225px) 100vw, 225px\" \/><figcaption id=\"caption-attachment-22405\" class=\"wp-caption-text\">Lavabo em casa de 4 m\u00b2. Cr\u00e9dito: Andr\u00e9 Del Casalle<\/figcaption><\/figure>\n<p>&#8220;Antes de come\u00e7ar a obra, iniciamos uma campanha para arrecadar recursos, principalmente para a parte de marcenaria&#8221;, diz Ester. Para a arquiteta, essa foi uma das fases mais desafiadoras, pois, no come\u00e7o, ela e sua equipe enfrentaram dificuldades para conseguir os materiais necess\u00e1rios. &#8220;Como a casa \u00e9 muito pequena, ela precisava ser totalmente adaptada.&#8221;<\/p>\n<p>&nbsp;<\/p>\n<p>No decorrer do projeto, Ester participou da CASACOR 2023, com a apresenta\u00e7\u00e3o de seu espa\u00e7o chamado &#8220;MOTIR\u00d5&#8221;. Nele, a arquiteta representou a arquitetura social e o morar em lares pequenos nas periferias. Al\u00e9m de provocar uma reflex\u00e3o no p\u00fablico, a exposi\u00e7\u00e3o tamb\u00e9m serviu para o Instituto reaproveitar diversos recursos.<\/p>\n<p>&nbsp;<\/p>\n<p>&#8220;Com a desmontagem do evento, conseguimos levar revestimentos e gabinetes para a casa do Tiquinho&#8221;, conta Ester. Ainda, algumas aquisi\u00e7\u00f5es foram feitas nos com\u00e9rcios da pr\u00f3pria comunidade, fomentando a economia local.<\/p>\n<p>Assim, a obra tamb\u00e9m conseguiu avan\u00e7ar a segunda etapa, que teve como objetivo elevar a cama do morador a partir do nivelamento do piso e da aplica\u00e7\u00e3o de uma estrutura de madeira.<\/p>\n<p>&nbsp;<\/p>\n<p>Franciso relata que o projeto de amplia\u00e7\u00e3o da sua casa teve um grande impacto na sua vida. &#8220;Me ajudou muito e levantou minha autoestima. Tinham muitas coisas que eu precisava, como ter o conforto no meu espa\u00e7o e o meu banheiro&#8221;, conta.<\/p>\n<p>Ali\u00e1s, ele auxiliou na reforma, juntamente com volunt\u00e1rios e com mulheres capacitadas pelo pilar Fazendeiras. Francisco ressalta a import\u00e2ncia de ter um lugar para se higienizar, para dormir com mais aconchego e, at\u00e9 mesmo, para armazenar seus alimentos com mais comodidade.<\/p>\n<p>&nbsp;<\/p>\n<p>&#8220;Somos gratos \u00e0 SUM Engenharia, pela doa\u00e7\u00e3o de materiais, bem como os outros doadores que fizeram parte da campanha. Tamb\u00e9m agradecemos \u00e0 #CASACOR, CASACOR Sustent\u00e1vel, Plataforma Caos Planejado e RPN Cobog\u00f3 pelo apoio ao projeto&#8221;, finaliza Ester.<\/p>\n<p>&nbsp;<\/p>\n<p>Acesse <a href=\"https:\/\/s2309.imxsnd28.com\/link.php?code=bDpodHRwcyUzQSUyRiUyRnd3dy5mYXplbmRpbmhhbmRvLm9yZyUyRis6MjQyODIyNzAzMTpyZWRhY2FvQGpvcm5hbGRhY29uc3RydWNhb2NpdmlsLmNvbS5icjplOWI3NzY6NTk=\" target=\"_blank\" rel=\"noopener noreferrer\">Site Fazendinhando<\/a><\/p>\n","protected":false},"excerpt":{"rendered":"<p>O projeto foi realizado na resid\u00eancia de um morador da comunidade do Jardim Colombo, a partir de materiais doados e recursos reaproveitados S\u00e3o Paulo, 2023 \u2013 No dia 11 de setembro, o Instituto Fazendinhando apresentou a finaliza\u00e7\u00e3o de uma reforma em uma casa de 4 m\u00b2, localizada na comunidade do Jardim Colombo, Zona Oeste de [&hellip;]<\/p>\n","protected":false},"author":1,"featured_media":22403,"comment_status":"open","ping_status":"open","sticky":false,"template":"","format":"standard","meta":{"_uag_custom_page_level_css":"","footnotes":""},"categories":[28],"tags":[25742,25744,1279,25745,25743],"class_list":["post-22402","post","type-post","status-publish","format-standard","has-post-thumbnail","hentry","category-arquitetura","tag-casacor","tag-favelas","tag-banheiros","tag-fazendinhando","tag-sum-engenharia"],"blocksy_meta":[],"spectra_blocks_featured_image_url":{"thumbnail":{"url":"https:\/\/construcaocivil.siriusmarketingedesign.com.br\/wp-content\/uploads\/2023\/09\/handler-21-1-150x150.jpg","width":150,"height":150},"medium":{"url":"https:\/\/construcaocivil.siriusmarketingedesign.com.br\/wp-content\/uploads\/2023\/09\/handler-21-1-225x300.jpg","width":225,"height":300},"medium_large":{"url":"https:\/\/construcaocivil.siriusmarketingedesign.com.br\/wp-content\/uploads\/2023\/09\/handler-21-1-768x1024.jpg","width":768,"height":1024},"large":{"url":"https:\/\/construcaocivil.siriusmarketingedesign.com.br\/wp-content\/uploads\/2023\/09\/handler-21-1-768x1024.jpg","width":768,"height":1024},"full":{"url":"https:\/\/construcaocivil.siriusmarketingedesign.com.br\/wp-content\/uploads\/2023\/09\/handler-21-1.jpg","width":800,"height":1067}},"spectra_blocks_author_info":{"display_name":"Jornal da Constru\u00e7\u00e3o Civil","avatar_url":"https:\/\/secure.gravatar.com\/avatar\/973c9774fd44ddaceb026973c4962faa70fc512bc4c9da68e8ebb40fecee6540?s=96&d=mm&r=g","author_link":"https:\/\/construcaocivil.siriusmarketingedesign.com.br\/?author=1","description":"Desde de 2013, levando muitas informa\u00e7\u00f5es, lan\u00e7amentos e produtos de qualidade para toda cadeia produtiva da constru\u00e7\u00e3o. O Futuro da constru\u00e7\u00e3o passa por aqui,"},"uagb_featured_image_src":{"full":["https:\/\/construcaocivil.siriusmarketingedesign.com.br\/wp-content\/uploads\/2023\/09\/handler-21-1.jpg",800,1067,false],"thumbnail":["https:\/\/construcaocivil.siriusmarketingedesign.com.br\/wp-content\/uploads\/2023\/09\/handler-21-1-150x150.jpg",150,150,true],"medium":["https:\/\/construcaocivil.siriusmarketingedesign.com.br\/wp-content\/uploads\/2023\/09\/handler-21-1-225x300.jpg",225,300,true],"medium_large":["https:\/\/construcaocivil.siriusmarketingedesign.com.br\/wp-content\/uploads\/2023\/09\/handler-21-1-768x1024.jpg",768,1024,true],"large":["https:\/\/construcaocivil.siriusmarketingedesign.com.br\/wp-content\/uploads\/2023\/09\/handler-21-1-768x1024.jpg",768,1024,true],"1536x1536":["https:\/\/construcaocivil.siriusmarketingedesign.com.br\/wp-content\/uploads\/2023\/09\/handler-21-1.jpg",800,1067,false],"2048x2048":["https:\/\/construcaocivil.siriusmarketingedesign.com.br\/wp-content\/uploads\/2023\/09\/handler-21-1.jpg",800,1067,false]},"uagb_author_info":{"display_name":"Jornal da Constru\u00e7\u00e3o Civil","author_link":"https:\/\/construcaocivil.siriusmarketingedesign.com.br\/?author=1"},"uagb_comment_info":0,"uagb_excerpt":"O projeto foi realizado na resid\u00eancia de um morador da comunidade do Jardim Colombo, a partir de materiais doados e recursos reaproveitados S\u00e3o Paulo, 2023 \u2013 No dia 11 de setembro, o Instituto Fazendinhando apresentou a finaliza\u00e7\u00e3o de uma reforma em uma casa de 4 m\u00b2, localizada na comunidade do Jardim Colombo, Zona Oeste de&hellip;","_links":{"self":[{"href":"https:\/\/construcaocivil.siriusmarketingedesign.com.br\/index.php?rest_route=\/wp\/v2\/posts\/22402","targetHints":{"allow":["GET"]}}],"collection":[{"href":"https:\/\/construcaocivil.siriusmarketingedesign.com.br\/index.php?rest_route=\/wp\/v2\/posts"}],"about":[{"href":"https:\/\/construcaocivil.siriusmarketingedesign.com.br\/index.php?rest_route=\/wp\/v2\/types\/post"}],"author":[{"embeddable":true,"href":"https:\/\/construcaocivil.siriusmarketingedesign.com.br\/index.php?rest_route=\/wp\/v2\/users\/1"}],"replies":[{"embeddable":true,"href":"https:\/\/construcaocivil.siriusmarketingedesign.com.br\/index.php?rest_route=%2Fwp%2Fv2%2Fcomments&post=22402"}],"version-history":[{"count":0,"href":"https:\/\/construcaocivil.siriusmarketingedesign.com.br\/index.php?rest_route=\/wp\/v2\/posts\/22402\/revisions"}],"wp:featuredmedia":[{"embeddable":true,"href":"https:\/\/construcaocivil.siriusmarketingedesign.com.br\/index.php?rest_route=\/wp\/v2\/media\/22403"}],"wp:attachment":[{"href":"https:\/\/construcaocivil.siriusmarketingedesign.com.br\/index.php?rest_route=%2Fwp%2Fv2%2Fmedia&parent=22402"}],"wp:term":[{"taxonomy":"category","embeddable":true,"href":"https:\/\/construcaocivil.siriusmarketingedesign.com.br\/index.php?rest_route=%2Fwp%2Fv2%2Fcategories&post=22402"},{"taxonomy":"post_tag","embeddable":true,"href":"https:\/\/construcaocivil.siriusmarketingedesign.com.br\/index.php?rest_route=%2Fwp%2Fv2%2Ftags&post=22402"}],"curies":[{"name":"wp","href":"https:\/\/api.w.org\/{rel}","templated":true}]}}