{"id":22410,"date":"2023-09-19T17:05:37","date_gmt":"2023-09-19T20:05:37","guid":{"rendered":"https:\/\/www.jornaldaconstrucaocivil.com.br\/?p=22410"},"modified":"2023-11-18T17:13:54","modified_gmt":"2023-11-18T20:13:54","slug":"rio-construcao-summit-governo-do-estado-anuncia-investimento-na-habitacao-em-evento-da-construcao-civil","status":"publish","type":"post","link":"https:\/\/construcaocivil.siriusmarketingedesign.com.br\/?p=22410","title":{"rendered":"Rio Constru\u00e7\u00e3o Summit: Governo do Estado anuncia investimento na habita\u00e7\u00e3o em evento da Constru\u00e7\u00e3o Civil"},"content":{"rendered":"<div class=\"v1gmail_default\">\n<p style=\"text-align: justify;\">&#8220;O Rio voltou, o Brasil voltou.&#8221; Essa foi a afirma\u00e7\u00e3o un\u00e2nime das autoridades que estiveram presentes \u00e0 abertura do maior evento da ind\u00fastria da constru\u00e7\u00e3o civil realizado no pa\u00eds, promovido pelo Sindicato da Constru\u00e7\u00e3o Civil no Rio de Janeiro (Sinduscon-Rio), nesta ter\u00e7a-feira, 19.<\/p>\n<\/div>\n<div class=\"v1gmail_default\" style=\"text-align: justify;\">O Rio Constru\u00e7\u00e3o Summmit se tornou palco de an\u00fancios importantes para a economia fluminense. O governador Cl\u00e1udio Castro e o secret\u00e1rio estadual de Habita\u00e7\u00e3o, Bruno Dauaire, anunciaram oficialmente o novo programa p\u00fablico que prev\u00ea a constru\u00e7\u00e3o de 14 mil novas moradias gerando, a m\u00e9dio prazo, 75 mil novos empregos no estado.<br \/>\nA Firjan, patrocinadora master do evento, tamb\u00e9m apresentou n\u00fameros robustos levantados por pesquisas realizadas pela entidade. O impacto econ\u00f4mico total dos investimentos federais previstos para a Regi\u00e3o Sudeste est\u00e1 na casa dos R$ 800 bilh\u00f5es de reais, entre &#8216;PAC 3&#8217; e &#8216;Minha Casa, Minha Vida&#8217;.Anfitri\u00e3o do evento, Cl\u00e1udio Hermolin, presidente do Sindicato da Ind\u00fastria da Constru\u00e7\u00e3o Civil do Rio de Janeiro (Sinduscon-Rio), comemorou as boas not\u00edcias: &#8220;A ind\u00fastria da constru\u00e7\u00e3o, em suas v\u00e1rias camadas, \u00e9 a locomotiva do desenvolvimento das na\u00e7\u00f5es. Muito me orgulha ouvir que o Rio de Janeiro ter\u00e1 o maior plano de habita\u00e7\u00e3o do pa\u00eds. E esse an\u00fancio sendo feito no nosso evento \u00e9 a realiza\u00e7\u00e3o de um sonho. Principalmente diante de um audit\u00f3rio lotado pelo empresariado do setor e de toda a cadeia produtiva, al\u00e9m de nossos parceiros do Legislativo, Executivo, entidades e institui\u00e7\u00f5es que nos ajudaram a realizar o Rio Constru\u00e7\u00e3o Summit.&#8221;<\/p>\n<p>O evento re\u00fane desde a manh\u00e3 de ter\u00e7a-feira (19), cerca de 10 mil pessoas no Armaz\u00e9m 3 do Pier Mau\u00e1. Al\u00e9m do governador Cl\u00e1udio Castro e do prefeito Eduardo Paes, estiveram na abertura do Rio Constru\u00e7\u00e3o Summit o presidente da C\u00e2mara Municipal do Rio, Carlo Caiado, o vereador Rafael Alo\u00edsio Freitas, a deputada Martha Rocha e a vice-presidente de Habita\u00e7\u00e3o da Caixa Econ\u00f4mica, In\u00eas Magalh\u00e3es.<\/p>\n<\/div>\n<div>\n<div class=\"v1gmail_signature\" dir=\"ltr\">\n<div dir=\"ltr\">\n<div dir=\"ltr\">\n<div dir=\"ltr\">\n<div dir=\"ltr\">\n<div dir=\"ltr\">\n<div style=\"text-align: justify;\"><\/div>\n<\/div>\n<\/div>\n<\/div>\n<\/div>\n<\/div>\n<\/div>\n<\/div>\n","protected":false},"excerpt":{"rendered":"<p>&#8220;O Rio voltou, o Brasil voltou.&#8221; Essa foi a afirma\u00e7\u00e3o un\u00e2nime das autoridades que estiveram presentes \u00e0 abertura do maior evento da ind\u00fastria da constru\u00e7\u00e3o civil realizado no pa\u00eds, promovido pelo Sindicato da Constru\u00e7\u00e3o Civil no Rio de Janeiro (Sinduscon-Rio), nesta ter\u00e7a-feira, 19. O Rio Constru\u00e7\u00e3o Summmit se tornou palco de an\u00fancios importantes para a [&hellip;]<\/p>\n","protected":false},"author":1,"featured_media":22411,"comment_status":"open","ping_status":"open","sticky":false,"template":"","format":"standard","meta":{"_uag_custom_page_level_css":"","footnotes":""},"categories":[33],"tags":[24358,5729,14243,10375],"class_list":["post-22410","post","type-post","status-publish","format-standard","has-post-thumbnail","hentry","category-mercado","tag-construcao-empregos","tag-habitacao","tag-porto-maravilha-rj","tag-rio-de-janeiro"],"blocksy_meta":[],"spectra_blocks_featured_image_url":{"thumbnail":{"url":"https:\/\/construcaocivil.siriusmarketingedesign.com.br\/wp-content\/uploads\/2023\/09\/WhatsApp-Image-2023-09-19-at-16.23.32-1-150x150.jpeg","width":150,"height":150},"medium":{"url":"https:\/\/construcaocivil.siriusmarketingedesign.com.br\/wp-content\/uploads\/2023\/09\/WhatsApp-Image-2023-09-19-at-16.23.32-1-300x225.jpeg","width":300,"height":225},"medium_large":{"url":"https:\/\/construcaocivil.siriusmarketingedesign.com.br\/wp-content\/uploads\/2023\/09\/WhatsApp-Image-2023-09-19-at-16.23.32-1-768x576.jpeg","width":768,"height":576},"large":{"url":"https:\/\/construcaocivil.siriusmarketingedesign.com.br\/wp-content\/uploads\/2023\/09\/WhatsApp-Image-2023-09-19-at-16.23.32-1-1024x768.jpeg","width":1024,"height":768},"full":{"url":"https:\/\/construcaocivil.siriusmarketingedesign.com.br\/wp-content\/uploads\/2023\/09\/WhatsApp-Image-2023-09-19-at-16.23.32-1.jpeg","width":1500,"height":1125}},"spectra_blocks_author_info":{"display_name":"Jornal da Constru\u00e7\u00e3o Civil","avatar_url":"https:\/\/secure.gravatar.com\/avatar\/973c9774fd44ddaceb026973c4962faa70fc512bc4c9da68e8ebb40fecee6540?s=96&d=mm&r=g","author_link":"https:\/\/construcaocivil.siriusmarketingedesign.com.br\/?author=1","description":"Desde de 2013, levando muitas informa\u00e7\u00f5es, lan\u00e7amentos e produtos de qualidade para toda cadeia produtiva da constru\u00e7\u00e3o. O Futuro da constru\u00e7\u00e3o passa por aqui,"},"uagb_featured_image_src":{"full":["https:\/\/construcaocivil.siriusmarketingedesign.com.br\/wp-content\/uploads\/2023\/09\/WhatsApp-Image-2023-09-19-at-16.23.32-1.jpeg",1500,1125,false],"thumbnail":["https:\/\/construcaocivil.siriusmarketingedesign.com.br\/wp-content\/uploads\/2023\/09\/WhatsApp-Image-2023-09-19-at-16.23.32-1-150x150.jpeg",150,150,true],"medium":["https:\/\/construcaocivil.siriusmarketingedesign.com.br\/wp-content\/uploads\/2023\/09\/WhatsApp-Image-2023-09-19-at-16.23.32-1-300x225.jpeg",300,225,true],"medium_large":["https:\/\/construcaocivil.siriusmarketingedesign.com.br\/wp-content\/uploads\/2023\/09\/WhatsApp-Image-2023-09-19-at-16.23.32-1-768x576.jpeg",768,576,true],"large":["https:\/\/construcaocivil.siriusmarketingedesign.com.br\/wp-content\/uploads\/2023\/09\/WhatsApp-Image-2023-09-19-at-16.23.32-1-1024x768.jpeg",1024,768,true],"1536x1536":["https:\/\/construcaocivil.siriusmarketingedesign.com.br\/wp-content\/uploads\/2023\/09\/WhatsApp-Image-2023-09-19-at-16.23.32-1.jpeg",1500,1125,false],"2048x2048":["https:\/\/construcaocivil.siriusmarketingedesign.com.br\/wp-content\/uploads\/2023\/09\/WhatsApp-Image-2023-09-19-at-16.23.32-1.jpeg",1500,1125,false]},"uagb_author_info":{"display_name":"Jornal da Constru\u00e7\u00e3o Civil","author_link":"https:\/\/construcaocivil.siriusmarketingedesign.com.br\/?author=1"},"uagb_comment_info":0,"uagb_excerpt":"&#8220;O Rio voltou, o Brasil voltou.&#8221; Essa foi a afirma\u00e7\u00e3o un\u00e2nime das autoridades que estiveram presentes \u00e0 abertura do maior evento da ind\u00fastria da constru\u00e7\u00e3o civil realizado no pa\u00eds, promovido pelo Sindicato da Constru\u00e7\u00e3o Civil no Rio de Janeiro (Sinduscon-Rio), nesta ter\u00e7a-feira, 19. O Rio Constru\u00e7\u00e3o Summmit se tornou palco de an\u00fancios importantes para a&hellip;","_links":{"self":[{"href":"https:\/\/construcaocivil.siriusmarketingedesign.com.br\/index.php?rest_route=\/wp\/v2\/posts\/22410","targetHints":{"allow":["GET"]}}],"collection":[{"href":"https:\/\/construcaocivil.siriusmarketingedesign.com.br\/index.php?rest_route=\/wp\/v2\/posts"}],"about":[{"href":"https:\/\/construcaocivil.siriusmarketingedesign.com.br\/index.php?rest_route=\/wp\/v2\/types\/post"}],"author":[{"embeddable":true,"href":"https:\/\/construcaocivil.siriusmarketingedesign.com.br\/index.php?rest_route=\/wp\/v2\/users\/1"}],"replies":[{"embeddable":true,"href":"https:\/\/construcaocivil.siriusmarketingedesign.com.br\/index.php?rest_route=%2Fwp%2Fv2%2Fcomments&post=22410"}],"version-history":[{"count":0,"href":"https:\/\/construcaocivil.siriusmarketingedesign.com.br\/index.php?rest_route=\/wp\/v2\/posts\/22410\/revisions"}],"wp:featuredmedia":[{"embeddable":true,"href":"https:\/\/construcaocivil.siriusmarketingedesign.com.br\/index.php?rest_route=\/wp\/v2\/media\/22411"}],"wp:attachment":[{"href":"https:\/\/construcaocivil.siriusmarketingedesign.com.br\/index.php?rest_route=%2Fwp%2Fv2%2Fmedia&parent=22410"}],"wp:term":[{"taxonomy":"category","embeddable":true,"href":"https:\/\/construcaocivil.siriusmarketingedesign.com.br\/index.php?rest_route=%2Fwp%2Fv2%2Fcategories&post=22410"},{"taxonomy":"post_tag","embeddable":true,"href":"https:\/\/construcaocivil.siriusmarketingedesign.com.br\/index.php?rest_route=%2Fwp%2Fv2%2Ftags&post=22410"}],"curies":[{"name":"wp","href":"https:\/\/api.w.org\/{rel}","templated":true}]}}