{"id":22417,"date":"2023-09-20T17:03:36","date_gmt":"2023-09-20T20:03:36","guid":{"rendered":"https:\/\/www.jornaldaconstrucaocivil.com.br\/?p=22417"},"modified":"2023-09-20T17:03:36","modified_gmt":"2023-09-20T20:03:36","slug":"emprego-e-renda-brasil-e-estados-unidos-lancam-inedita-parceria-para-promover-o-trabalho-digno","status":"publish","type":"post","link":"https:\/\/construcaocivil.siriusmarketingedesign.com.br\/?p=22417","title":{"rendered":"Emprego e Renda: Brasil e Estados Unidos lan\u00e7am in\u00e9dita parceria para promover o trabalho digno"},"content":{"rendered":"<div class=\"documentDescription\">Lan\u00e7ada em Nova York pelos presidentes Lula e Joe Biden, iniciativa vai estimular empregos de qualidade, proteger trabalhadores que atuam nas plataformas digitais e promover o conhecimento sobre direitos trabalhistas<\/div>\n<p>&nbsp;<\/p>\n<p>Os presidentes da Rep\u00fablica do Brasil, Luiz In\u00e1cio Lula da Silva, e dos Estados Unidos, Joe Biden, lan\u00e7am, nesta quarta-feira (20\/9), \u00e0s 13h, em Nova York, a Parceria pelos Direitos dos Trabalhadores e Trabalhadoras. A iniciativa in\u00e9dita entre os dois pa\u00edses tem como objetivo promover o trabalho digno.<\/p>\n<p>Por meio da parceria, o presidente Lula unir\u00e1 for\u00e7as com o presidente Biden para defender uma agenda de justi\u00e7a e sustentabilidade na economia global e para garantir que o crescimento econ\u00f4mico n\u00e3o deixe ningu\u00e9m para tr\u00e1s.<\/p>\n<p>\u201c\u00c9 a primeira vez em mais de 500 anos da hist\u00f3ria do Brasil em que voc\u00ea senta com o presidente da Rep\u00fablica americano, em igualdade de condi\u00e7\u00f5es, para discutir um problema cr\u00f4nico, que \u00e9 a quest\u00e3o da precariza\u00e7\u00e3o do mundo do trabalho\u201d, explicou Lula. Segundo o l\u00edder brasileiro, a iniciativa vai apontar para a sociedade e para a juventude a import\u00e2ncia de alcan\u00e7ar um trabalho que permita viver dignamente.<\/p>\n<p>Os dois pa\u00edses v\u00e3o trabalhar em estreita colabora\u00e7\u00e3o com parceiros sindicais do Brasil e dos EUA, e a Organiza\u00e7\u00e3o Internacional do Trabalho (OIT). E pretendem envolver outros pa\u00edses e parceiros globais na iniciativa, e assim fomentar um desenvolvimento inclusivo, sustent\u00e1vel e amplamente compartilhado com todos os trabalhadores e trabalhadoras.<\/p>\n<p><span style=\"color: #ff0000;\"><strong>1,2 milh\u00e3o de empregos<\/strong><\/span><\/p>\n<p>A iniciativa pretende fortalecer e expandir a colabora\u00e7\u00e3o bem-sucedida entre Brasil e Estados Unidos em temas como promo\u00e7\u00e3o da igualdade racial, prote\u00e7\u00e3o do meio ambiente e enfrentamento da crise clim\u00e1tica, fortalecimento da democracia e defesa dos direitos dos trabalhadores.<\/p>\n<p>Essa nova parceria \u00e9 perfeitamente compat\u00edvel com o compromisso do presidente Lula com a gera\u00e7\u00e3o de emprego e com os direitos dos trabalhadores e trabalhadoras, para induzir um desenvolvimento econ\u00f4mico e social, sustent\u00e1vel e equitativo. O governo federal valoriza o papel dos trabalhadores e dos sindicatos no fortalecimento da democracia.<\/p>\n<p><span style=\"color: #ff0000;\"><strong>As atividades conjuntas dos dois pa\u00edses com os parceiros t\u00eam como objetivo:<\/strong><\/span><\/p>\n<p class=\"callout\">\u00bb Ampliar o conhecimento p\u00fablico sobre os direitos trabalhistas e oferecer oportunidades para que os trabalhadores e trabalhadoras se capacitem para defender seus direitos<\/p>\n<p class=\"callout\">\u00bb\u00a0Refor\u00e7ar o papel central dos trabalhadores e trabalhadoras, garantindo que a transi\u00e7\u00e3o para fontes limpas de energia proporcione oportunidades de bons empregos para todos e todas<\/p>\n<p class=\"callout\">\u00bb\u00a0Em estreita colabora\u00e7\u00e3o com os nossos parceiros globais, estabelecer uma agenda centrada em aumentar a import\u00e2ncia dos trabalhadores e trabalhadoras em institui\u00e7\u00f5es multilaterais como o G20, a COP 28 e a COP 30<\/p>\n<p class=\"callout\">\u00bb\u00a0Apoiar e coordenar programas de coopera\u00e7\u00e3o t\u00e9cnica relacionados ao trabalho<\/p>\n<p class=\"callout\">\u00bb\u00a0Promover novos esfor\u00e7os para capacitar e proteger os direitos trabalhistas de trabalhadores e trabalhadoras nas plataformas digitais<\/p>\n<p class=\"callout\">\u00bb Envolver parceiros do setor privado em abordagens inovadoras para criar empregos dignos nas principais cadeias de produ\u00e7\u00e3o, combater a discrimina\u00e7\u00e3o nos locais do trabalho e promover a diversidade.<\/p>\n<article>\n<div id=\"content-core\">\n<div id=\"parent-fieldname-text\" class=\"\">\n<div>\n<p><span style=\"color: #ff0000;\"><strong>Nos primeiros oito meses, o governo brasileiro:<\/strong><\/span><\/p>\n<p class=\"callout\">\u00bb Gerou 1,2 milh\u00e3o de empregos, projetando cerca de 2 milh\u00f5es no ano de 2023<\/p>\n<p class=\"callout\">\u00bb\u00a0Recuperou a pol\u00edtica de valoriza\u00e7\u00e3o real, acima da infla\u00e7\u00e3o, do sal\u00e1rio m\u00ednimo<\/p>\n<p class=\"callout\">\u00bb\u00a0Promulgou a Lei da Igualdade Salarial para mulheres e homens<\/p>\n<p class=\"callout\">\u00bb\u00a0Realizou acordos nacionais e setoriais para promo\u00e7\u00e3o do trabalho decente no setor da cafeicultura e vitivinicultura<\/p>\n<p class=\"callout\">\u00bb\u00a0Estabeleceu um Grupo de Trabalho tripartite para regulamenta\u00e7\u00e3o do trabalho em plataforma digitais\/aplicativos<\/p>\n<p class=\"callout\">\u00bb\u00a0Estabeleceu um Grupo de Trabalho tripartite para promover a negocia\u00e7\u00e3o coletiva e boas rela\u00e7\u00f5es de trabalho<\/p>\n<p class=\"callout\">\u00bb\u00a0Encaminhou a mensagens pela ratifica\u00e7\u00e3o das Conven\u00e7\u00f5es da OIT 129, 156, 187, 190 e Protocolo da Conven\u00e7\u00e3o 29.<\/p>\n<p class=\"callout\">\u00bb\u00a0O Brasil tamb\u00e9m aderiu em julho \u00e0 Parceria Multilateral sobre Organiza\u00e7\u00e3o, Empoderamento e Direitos dos Trabalhadores e Trabalho (M-POWER)<\/p>\n<p>Fonte: Pal\u00e1cio do Planalto<\/p>\n<\/div>\n<\/div>\n<\/div>\n<div class=\"visualClear\"><\/div>\n<div class=\"documentActions\"><\/div>\n<\/article>\n<div class=\"column\"><\/div>\n<p>&nbsp;<\/p>\n<div id=\"viewlet-above-content-body\"><\/div>\n","protected":false},"excerpt":{"rendered":"<p>Lan\u00e7ada em Nova York pelos presidentes Lula e Joe Biden, iniciativa vai estimular empregos de qualidade, proteger trabalhadores que atuam nas plataformas digitais e promover o conhecimento sobre direitos trabalhistas &nbsp; Os presidentes da Rep\u00fablica do Brasil, Luiz In\u00e1cio Lula da Silva, e dos Estados Unidos, Joe Biden, lan\u00e7am, nesta quarta-feira (20\/9), \u00e0s 13h, em [&hellip;]<\/p>\n","protected":false},"author":1,"featured_media":22418,"comment_status":"open","ping_status":"open","sticky":false,"template":"","format":"standard","meta":{"_uag_custom_page_level_css":"","footnotes":""},"categories":[33],"tags":[25750,25751,25748,25749,7077,7527,11859],"class_list":["post-22417","post","type-post","status-publish","format-standard","has-post-thumbnail","hentry","category-mercado","tag-joebiden","tag-novayork","tag-brasil-eua","tag-energia-e-infraestrutura","tag-lula","tag-mercado-de-trabalho","tag-trabalho-escravo"],"blocksy_meta":[],"spectra_blocks_featured_image_url":{"thumbnail":{"url":"https:\/\/construcaocivil.siriusmarketingedesign.com.br\/wp-content\/uploads\/2023\/09\/53201586411_5b709ba6d0_c-150x150.jpg","width":150,"height":150},"medium":{"url":"https:\/\/construcaocivil.siriusmarketingedesign.com.br\/wp-content\/uploads\/2023\/09\/53201586411_5b709ba6d0_c-300x179.jpg","width":300,"height":179},"medium_large":{"url":"https:\/\/construcaocivil.siriusmarketingedesign.com.br\/wp-content\/uploads\/2023\/09\/53201586411_5b709ba6d0_c-768x459.jpg","width":768,"height":459},"large":{"url":"https:\/\/construcaocivil.siriusmarketingedesign.com.br\/wp-content\/uploads\/2023\/09\/53201586411_5b709ba6d0_c.jpg","width":800,"height":478},"full":{"url":"https:\/\/construcaocivil.siriusmarketingedesign.com.br\/wp-content\/uploads\/2023\/09\/53201586411_5b709ba6d0_c.jpg","width":800,"height":478}},"spectra_blocks_author_info":{"display_name":"Jornal da Constru\u00e7\u00e3o Civil","avatar_url":"https:\/\/secure.gravatar.com\/avatar\/973c9774fd44ddaceb026973c4962faa70fc512bc4c9da68e8ebb40fecee6540?s=96&d=mm&r=g","author_link":"https:\/\/construcaocivil.siriusmarketingedesign.com.br\/?author=1","description":"Desde de 2013, levando muitas informa\u00e7\u00f5es, lan\u00e7amentos e produtos de qualidade para toda cadeia produtiva da constru\u00e7\u00e3o. O Futuro da constru\u00e7\u00e3o passa por aqui,"},"uagb_featured_image_src":{"full":["https:\/\/construcaocivil.siriusmarketingedesign.com.br\/wp-content\/uploads\/2023\/09\/53201586411_5b709ba6d0_c.jpg",800,478,false],"thumbnail":["https:\/\/construcaocivil.siriusmarketingedesign.com.br\/wp-content\/uploads\/2023\/09\/53201586411_5b709ba6d0_c-150x150.jpg",150,150,true],"medium":["https:\/\/construcaocivil.siriusmarketingedesign.com.br\/wp-content\/uploads\/2023\/09\/53201586411_5b709ba6d0_c-300x179.jpg",300,179,true],"medium_large":["https:\/\/construcaocivil.siriusmarketingedesign.com.br\/wp-content\/uploads\/2023\/09\/53201586411_5b709ba6d0_c-768x459.jpg",768,459,true],"large":["https:\/\/construcaocivil.siriusmarketingedesign.com.br\/wp-content\/uploads\/2023\/09\/53201586411_5b709ba6d0_c.jpg",800,478,false],"1536x1536":["https:\/\/construcaocivil.siriusmarketingedesign.com.br\/wp-content\/uploads\/2023\/09\/53201586411_5b709ba6d0_c.jpg",800,478,false],"2048x2048":["https:\/\/construcaocivil.siriusmarketingedesign.com.br\/wp-content\/uploads\/2023\/09\/53201586411_5b709ba6d0_c.jpg",800,478,false]},"uagb_author_info":{"display_name":"Jornal da Constru\u00e7\u00e3o Civil","author_link":"https:\/\/construcaocivil.siriusmarketingedesign.com.br\/?author=1"},"uagb_comment_info":0,"uagb_excerpt":"Lan\u00e7ada em Nova York pelos presidentes Lula e Joe Biden, iniciativa vai estimular empregos de qualidade, proteger trabalhadores que atuam nas plataformas digitais e promover o conhecimento sobre direitos trabalhistas &nbsp; Os presidentes da Rep\u00fablica do Brasil, Luiz In\u00e1cio Lula da Silva, e dos Estados Unidos, Joe Biden, lan\u00e7am, nesta quarta-feira (20\/9), \u00e0s 13h, em&hellip;","_links":{"self":[{"href":"https:\/\/construcaocivil.siriusmarketingedesign.com.br\/index.php?rest_route=\/wp\/v2\/posts\/22417","targetHints":{"allow":["GET"]}}],"collection":[{"href":"https:\/\/construcaocivil.siriusmarketingedesign.com.br\/index.php?rest_route=\/wp\/v2\/posts"}],"about":[{"href":"https:\/\/construcaocivil.siriusmarketingedesign.com.br\/index.php?rest_route=\/wp\/v2\/types\/post"}],"author":[{"embeddable":true,"href":"https:\/\/construcaocivil.siriusmarketingedesign.com.br\/index.php?rest_route=\/wp\/v2\/users\/1"}],"replies":[{"embeddable":true,"href":"https:\/\/construcaocivil.siriusmarketingedesign.com.br\/index.php?rest_route=%2Fwp%2Fv2%2Fcomments&post=22417"}],"version-history":[{"count":0,"href":"https:\/\/construcaocivil.siriusmarketingedesign.com.br\/index.php?rest_route=\/wp\/v2\/posts\/22417\/revisions"}],"wp:featuredmedia":[{"embeddable":true,"href":"https:\/\/construcaocivil.siriusmarketingedesign.com.br\/index.php?rest_route=\/wp\/v2\/media\/22418"}],"wp:attachment":[{"href":"https:\/\/construcaocivil.siriusmarketingedesign.com.br\/index.php?rest_route=%2Fwp%2Fv2%2Fmedia&parent=22417"}],"wp:term":[{"taxonomy":"category","embeddable":true,"href":"https:\/\/construcaocivil.siriusmarketingedesign.com.br\/index.php?rest_route=%2Fwp%2Fv2%2Fcategories&post=22417"},{"taxonomy":"post_tag","embeddable":true,"href":"https:\/\/construcaocivil.siriusmarketingedesign.com.br\/index.php?rest_route=%2Fwp%2Fv2%2Ftags&post=22417"}],"curies":[{"name":"wp","href":"https:\/\/api.w.org\/{rel}","templated":true}]}}