{"id":22420,"date":"2023-09-21T13:41:41","date_gmt":"2023-09-21T16:41:41","guid":{"rendered":"https:\/\/www.jornaldaconstrucaocivil.com.br\/?p=22420"},"modified":"2023-09-21T13:41:41","modified_gmt":"2023-09-21T16:41:41","slug":"giro-da-construcao-forum-norte-e-nordeste-da-industria-da-construcao-fnnic-leva-autoridades-nacionais-ao-recife-para-discutir-politicas-publicas-e-inovacao-para-as-regioes","status":"publish","type":"post","link":"https:\/\/construcaocivil.siriusmarketingedesign.com.br\/?p=22420","title":{"rendered":"Giro da Constru\u00e7\u00e3o: F\u00f3rum Norte e Nordeste da Ind\u00fastria da Constru\u00e7\u00e3o (FNNIC) leva autoridades nacionais ao Recife para discutir pol\u00edticas p\u00fablicas e inova\u00e7\u00e3o para as regi\u00f5es"},"content":{"rendered":"<p style=\"text-align: justify;\"><strong><em>\u00a0Evento, que acontecer\u00e1 de 28 a 30 de setembro, com objetivo de fortalecer a ind\u00fastria da constru\u00e7\u00e3o das regi\u00f5es Norte e Nordeste e trazer benef\u00edcios para a popula\u00e7\u00e3o<\/em><\/strong><\/p>\n<p style=\"text-align: justify;\">Os principais temas ligados aos desafios da constru\u00e7\u00e3o civil estar\u00e3o em debate no F\u00f3rum Norte e Nordeste da Ind\u00fastria da Constru\u00e7\u00e3o (FNNIC), que chega \u00e0 sua 5\u00aa edi\u00e7\u00e3o. O evento ocorrer\u00e1 no Recife, no audit\u00f3rio do Cais do Sert\u00e3o, de 28 a 30 de setembro, e tem o objetivo de partilhar conhecimento e promover um interc\u00e2mbio de pr\u00e1ticas que t\u00eam contribu\u00eddo para a evolu\u00e7\u00e3o do setor imobili\u00e1rio e de obras p\u00fablicas.<\/p>\n<p style=\"text-align: justify;\">Entre os objetivos do F\u00f3rum, est\u00e3o a promo\u00e7\u00e3o do aprendizado e incentivo \u00e0 inova\u00e7\u00e3o; integra\u00e7\u00e3o da cadeia e suas entidades; e o fortalecimento da comunica\u00e7\u00e3o entre as entidades, a cadeia e representantes, a fim de colher resultados impactantes para o setor; al\u00e9m da estrutura\u00e7\u00e3o da gest\u00e3o e da promo\u00e7\u00e3o de a\u00e7\u00f5es que assegurem recursos para atua\u00e7\u00e3o do f\u00f3rum e das entidades do setor.<\/p>\n<p style=\"text-align: justify;\">O F\u00f3rum vai reunir grandes nomes da pol\u00edtica, com o objetivo de fortalecer a conex\u00e3o entre os estados das Regi\u00f5es Norte e Nordeste, discutir as necessidades, anseios e conflitos de cada um e definir um planejamento estrat\u00e9gico para a progress\u00e3o dessas regi\u00f5es no setor da constru\u00e7\u00e3o. Entre as presen\u00e7as tamb\u00e9m confirmadas, est\u00e3o o vice-presidente da Rep\u00fablica, Geraldo Alckmin; a governadora de Pernambuco Raquel Lyra; o prefeito do Recife Jo\u00e3o Campos, o ministro da Integra\u00e7\u00e3o Nacional e Desenvolvimento Regional, Waldez G\u00f3es; o ministro das Cidades, Jader Barbalho; o secret\u00e1rio nacional de Habita\u00e7\u00e3o do Minist\u00e9rio das Cidades, Hailton Madureira; o diretor nacional de Habita\u00e7\u00e3o da Caixa, Rodrigo Wermelinger; e o presidente do Ibama, Rodrigo Agostinho.<\/p>\n<figure id=\"attachment_22422\" aria-describedby=\"caption-attachment-22422\" style=\"width: 300px\" class=\"wp-caption alignleft\"><img loading=\"lazy\" decoding=\"async\" class=\"size-medium wp-image-22422\" src=\"https:\/\/www.jornaldaconstrucaocivil.com.br\/wp-content\/uploads\/2023\/09\/MARCOS-HOLANDA-Horizontal-1-300x214.png\" alt=\"\" width=\"300\" height=\"214\" srcset=\"https:\/\/construcaocivil.siriusmarketingedesign.com.br\/wp-content\/uploads\/2023\/09\/MARCOS-HOLANDA-Horizontal-1-300x214.png 300w, https:\/\/construcaocivil.siriusmarketingedesign.com.br\/wp-content\/uploads\/2023\/09\/MARCOS-HOLANDA-Horizontal-1-1024x731.png 1024w, https:\/\/construcaocivil.siriusmarketingedesign.com.br\/wp-content\/uploads\/2023\/09\/MARCOS-HOLANDA-Horizontal-1-768x549.png 768w, https:\/\/construcaocivil.siriusmarketingedesign.com.br\/wp-content\/uploads\/2023\/09\/MARCOS-HOLANDA-Horizontal-1-1536x1097.png 1536w, https:\/\/construcaocivil.siriusmarketingedesign.com.br\/wp-content\/uploads\/2023\/09\/MARCOS-HOLANDA-Horizontal-1-2048x1463.png 2048w, https:\/\/construcaocivil.siriusmarketingedesign.com.br\/wp-content\/uploads\/2023\/09\/MARCOS-HOLANDA-Horizontal-1-200x143.png 200w\" sizes=\"auto, (max-width: 300px) 100vw, 300px\" \/><figcaption id=\"caption-attachment-22422\" class=\"wp-caption-text\">MARCOS HOLANDA<\/figcaption><\/figure>\n<p style=\"text-align: justify;\">Estar\u00e3o ainda presentes os deputados federais Jos\u00e9 Airton Cirilo (PT-CE), Ac\u00e1cio Favacho (MDB-AP), Fernando Marangoni (Uni\u00e3o Brasil-SP), presidente da Frente Parlamentar de Habita\u00e7\u00e3o, Saneamento e Regulariza\u00e7\u00e3o Fundi\u00e1ria; presidente da Federa\u00e7\u00e3o das Ind\u00fastrias do Estado do Cear\u00e1 (FIEC) e da Associa\u00e7\u00e3o Nordeste Forte, Ricardo Cavalcante; o presidente Federa\u00e7\u00e3o das Ind\u00fastrias do Estado de Pernambuco (Fiepe), Ricardo Essinger; a secret\u00e1ria de Desenvolvimento Urbano de Pernambuco, Simone Nunes; e o secret\u00e1rio de Turismo de Pernambuco, Daniel Coelho.<\/p>\n<p style=\"text-align: justify;\">&#8220;O grande objetivo do F\u00f3rum \u00e9 fortalecer a representatividade do Norte e Nordeste na ind\u00fastria da constru\u00e7\u00e3o. Discutimos os problemas do setor, que v\u00e3o da linha ambiental at\u00e9 os programas com recursos para habita\u00e7\u00f5es. Al\u00e9m de pol\u00edticas p\u00fablicas para desenvolvimento dos estados e cidades das duas regi\u00f5es, que s\u00e3o fundamentais para o segmento&#8221;, afirma Marcos Holanda, presidente do FNNIC.<\/p>\n<p style=\"text-align: justify;\">O evento ter\u00e1 pain\u00e9is com temas como &#8220;Os projetos estruturantes para o desenvolvimento das Regi\u00f5es Norte e Nordeste&#8221;, &#8220;Revitaliza\u00e7\u00e3o de Centros Hist\u00f3ricos&#8221;, &#8220;Habita\u00e7\u00e3o popular \u2013 Al\u00e9m dos Programas Federais&#8221;, &#8220;Nova lei do seguro habitacional para loteadoras e incorporadoras&#8221;, &#8220;Frente Parlamentar de Habita\u00e7\u00e3o, Saneamento e Regulariza\u00e7\u00e3o Fundi\u00e1ria&#8221;, &#8220;Operacionaliza\u00e7\u00e3o do MCMV&#8221;, &#8220;As altera\u00e7\u00f5es tribut\u00e1rias e seus efeitos para a constru\u00e7\u00e3o civil no Norte e Nordeste do Brasil&#8221;, &#8220;A\u00e7\u00f5es para impulsionar o desenvolvimento nas Regi\u00f5es Norte e Nordeste&#8221;, &#8220;A import\u00e2ncia das energias renov\u00e1veis no Norte e Nordeste para o desenvolvimento do Brasil&#8221; e &#8220;A\u00e7\u00f5es governamentais para o desenvolvimento econ\u00f4mico das Regi\u00f5es Norte e Nordeste&#8221;. A programa\u00e7\u00e3o (sujeita a altera\u00e7\u00e3o devido \u00e0 agenda dos convidados) e outras informa\u00e7\u00f5es sobre o evento est\u00e3o dispon\u00edveis no site\u00a0<a href=\"https:\/\/recife.fnnic.net\/\" target=\"_blank\" rel=\"noopener noreferrer\">https:\/\/recife.fnnic.net\/<\/a>.<\/p>\n<p style=\"text-align: justify;\">A tecnologia no mercado imobili\u00e1rio tamb\u00e9m ser\u00e1 um ponto discutido no evento, principalmente com o avan\u00e7o da intelig\u00eancia artificial. &#8220;As novas tecnologias permitem que possamos utilizar nossa capacidade e desenvolver obras mais r\u00e1pidas, eficientes e, consequentemente, mais baratas. Assim, conseguimos dar mais condi\u00e7\u00f5es para os adquirentes realizarem seu sonho da casa pr\u00f3pria&#8221;, completa Holanda.<\/p>\n<p style=\"text-align: justify;\">O FNNIC foi respons\u00e1vel por desenvolver e promover novas formas de viabiliza\u00e7\u00e3o de projetos nacionais de interesse social, como &#8220;Casa Macap\u00e1&#8221;, al\u00e9m de promover projetos com impacto relevante para o setor, onde foram desenvolvidos estudos e an\u00e1lises de d\u00e9ficit nacional em compara\u00e7\u00e3o com programas habitacionais. Entre os objetivos do F\u00f3rum est\u00e3o promover a integra\u00e7\u00e3o da cadeia produtiva da constru\u00e7\u00e3o por meio da intera\u00e7\u00e3o das entidades locais com os representantes do Executivo e do Legislativo; participar de a\u00e7\u00f5es em parceria com a Frente Parlamentar de Desenvolvimento Urbano e Sustentabilidade; e resgatar a valoriza\u00e7\u00e3o das lideran\u00e7as regionais. O F\u00f3rum tamb\u00e9m promove encontros peri\u00f3dicos, com o objetivo de ampliar a inova\u00e7\u00e3o nas empresas do setor, facilitando o debate sobre as dificuldades locais e produzir solu\u00e7\u00f5es regionais.<\/p>\n","protected":false},"excerpt":{"rendered":"<p>\u00a0Evento, que acontecer\u00e1 de 28 a 30 de setembro, com objetivo de fortalecer a ind\u00fastria da constru\u00e7\u00e3o das regi\u00f5es Norte e Nordeste e trazer benef\u00edcios para a popula\u00e7\u00e3o Os principais temas ligados aos desafios da constru\u00e7\u00e3o civil estar\u00e3o em debate no F\u00f3rum Norte e Nordeste da Ind\u00fastria da Constru\u00e7\u00e3o (FNNIC), que chega \u00e0 sua 5\u00aa [&hellip;]<\/p>\n","protected":false},"author":1,"featured_media":22421,"comment_status":"open","ping_status":"open","sticky":false,"template":"","format":"standard","meta":{"_uag_custom_page_level_css":"","footnotes":""},"categories":[33],"tags":[25753,25752,9945],"class_list":["post-22420","post","type-post","status-publish","format-standard","has-post-thumbnail","hentry","category-mercado","tag-construcao-investimentos","tag-fnnic","tag-recife"],"blocksy_meta":[],"spectra_blocks_featured_image_url":{"thumbnail":{"url":"https:\/\/construcaocivil.siriusmarketingedesign.com.br\/wp-content\/uploads\/2023\/09\/IMG-4442-150x150.webp","width":150,"height":150},"medium":{"url":"https:\/\/construcaocivil.siriusmarketingedesign.com.br\/wp-content\/uploads\/2023\/09\/IMG-4442-300x160.webp","width":300,"height":160},"medium_large":{"url":"https:\/\/construcaocivil.siriusmarketingedesign.com.br\/wp-content\/uploads\/2023\/09\/IMG-4442.webp","width":720,"height":385},"large":{"url":"https:\/\/construcaocivil.siriusmarketingedesign.com.br\/wp-content\/uploads\/2023\/09\/IMG-4442.webp","width":720,"height":385},"full":{"url":"https:\/\/construcaocivil.siriusmarketingedesign.com.br\/wp-content\/uploads\/2023\/09\/IMG-4442.webp","width":720,"height":385}},"spectra_blocks_author_info":{"display_name":"Jornal da Constru\u00e7\u00e3o Civil","avatar_url":"https:\/\/secure.gravatar.com\/avatar\/973c9774fd44ddaceb026973c4962faa70fc512bc4c9da68e8ebb40fecee6540?s=96&d=mm&r=g","author_link":"https:\/\/construcaocivil.siriusmarketingedesign.com.br\/?author=1","description":"Desde de 2013, levando muitas informa\u00e7\u00f5es, lan\u00e7amentos e produtos de qualidade para toda cadeia produtiva da constru\u00e7\u00e3o. O Futuro da constru\u00e7\u00e3o passa por aqui,"},"uagb_featured_image_src":{"full":["https:\/\/construcaocivil.siriusmarketingedesign.com.br\/wp-content\/uploads\/2023\/09\/IMG-4442.webp",720,385,false],"thumbnail":["https:\/\/construcaocivil.siriusmarketingedesign.com.br\/wp-content\/uploads\/2023\/09\/IMG-4442-150x150.webp",150,150,true],"medium":["https:\/\/construcaocivil.siriusmarketingedesign.com.br\/wp-content\/uploads\/2023\/09\/IMG-4442-300x160.webp",300,160,true],"medium_large":["https:\/\/construcaocivil.siriusmarketingedesign.com.br\/wp-content\/uploads\/2023\/09\/IMG-4442.webp",720,385,false],"large":["https:\/\/construcaocivil.siriusmarketingedesign.com.br\/wp-content\/uploads\/2023\/09\/IMG-4442.webp",720,385,false],"1536x1536":["https:\/\/construcaocivil.siriusmarketingedesign.com.br\/wp-content\/uploads\/2023\/09\/IMG-4442.webp",720,385,false],"2048x2048":["https:\/\/construcaocivil.siriusmarketingedesign.com.br\/wp-content\/uploads\/2023\/09\/IMG-4442.webp",720,385,false]},"uagb_author_info":{"display_name":"Jornal da Constru\u00e7\u00e3o Civil","author_link":"https:\/\/construcaocivil.siriusmarketingedesign.com.br\/?author=1"},"uagb_comment_info":0,"uagb_excerpt":"\u00a0Evento, que acontecer\u00e1 de 28 a 30 de setembro, com objetivo de fortalecer a ind\u00fastria da constru\u00e7\u00e3o das regi\u00f5es Norte e Nordeste e trazer benef\u00edcios para a popula\u00e7\u00e3o Os principais temas ligados aos desafios da constru\u00e7\u00e3o civil estar\u00e3o em debate no F\u00f3rum Norte e Nordeste da Ind\u00fastria da Constru\u00e7\u00e3o (FNNIC), que chega \u00e0 sua 5\u00aa&hellip;","_links":{"self":[{"href":"https:\/\/construcaocivil.siriusmarketingedesign.com.br\/index.php?rest_route=\/wp\/v2\/posts\/22420","targetHints":{"allow":["GET"]}}],"collection":[{"href":"https:\/\/construcaocivil.siriusmarketingedesign.com.br\/index.php?rest_route=\/wp\/v2\/posts"}],"about":[{"href":"https:\/\/construcaocivil.siriusmarketingedesign.com.br\/index.php?rest_route=\/wp\/v2\/types\/post"}],"author":[{"embeddable":true,"href":"https:\/\/construcaocivil.siriusmarketingedesign.com.br\/index.php?rest_route=\/wp\/v2\/users\/1"}],"replies":[{"embeddable":true,"href":"https:\/\/construcaocivil.siriusmarketingedesign.com.br\/index.php?rest_route=%2Fwp%2Fv2%2Fcomments&post=22420"}],"version-history":[{"count":0,"href":"https:\/\/construcaocivil.siriusmarketingedesign.com.br\/index.php?rest_route=\/wp\/v2\/posts\/22420\/revisions"}],"wp:featuredmedia":[{"embeddable":true,"href":"https:\/\/construcaocivil.siriusmarketingedesign.com.br\/index.php?rest_route=\/wp\/v2\/media\/22421"}],"wp:attachment":[{"href":"https:\/\/construcaocivil.siriusmarketingedesign.com.br\/index.php?rest_route=%2Fwp%2Fv2%2Fmedia&parent=22420"}],"wp:term":[{"taxonomy":"category","embeddable":true,"href":"https:\/\/construcaocivil.siriusmarketingedesign.com.br\/index.php?rest_route=%2Fwp%2Fv2%2Fcategories&post=22420"},{"taxonomy":"post_tag","embeddable":true,"href":"https:\/\/construcaocivil.siriusmarketingedesign.com.br\/index.php?rest_route=%2Fwp%2Fv2%2Ftags&post=22420"}],"curies":[{"name":"wp","href":"https:\/\/api.w.org\/{rel}","templated":true}]}}