{"id":22432,"date":"2023-09-23T23:33:12","date_gmt":"2023-09-24T02:33:12","guid":{"rendered":"https:\/\/www.jornaldaconstrucaocivil.com.br\/?p=22432"},"modified":"2023-09-23T23:33:12","modified_gmt":"2023-09-24T02:33:12","slug":"dd-shopping-recebe-a-5a-edicao-da-mostra-dd-garden-design","status":"publish","type":"post","link":"https:\/\/construcaocivil.siriusmarketingedesign.com.br\/?p=22432","title":{"rendered":"D&#038;D Shopping recebe a 5\u00aa Edi\u00e7\u00e3o da mostra D&#038;D Garden Design"},"content":{"rendered":"<p>\u00c2ngelo Derenze, diretor geral do D&amp;D Shopping, comandou o coquetel de abertura da 5\u00aa edi\u00e7\u00e3o do\u00a0<i>D&amp;D Garden Design<\/i>, na noite de ontem, 21 de setembro, que contou com grandes floristas, e refer\u00eancias do paisagismo e da arquitetura brasileira. A partir do dia 22\/09 a mostra tem entrada gratuita e fica aberta ao p\u00fablico at\u00e9 o dia 29 de outubro.<\/p>\n<p>&nbsp;<\/p>\n<p>Nomes consagrados como Vic Meirelles, Marcelo Bacchin, Chris Ayrosa, Titina Le\u00e3o, Vivi Mendon\u00e7a entre outros profissionais do paisagismo estar\u00e3o expondo seu talento e criatividade para o deleite dos visitantes.<\/p>\n<p><strong>Servi\u00e7o<\/strong><\/p>\n<p><strong>D&amp;D Garden Design:<\/strong><\/p>\n<p><strong>Local:<\/strong>\u00a0D&amp;D Shopping<\/p>\n<p><strong>Mostra D&amp;D Garden Design<\/strong>: de 22\/09 a 29\/10<\/p>\n<p><strong>Hor\u00e1rio de funcionamento:<\/strong>\u00a0segunda-feira a sexta-feira das 10h \u00e0s 21h; s\u00e1bado, das 10h \u00e0s 20h; domingo das 14h \u00e0s 19h.<\/p>\n","protected":false},"excerpt":{"rendered":"<p>\u00c2ngelo Derenze, diretor geral do D&amp;D Shopping, comandou o coquetel de abertura da 5\u00aa edi\u00e7\u00e3o do\u00a0D&amp;D Garden Design, na noite de ontem, 21 de setembro, que contou com grandes floristas, e refer\u00eancias do paisagismo e da arquitetura brasileira. A partir do dia 22\/09 a mostra tem entrada gratuita e fica aberta ao p\u00fablico at\u00e9 o [&hellip;]<\/p>\n","protected":false},"author":1,"featured_media":22433,"comment_status":"open","ping_status":"open","sticky":false,"template":"","format":"standard","meta":{"_uag_custom_page_level_css":"","footnotes":""},"categories":[28],"tags":[24708,25758,3335,20332],"class_list":["post-22432","post","type-post","status-publish","format-standard","has-post-thumbnail","hentry","category-arquitetura","tag-casaedecoracao","tag-dd-garden-design","tag-dd-shopping","tag-decoracao-e-paisagismo"],"blocksy_meta":[],"spectra_blocks_featured_image_url":{"thumbnail":{"url":"https:\/\/construcaocivil.siriusmarketingedesign.com.br\/wp-content\/uploads\/2023\/09\/handler-5-150x150.png","width":150,"height":150},"medium":{"url":"https:\/\/construcaocivil.siriusmarketingedesign.com.br\/wp-content\/uploads\/2023\/09\/handler-5-300x200.png","width":300,"height":200},"medium_large":{"url":"https:\/\/construcaocivil.siriusmarketingedesign.com.br\/wp-content\/uploads\/2023\/09\/handler-5-768x512.png","width":768,"height":512},"large":{"url":"https:\/\/construcaocivil.siriusmarketingedesign.com.br\/wp-content\/uploads\/2023\/09\/handler-5.png","width":816,"height":544},"full":{"url":"https:\/\/construcaocivil.siriusmarketingedesign.com.br\/wp-content\/uploads\/2023\/09\/handler-5.png","width":816,"height":544}},"spectra_blocks_author_info":{"display_name":"Jornal da Constru\u00e7\u00e3o Civil","avatar_url":"https:\/\/secure.gravatar.com\/avatar\/973c9774fd44ddaceb026973c4962faa70fc512bc4c9da68e8ebb40fecee6540?s=96&d=mm&r=g","author_link":"https:\/\/construcaocivil.siriusmarketingedesign.com.br\/?author=1","description":"Desde de 2013, levando muitas informa\u00e7\u00f5es, lan\u00e7amentos e produtos de qualidade para toda cadeia produtiva da constru\u00e7\u00e3o. O Futuro da constru\u00e7\u00e3o passa por aqui,"},"uagb_featured_image_src":{"full":["https:\/\/construcaocivil.siriusmarketingedesign.com.br\/wp-content\/uploads\/2023\/09\/handler-5.png",816,544,false],"thumbnail":["https:\/\/construcaocivil.siriusmarketingedesign.com.br\/wp-content\/uploads\/2023\/09\/handler-5-150x150.png",150,150,true],"medium":["https:\/\/construcaocivil.siriusmarketingedesign.com.br\/wp-content\/uploads\/2023\/09\/handler-5-300x200.png",300,200,true],"medium_large":["https:\/\/construcaocivil.siriusmarketingedesign.com.br\/wp-content\/uploads\/2023\/09\/handler-5-768x512.png",768,512,true],"large":["https:\/\/construcaocivil.siriusmarketingedesign.com.br\/wp-content\/uploads\/2023\/09\/handler-5.png",816,544,false],"1536x1536":["https:\/\/construcaocivil.siriusmarketingedesign.com.br\/wp-content\/uploads\/2023\/09\/handler-5.png",816,544,false],"2048x2048":["https:\/\/construcaocivil.siriusmarketingedesign.com.br\/wp-content\/uploads\/2023\/09\/handler-5.png",816,544,false]},"uagb_author_info":{"display_name":"Jornal da Constru\u00e7\u00e3o Civil","author_link":"https:\/\/construcaocivil.siriusmarketingedesign.com.br\/?author=1"},"uagb_comment_info":0,"uagb_excerpt":"\u00c2ngelo Derenze, diretor geral do D&amp;D Shopping, comandou o coquetel de abertura da 5\u00aa edi\u00e7\u00e3o do\u00a0D&amp;D Garden Design, na noite de ontem, 21 de setembro, que contou com grandes floristas, e refer\u00eancias do paisagismo e da arquitetura brasileira. A partir do dia 22\/09 a mostra tem entrada gratuita e fica aberta ao p\u00fablico at\u00e9 o&hellip;","_links":{"self":[{"href":"https:\/\/construcaocivil.siriusmarketingedesign.com.br\/index.php?rest_route=\/wp\/v2\/posts\/22432","targetHints":{"allow":["GET"]}}],"collection":[{"href":"https:\/\/construcaocivil.siriusmarketingedesign.com.br\/index.php?rest_route=\/wp\/v2\/posts"}],"about":[{"href":"https:\/\/construcaocivil.siriusmarketingedesign.com.br\/index.php?rest_route=\/wp\/v2\/types\/post"}],"author":[{"embeddable":true,"href":"https:\/\/construcaocivil.siriusmarketingedesign.com.br\/index.php?rest_route=\/wp\/v2\/users\/1"}],"replies":[{"embeddable":true,"href":"https:\/\/construcaocivil.siriusmarketingedesign.com.br\/index.php?rest_route=%2Fwp%2Fv2%2Fcomments&post=22432"}],"version-history":[{"count":0,"href":"https:\/\/construcaocivil.siriusmarketingedesign.com.br\/index.php?rest_route=\/wp\/v2\/posts\/22432\/revisions"}],"wp:featuredmedia":[{"embeddable":true,"href":"https:\/\/construcaocivil.siriusmarketingedesign.com.br\/index.php?rest_route=\/wp\/v2\/media\/22433"}],"wp:attachment":[{"href":"https:\/\/construcaocivil.siriusmarketingedesign.com.br\/index.php?rest_route=%2Fwp%2Fv2%2Fmedia&parent=22432"}],"wp:term":[{"taxonomy":"category","embeddable":true,"href":"https:\/\/construcaocivil.siriusmarketingedesign.com.br\/index.php?rest_route=%2Fwp%2Fv2%2Fcategories&post=22432"},{"taxonomy":"post_tag","embeddable":true,"href":"https:\/\/construcaocivil.siriusmarketingedesign.com.br\/index.php?rest_route=%2Fwp%2Fv2%2Ftags&post=22432"}],"curies":[{"name":"wp","href":"https:\/\/api.w.org\/{rel}","templated":true}]}}