{"id":22435,"date":"2023-09-23T23:47:20","date_gmt":"2023-09-24T02:47:20","guid":{"rendered":"https:\/\/www.jornaldaconstrucaocivil.com.br\/?p=22435"},"modified":"2023-09-23T23:47:20","modified_gmt":"2023-09-24T02:47:20","slug":"reducao-da-taxa-basica-de-juros-selic-para-1275-impactos-no-setor-imobiliario","status":"publish","type":"post","link":"https:\/\/construcaocivil.siriusmarketingedesign.com.br\/?p=22435","title":{"rendered":"Redu\u00e7\u00e3o da taxa b\u00e1sica de juros Selic para 12,75%: impactos no setor imobili\u00e1rio"},"content":{"rendered":"<p><i>A expectativa na queda da taxa torna o mercado ainda mais favor\u00e1vel para a aquisi\u00e7\u00e3o de im\u00f3veis na planta ou em constru\u00e7\u00e3o<\/i><\/p>\n<p>O novo corte na taxa b\u00e1sica de juros (Selic), anunciado pelo Comit\u00ea de Pol\u00edtica Monet\u00e1ria do Banco Central (COPOM) nesta quarta-feira (20), que alterou a porcentagem de 13,25% para 12,75%, favorece principalmente quem deseja financiar um im\u00f3vel em 2023. A expectativa na queda da taxa torna o mercado ainda mais favor\u00e1vel para a aquisi\u00e7\u00e3o de im\u00f3veis na planta ou em constru\u00e7\u00e3o.<br \/>\nA decis\u00e3o impacta tamb\u00e9m nos \u00edndices do setor imobili\u00e1rio que, segundo especialistas, vinha sofrendo as consequ\u00eancias da taxa de juros elevada, congelada em 13,5%, por um longo per\u00edodo de tempo. A \u00faltima decis\u00e3o tomada em agosto deu in\u00edcio ao ciclo de corte da taxa b\u00e1sica de juros da economia, diminuindo a taxa para 13,25%.<br \/>\nPara Livio Ribeiro, pesquisador do FGV IBRE, o in\u00edcio do ciclo de corte da taxa b\u00e1sica de juros da economia anunciado em agosto de 2023\u00a0<a href=\"https:\/\/ibre.fgv.br\/blog-da-conjuntura-economica\/artigos\/funcao-de-reacao-do-bc-pode-ter-mudado-abrindo-espaco-para-uma#:~:text=Considerando%20um%20n%C3%ADvel%20que%20comporte,esta%20proje%C3%A7%C3%A3o%20para%209%25).\" target=\"_blank\" rel=\"noopener noreferrer\"><u>lan\u00e7a uma prospec\u00e7\u00e3o de que a Selic possa fechar o ano em 11,75%<\/u><\/a>\u00a0e chegar a meados de 2024 em 9,5% ao ano. Isso significa que quem financiar um im\u00f3vel nos pr\u00f3ximos meses poder\u00e1 se beneficiar de taxas de juros do cr\u00e9dito imobili\u00e1rio ainda mais baixas quando pr\u00f3ximo da entrega do im\u00f3vel.<br \/>\n<strong>Impacto da taxa Selic no INCC<\/strong><br \/>\nO \u00cdndice Nacional de Custo de Constru\u00e7\u00e3o (INCC-M) \u00e9 o \u00edndice que possibilita o acompanhamento da evolu\u00e7\u00e3o dos pre\u00e7os de materiais, servi\u00e7os e m\u00e3o-de-obra mais relevantes para a constru\u00e7\u00e3o civil, e \u00e9 o indicador mais afetado pela taxa Selic.<br \/>\nO INCC apresenta tr\u00eas varia\u00e7\u00f5es, que s\u00e3o definidas de acordo com o per\u00edodo de c\u00e1lculo. Este \u00edndice avalia os pre\u00e7os de servi\u00e7os; equipamentos; mat\u00e9ria prima (como cimento, tijolos, entre outros); m\u00e3o de obra de todos os envolvidos, e tecnologias utilizadas em v\u00e1rios pontos da cadeia produtiva.<br \/>\nDe acordo com a \u00faltima divulga\u00e7\u00e3o realizada pela FGV, o INCC-M variou 0,24% em agosto, percentual superior ao apurado no m\u00eas anterior, quando o \u00edndice variara 0,06%. O INCC-M acumula alta de 2,50% no ano e de 3,06% em 12 meses.<br \/>\nA taxa do \u00edndice relativo a Materiais, Equipamentos e Servi\u00e7os passou de -0,16% em julho para -0,07% em agosto. O \u00edndice referente \u00e0 M\u00e3o de Obra subiu 0,71% em agosto, ante 0,38% em julho.<br \/>\nOs n\u00fameros impactam diretamente no otimismo do mercado imobili\u00e1rio que, no \u00faltimo m\u00eas, tem comemorado o\u00a0<a href=\"https:\/\/s2309.enviosinbound.com\/link.php?code=bDpodHRwcyUzQSUyRiUyRmNiaWMub3JnLmJyJTJGbGFuY2FtZW50b3MtaW1vYmlsaWFyaW9zLWNyZXNjZW0tbm8tMm8tdHJpLW1hcy1iYWl4YS1wcm9kdWNhby1hcG9udGEtYXRlbmNhby1kby1tZXJjYWRvJTJGJTIzJTNBJTdFJTNBdGV4dCUzRE8lMjUyMHZhbG9yJTI1MjBnZXJhbCUyNTIwbGFuJTI1QzMlMjVBN2FkbyUyNTIwJTI4VkdMJTJDZm9pJTI1MjBkZSUyNTIwUiUyNTI0JTI1MjA0MCUyNTIwYmkuOjIwNTk3NzE4NDpyZWRhY2FvQGpvcm5hbGRhY29uc3RydWNhb2NpdmlsLmNvbS5icjowMWM3Y2Q6NTk=\" target=\"_blank\" rel=\"noopener noreferrer\"><u>aumento no n\u00famero de lan\u00e7amentos de empreendimentos<\/u><\/a>.<br \/>\n<strong>Adapta\u00e7\u00e3o ao cen\u00e1rio de crescimento<\/strong><br \/>\nPara F\u00e1bio Garcez, CEO do CVCRM, o ano de 2023 tem demonstrado que as empresas do nicho t\u00eam compreendido a import\u00e2ncia da adapta\u00e7\u00e3o a um cen\u00e1rio de crescimento e melhoria nos \u00edndices. &#8220;Tanto na rela\u00e7\u00e3o cotidiana com as construtoras e incorporadoras quanto nos eventos que participamos, n\u00f3s podemos perceber que os empres\u00e1rios do setor imobili\u00e1rio est\u00e3o otimistas e melhorando seus processos de gest\u00e3o e de vendas&#8221;, afirma.<br \/>\nA cada 45 dias, o COPOM analisa os dados econ\u00f4micos e define a dire\u00e7\u00e3o dos juros do pa\u00eds, dados acompanhados de perto pelo mercado imobili\u00e1rio.<\/p>\n","protected":false},"excerpt":{"rendered":"<p>A expectativa na queda da taxa torna o mercado ainda mais favor\u00e1vel para a aquisi\u00e7\u00e3o de im\u00f3veis na planta ou em constru\u00e7\u00e3o O novo corte na taxa b\u00e1sica de juros (Selic), anunciado pelo Comit\u00ea de Pol\u00edtica Monet\u00e1ria do Banco Central (COPOM) nesta quarta-feira (20), que alterou a porcentagem de 13,25% para 12,75%, favorece principalmente quem [&hellip;]<\/p>\n","protected":false},"author":1,"featured_media":22436,"comment_status":"open","ping_status":"open","sticky":false,"template":"","format":"standard","meta":{"_uag_custom_page_level_css":"","footnotes":""},"categories":[33],"tags":[25759,7563,25760,21911],"class_list":["post-22435","post","type-post","status-publish","format-standard","has-post-thumbnail","hentry","category-mercado","tag-juros-altos-construcao","tag-mercado-imobiliario","tag-precos-e-salarios","tag-taxa-selic"],"blocksy_meta":[],"spectra_blocks_featured_image_url":{"thumbnail":{"url":"https:\/\/construcaocivil.siriusmarketingedesign.com.br\/wp-content\/uploads\/2023\/09\/handler-26-150x150.jpg","width":150,"height":150},"medium":{"url":"https:\/\/construcaocivil.siriusmarketingedesign.com.br\/wp-content\/uploads\/2023\/09\/handler-26-300x150.jpg","width":300,"height":150},"medium_large":{"url":"https:\/\/construcaocivil.siriusmarketingedesign.com.br\/wp-content\/uploads\/2023\/09\/handler-26-768x384.jpg","width":768,"height":384},"large":{"url":"https:\/\/construcaocivil.siriusmarketingedesign.com.br\/wp-content\/uploads\/2023\/09\/handler-26.jpg","width":800,"height":400},"full":{"url":"https:\/\/construcaocivil.siriusmarketingedesign.com.br\/wp-content\/uploads\/2023\/09\/handler-26.jpg","width":800,"height":400}},"spectra_blocks_author_info":{"display_name":"Jornal da Constru\u00e7\u00e3o Civil","avatar_url":"https:\/\/secure.gravatar.com\/avatar\/973c9774fd44ddaceb026973c4962faa70fc512bc4c9da68e8ebb40fecee6540?s=96&d=mm&r=g","author_link":"https:\/\/construcaocivil.siriusmarketingedesign.com.br\/?author=1","description":"Desde de 2013, levando muitas informa\u00e7\u00f5es, lan\u00e7amentos e produtos de qualidade para toda cadeia produtiva da constru\u00e7\u00e3o. O Futuro da constru\u00e7\u00e3o passa por aqui,"},"uagb_featured_image_src":{"full":["https:\/\/construcaocivil.siriusmarketingedesign.com.br\/wp-content\/uploads\/2023\/09\/handler-26.jpg",800,400,false],"thumbnail":["https:\/\/construcaocivil.siriusmarketingedesign.com.br\/wp-content\/uploads\/2023\/09\/handler-26-150x150.jpg",150,150,true],"medium":["https:\/\/construcaocivil.siriusmarketingedesign.com.br\/wp-content\/uploads\/2023\/09\/handler-26-300x150.jpg",300,150,true],"medium_large":["https:\/\/construcaocivil.siriusmarketingedesign.com.br\/wp-content\/uploads\/2023\/09\/handler-26-768x384.jpg",768,384,true],"large":["https:\/\/construcaocivil.siriusmarketingedesign.com.br\/wp-content\/uploads\/2023\/09\/handler-26.jpg",800,400,false],"1536x1536":["https:\/\/construcaocivil.siriusmarketingedesign.com.br\/wp-content\/uploads\/2023\/09\/handler-26.jpg",800,400,false],"2048x2048":["https:\/\/construcaocivil.siriusmarketingedesign.com.br\/wp-content\/uploads\/2023\/09\/handler-26.jpg",800,400,false]},"uagb_author_info":{"display_name":"Jornal da Constru\u00e7\u00e3o Civil","author_link":"https:\/\/construcaocivil.siriusmarketingedesign.com.br\/?author=1"},"uagb_comment_info":0,"uagb_excerpt":"A expectativa na queda da taxa torna o mercado ainda mais favor\u00e1vel para a aquisi\u00e7\u00e3o de im\u00f3veis na planta ou em constru\u00e7\u00e3o O novo corte na taxa b\u00e1sica de juros (Selic), anunciado pelo Comit\u00ea de Pol\u00edtica Monet\u00e1ria do Banco Central (COPOM) nesta quarta-feira (20), que alterou a porcentagem de 13,25% para 12,75%, favorece principalmente quem&hellip;","_links":{"self":[{"href":"https:\/\/construcaocivil.siriusmarketingedesign.com.br\/index.php?rest_route=\/wp\/v2\/posts\/22435","targetHints":{"allow":["GET"]}}],"collection":[{"href":"https:\/\/construcaocivil.siriusmarketingedesign.com.br\/index.php?rest_route=\/wp\/v2\/posts"}],"about":[{"href":"https:\/\/construcaocivil.siriusmarketingedesign.com.br\/index.php?rest_route=\/wp\/v2\/types\/post"}],"author":[{"embeddable":true,"href":"https:\/\/construcaocivil.siriusmarketingedesign.com.br\/index.php?rest_route=\/wp\/v2\/users\/1"}],"replies":[{"embeddable":true,"href":"https:\/\/construcaocivil.siriusmarketingedesign.com.br\/index.php?rest_route=%2Fwp%2Fv2%2Fcomments&post=22435"}],"version-history":[{"count":0,"href":"https:\/\/construcaocivil.siriusmarketingedesign.com.br\/index.php?rest_route=\/wp\/v2\/posts\/22435\/revisions"}],"wp:featuredmedia":[{"embeddable":true,"href":"https:\/\/construcaocivil.siriusmarketingedesign.com.br\/index.php?rest_route=\/wp\/v2\/media\/22436"}],"wp:attachment":[{"href":"https:\/\/construcaocivil.siriusmarketingedesign.com.br\/index.php?rest_route=%2Fwp%2Fv2%2Fmedia&parent=22435"}],"wp:term":[{"taxonomy":"category","embeddable":true,"href":"https:\/\/construcaocivil.siriusmarketingedesign.com.br\/index.php?rest_route=%2Fwp%2Fv2%2Fcategories&post=22435"},{"taxonomy":"post_tag","embeddable":true,"href":"https:\/\/construcaocivil.siriusmarketingedesign.com.br\/index.php?rest_route=%2Fwp%2Fv2%2Ftags&post=22435"}],"curies":[{"name":"wp","href":"https:\/\/api.w.org\/{rel}","templated":true}]}}