{"id":22438,"date":"2023-09-24T00:12:56","date_gmt":"2023-09-24T03:12:56","guid":{"rendered":"https:\/\/www.jornaldaconstrucaocivil.com.br\/?p=22438"},"modified":"2023-09-24T00:12:56","modified_gmt":"2023-09-24T03:12:56","slug":"dia-da-arvore-preservacao-de-matas-ciliares-impacta-diretamente-a-qualidade-das-aguas","status":"publish","type":"post","link":"https:\/\/construcaocivil.siriusmarketingedesign.com.br\/?p=22438","title":{"rendered":"Dia da \u00c1rvore: preserva\u00e7\u00e3o de matas ciliares impacta diretamente a qualidade das \u00e1guas"},"content":{"rendered":"<p><em>Por Monique Amboni<\/em><\/p>\n<p style=\"text-align: justify;\"><em><strong>Na data, comemorada na \u00faltima quinta-feira (21), Comit\u00eas do Sul de SC evidenciam import\u00e2ncia da vegeta\u00e7\u00e3o para a gest\u00e3o dos recursos h\u00eddricos<\/strong><\/em><\/p>\n<p style=\"text-align: justify;\">Tudo come\u00e7a pela \u00e1gua. Este bem natural que, al\u00e9m de preservar a natureza, hidrata e transporta os sais minerais para as c\u00e9lulas do corpo. Indispens\u00e1vel para a vida de todos os seres vivos, a qualidade e quantidade do recurso h\u00eddrico est\u00e1 ligada, tamb\u00e9m, \u00e0s matas ciliares, localizadas nas margens dos mananciais. Por esta raz\u00e3o, neste Dia da \u00c1rvore \u2013 21 de setembro \u2013, os Comit\u00eas de Gerenciamento das Bacias Hidrogr\u00e1ficas do Sul catarinense refor\u00e7am o apelo em prol do cuidado dessas \u00e1reas verdes, que desempenham papel fundamental para a produ\u00e7\u00e3o de \u00e1gua e seguran\u00e7a h\u00eddrica.<\/p>\n<p style=\"text-align: justify;\">\n<p style=\"text-align: justify;\">Nas nascentes de rios, por exemplo, as \u00e1rvores que ficam nos arredores realizam a importante fun\u00e7\u00e3o de manuten\u00e7\u00e3o dos ciclos da \u00e1gua. Como possuem ra\u00edzes que ajudam a reter a \u00e1gua no solo, contribuem para a equil\u00edbrio e recarga dos aqu\u00edferos. Desta forma, o rio flui, levando uma boa \u00e1gua para todos, com a temperatura e a concentra\u00e7\u00e3o de oxig\u00eanio adequada. Al\u00e9m disso, tamb\u00e9m atuam na estabilidade da superf\u00edcie das margens, diminuindo o carreamento de sedimento e, por consequ\u00eancia, o n\u00e3o assoreamento.<\/p>\n<p style=\"text-align: justify;\">\n<p style=\"text-align: justify;\">Diante deste cen\u00e1rio, os Comit\u00eas Ararangu\u00e1\/Mampituba, Urussanga e Tubar\u00e3o\/Complexo Lagunar t\u00eam desenvolvido projetos que objetivam a restaura\u00e7\u00e3o de \u00e1reas verdes, bem como a sensibiliza\u00e7\u00e3o dos cidad\u00e3os para uma nova consci\u00eancia na rela\u00e7\u00e3o com um recurso t\u00e3o vital.<\/p>\n<p style=\"text-align: justify;\">\n<p style=\"text-align: justify;\"><em><strong>Educa\u00e7\u00e3o Ambiental no Comit\u00ea Ararangu\u00e1\/Mampituba<\/strong><\/em><\/p>\n<p style=\"text-align: justify;\">\n<p style=\"text-align: justify;\">Atualmente, o Comit\u00ea de Gerenciamento da Bacia Hidrogr\u00e1fica do Rio Ararangu\u00e1 e Afluentes Catarinenses do Rio Mampituba, que abrange 22 munic\u00edpios no Extremo Sul catarinense, tem levado informa\u00e7\u00f5es para promover conscientiza\u00e7\u00e3o junto ao p\u00fablico deste territ\u00f3rio.<\/p>\n<p style=\"text-align: justify;\">\n<p style=\"text-align: justify;\">Em uma das iniciativas, envolvendo quatro munic\u00edpios \u2013 Ararangu\u00e1, Forquilhinha, Nova Veneza e Crici\u00fama \u2013, um Projeto de Educa\u00e7\u00e3o Ambiental nas escolas leva aos alunos temas que frisam o relacionamento e o cuidado da gest\u00e3o dos recursos h\u00eddricos. Segundo a t\u00e9cnica em Gest\u00e3o H\u00eddrica do ProFor \u00c1guas Unesc \u2013 Entidade Executiva que presta suporte t\u00e9cnico aos \u00f3rg\u00e3os e ministra as oficinas nas salas de aula \u2013, Sabrina Baesso Cadorin, o objetivo \u00e9 capacitar mais de 200 estudantes sobre as \u00c1reas de Preserva\u00e7\u00e3o Permanente (APPs).<\/p>\n<p style=\"text-align: justify;\">\n<p style=\"text-align: justify;\">Al\u00e9m disso, a equipe tamb\u00e9m iniciou o diagn\u00f3stico da Bacia do Rio Sang\u00e3o, com o intuito de ajudar as cidades vizinhas na revitaliza\u00e7\u00e3o desse importante manancial. O Comit\u00ea levantar\u00e1 informa\u00e7\u00f5es da real situa\u00e7\u00e3o das APPs para, futuramente, subsidiar projetos de conserva\u00e7\u00e3o e revitaliza\u00e7\u00e3o das \u00e1guas superficiais. Uma a\u00e7\u00e3o que n\u00e3o s\u00f3 influenciar\u00e1 a regi\u00e3o de Forquilhinha, mas tamb\u00e9m outros munic\u00edpios, uma vez que 83% de toda carga que o Rio M\u00e3e Luzia \u2013 que \u00e9 um dos principais contribuintes do Rio Ararangu\u00e1 \u2013 recebe \u00e9 oriunda do Rio Sang\u00e3o.<\/p>\n<p style=\"text-align: justify;\">\n<p style=\"text-align: justify;\">Por fim, o \u00f3rg\u00e3o tamb\u00e9m coloca mudas de \u00e1rvore nativas \u00e0 disposi\u00e7\u00e3o de escolas e do p\u00fablico em geral. Tanto que, somente neste ano, prev\u00ea entregar mais de 400 mudas para as empresas da regi\u00e3o.<\/p>\n<p style=\"text-align: justify;\">\n<p style=\"text-align: justify;\">&#8220;As a\u00e7\u00f5es que v\u00eam sendo desenvolvidas pelo Comit\u00ea no que se referem \u00e0 educa\u00e7\u00e3o ambiental e \u00e0 doa\u00e7\u00e3o de mudas nativas s\u00e3o expressivas, pois v\u00e3o al\u00e9m da escola, perpassando todos os cidad\u00e3os que se veem na miss\u00e3o respons\u00e1vel de plantar \u00e1rvores para proteger e preservar os cursos d&#8217;\u00e1gua, estabilizar o solo, reduzir a polui\u00e7\u00e3o e promover conforto t\u00e9rmico que regulam a umidade e temperatura de todo o ecossistema&#8221;, evidencia a presidente do Comit\u00ea Ararangu\u00e1\/Mampituba, Eliandra Gomes Marques.<\/p>\n<p style=\"text-align: justify;\">\n<p style=\"text-align: justify;\"><em><strong>No Comit\u00ea Urussanga, projetos para reflorestamento j\u00e1 foram desenvolvidos<\/strong><\/em><\/p>\n<p style=\"text-align: justify;\">\n<p style=\"text-align: justify;\">J\u00e1 o Comit\u00ea de Gerenciamento Bacia Hidrogr\u00e1fica do Rio Urussanga abrange 10 munic\u00edpios do Estado e, pensando tamb\u00e9m no cuidado com as matas ciliares, tem desenvolvido dois grandes projetos: o diagn\u00f3stico do uso e ocupa\u00e7\u00e3o do solo na microbacia do Rio Maior e a cria\u00e7\u00e3o da Lei Municipal de Seguran\u00e7a H\u00eddrica e Gest\u00e3o das \u00c1guas de Urussanga.<\/p>\n<p style=\"text-align: justify;\">\n<p style=\"text-align: justify;\">Com o total esclarecimento de que as \u00e1rvores e as \u00e1guas est\u00e3o totalmente ligadas, desempenhando a manuten\u00e7\u00e3o dos ciclos da \u00e1gua, o Comit\u00ea Urussanga trabalha ativamente para promover pr\u00e1ticas de restaura\u00e7\u00e3o florestal na regi\u00e3o. Desse modo, usufruindo de projetos de reflorestamento, a primeira a\u00e7\u00e3o visa a conserva\u00e7\u00e3o das \u00e1guas subterr\u00e2neas. Por meio de estudos, levantar\u00e1 dados e gr\u00e1ficos com informa\u00e7\u00f5es completas para, posteriormente, disponibilizar \u00e0 comunidade de Urussanga.<\/p>\n<p style=\"text-align: justify;\">\n<p style=\"text-align: justify;\">Na mesma perspectiva, a cria\u00e7\u00e3o da Lei Municipal de Seguran\u00e7a H\u00eddrica e Gest\u00e3o das \u00c1guas de Urussanga estabelece instrumentos diretamente voltados \u00e0 gest\u00e3o h\u00eddrica. Ap\u00f3s sua aprova\u00e7\u00e3o, o munic\u00edpio poder\u00e1 implementar v\u00e1rios instrumentos para contribuir com a gest\u00e3o das \u00e1guas, como o Pagamento por Servi\u00e7o Ambiental (PSA), e regras que visam assegurar o uso dos recursos h\u00eddricos aos m\u00faltiplos usos.<\/p>\n<p style=\"text-align: justify;\">\n<p style=\"text-align: justify;\">Al\u00e9m desses projetos, entre 2020 e 2021, o Comit\u00ea recebeu mudas de esp\u00e9cies nativas como medida de compensa\u00e7\u00e3o ambiental. O projeto destinou cerca de 3 mil mudas a propriet\u00e1rios rurais dos munic\u00edpios de Urussanga e Cocal do Sul. De acordo com a presidente do \u00f3rg\u00e3o, Lara Possamai Wessler, a entidade n\u00e3o apenas atua pela prote\u00e7\u00e3o dos recursos h\u00eddricos, mas tamb\u00e9m desenvolve a\u00e7\u00f5es \u00e0 preserva\u00e7\u00e3o dos ecossistemas naturais que sustentam a vida.<\/p>\n<p style=\"text-align: justify;\">\n<p style=\"text-align: justify;\">&#8220;A sociedade \u00e9 o Comit\u00ea e a gente precisa da participa\u00e7\u00e3o das pessoas. E, claro, depende de cada um fazer a sua parte. N\u00f3s e as parcerias, como a com a Diretoria do Meio Ambiente de Urussanga, ajudamos com a\u00e7\u00f5es e conscientiza\u00e7\u00e3o. Estamos aqui para mostrar que temos capacidade de promover pr\u00e1ticas de conserva\u00e7\u00e3o e restaura\u00e7\u00e3o florestal na regi\u00e3o. Sabemos que as \u00e1rvores desempenham um papel importante na purifica\u00e7\u00e3o da \u00e1gua e estabilidade das margens&#8221;, explica.<\/p>\n<p style=\"text-align: justify;\">\n<p style=\"text-align: justify;\"><em><strong>Comit\u00ea Tubar\u00e3o e Complexo Lagunar doa mais de 300 mil mudas de \u00e1rvores em 15 anos<\/strong><\/em><\/p>\n<p style=\"text-align: justify;\">\n<p style=\"text-align: justify;\">Desde 2008, o Comit\u00ea de Gerenciamento da Bacia Hidrogr\u00e1fica do Rio Tubar\u00e3o, Complexo Lagunar e Bacias Cont\u00edguas faz parcerias com institui\u00e7\u00f5es p\u00fablicas e privadas no intuito de preservar \u00e1reas que necessitam de recupera\u00e7\u00e3o ambiental. A partir desta demanda, criou-se em 2008, a C\u00e2mara T\u00e9cnica de Recupera\u00e7\u00e3o e Prote\u00e7\u00e3o de Nascentes, que j\u00e1 protegeu e recuperou 62 nascentes \u2013 plantando \u00e1rvores nativas e nativas frut\u00edferas \u2013 e, ainda, efetuou a doa\u00e7\u00e3o de mudas \u00e0 sociedade. Ao todo, j\u00e1 foram distribu\u00eddas 300 mil mudas de \u00e1rvores no decorrer do projeto, sendo tr\u00eas mil neste ano.<\/p>\n<p style=\"text-align: justify;\">\n<p style=\"text-align: justify;\">Al\u00e9m disso, o Comit\u00ea tamb\u00e9m vem desenvolvendo projetos e promovendo capacita\u00e7\u00f5es. Dentre os projetos que est\u00e3o em andamento, o primeiro trata-se do diagn\u00f3stico do saneamento ambiental com \u00eanfase no esgotamento sanit\u00e1rio da bacia hidrogr\u00e1fica do rio Tubar\u00e3o e Complexo Lagunar. E, ainda, est\u00e1 \u00e0 frente de um projeto de governan\u00e7a h\u00eddrica, que leva \u00e0s autoridades \u2013 prefeitos e vereadores \u2013 de munic\u00edpios de cada sub-bacia, dados e informa\u00e7\u00f5es sobre a import\u00e2ncia da implementa\u00e7\u00e3o de a\u00e7\u00f5es e pol\u00edticas \u00e0 preserva\u00e7\u00e3o dos recursos h\u00eddricos.<\/p>\n<p style=\"text-align: justify;\">\n<p style=\"text-align: justify;\">De acordo com o secret\u00e1rio-executivo do Comit\u00ea Tubar\u00e3o e Complexo Lagunar, Patr\u00edcio Fileti, todos os projetos s\u00e3o de grande relev\u00e2ncia para a sociedade. &#8220;Temos uma credibilidade muito grande, pois voc\u00ea come\u00e7a a fazer um trabalho, consequentemente a sociedade passa a confiar na institui\u00e7\u00e3o. Prova disso, o pr\u00f3prio Minist\u00e9rio P\u00fablico Federal e Estadual j\u00e1 procurou o Comit\u00ea para parcerias na \u00e1rea de recupera\u00e7\u00e3o de nascentes.&#8221;, enfatiza.<\/p>\n<p>&nbsp;<\/p>\n<p>&nbsp;<\/p>\n<p style=\"text-align: justify;\">\n","protected":false},"excerpt":{"rendered":"<p>Por Monique Amboni Na data, comemorada na \u00faltima quinta-feira (21), Comit\u00eas do Sul de SC evidenciam import\u00e2ncia da vegeta\u00e7\u00e3o para a gest\u00e3o dos recursos h\u00eddricos Tudo come\u00e7a pela \u00e1gua. Este bem natural que, al\u00e9m de preservar a natureza, hidrata e transporta os sais minerais para as c\u00e9lulas do corpo. Indispens\u00e1vel para a vida de todos [&hellip;]<\/p>\n","protected":false},"author":1,"featured_media":22439,"comment_status":"open","ping_status":"open","sticky":false,"template":"","format":"standard","meta":{"_uag_custom_page_level_css":"","footnotes":""},"categories":[37],"tags":[25761,25762,25763,10616],"class_list":["post-22438","post","type-post","status-publish","format-standard","has-post-thumbnail","hentry","category-sustentabilidade","tag-comite-ararangua-mampituba","tag-comite-tubarao","tag-rios-e-oceanos","tag-santa-catarina"],"blocksy_meta":[],"spectra_blocks_featured_image_url":{"thumbnail":{"url":"https:\/\/construcaocivil.siriusmarketingedesign.com.br\/wp-content\/uploads\/2023\/09\/c65063fd-f386-47f0-827b-781d22a2236f-150x150.jpg","width":150,"height":150},"medium":{"url":"https:\/\/construcaocivil.siriusmarketingedesign.com.br\/wp-content\/uploads\/2023\/09\/c65063fd-f386-47f0-827b-781d22a2236f-300x200.jpg","width":300,"height":200},"medium_large":{"url":"https:\/\/construcaocivil.siriusmarketingedesign.com.br\/wp-content\/uploads\/2023\/09\/c65063fd-f386-47f0-827b-781d22a2236f-768x512.jpg","width":768,"height":512},"large":{"url":"https:\/\/construcaocivil.siriusmarketingedesign.com.br\/wp-content\/uploads\/2023\/09\/c65063fd-f386-47f0-827b-781d22a2236f.jpg","width":846,"height":564},"full":{"url":"https:\/\/construcaocivil.siriusmarketingedesign.com.br\/wp-content\/uploads\/2023\/09\/c65063fd-f386-47f0-827b-781d22a2236f.jpg","width":846,"height":564}},"spectra_blocks_author_info":{"display_name":"Jornal da Constru\u00e7\u00e3o Civil","avatar_url":"https:\/\/secure.gravatar.com\/avatar\/973c9774fd44ddaceb026973c4962faa70fc512bc4c9da68e8ebb40fecee6540?s=96&d=mm&r=g","author_link":"https:\/\/construcaocivil.siriusmarketingedesign.com.br\/?author=1","description":"Desde de 2013, levando muitas informa\u00e7\u00f5es, lan\u00e7amentos e produtos de qualidade para toda cadeia produtiva da constru\u00e7\u00e3o. O Futuro da constru\u00e7\u00e3o passa por aqui,"},"uagb_featured_image_src":{"full":["https:\/\/construcaocivil.siriusmarketingedesign.com.br\/wp-content\/uploads\/2023\/09\/c65063fd-f386-47f0-827b-781d22a2236f.jpg",846,564,false],"thumbnail":["https:\/\/construcaocivil.siriusmarketingedesign.com.br\/wp-content\/uploads\/2023\/09\/c65063fd-f386-47f0-827b-781d22a2236f-150x150.jpg",150,150,true],"medium":["https:\/\/construcaocivil.siriusmarketingedesign.com.br\/wp-content\/uploads\/2023\/09\/c65063fd-f386-47f0-827b-781d22a2236f-300x200.jpg",300,200,true],"medium_large":["https:\/\/construcaocivil.siriusmarketingedesign.com.br\/wp-content\/uploads\/2023\/09\/c65063fd-f386-47f0-827b-781d22a2236f-768x512.jpg",768,512,true],"large":["https:\/\/construcaocivil.siriusmarketingedesign.com.br\/wp-content\/uploads\/2023\/09\/c65063fd-f386-47f0-827b-781d22a2236f.jpg",846,564,false],"1536x1536":["https:\/\/construcaocivil.siriusmarketingedesign.com.br\/wp-content\/uploads\/2023\/09\/c65063fd-f386-47f0-827b-781d22a2236f.jpg",846,564,false],"2048x2048":["https:\/\/construcaocivil.siriusmarketingedesign.com.br\/wp-content\/uploads\/2023\/09\/c65063fd-f386-47f0-827b-781d22a2236f.jpg",846,564,false]},"uagb_author_info":{"display_name":"Jornal da Constru\u00e7\u00e3o Civil","author_link":"https:\/\/construcaocivil.siriusmarketingedesign.com.br\/?author=1"},"uagb_comment_info":0,"uagb_excerpt":"Por Monique Amboni Na data, comemorada na \u00faltima quinta-feira (21), Comit\u00eas do Sul de SC evidenciam import\u00e2ncia da vegeta\u00e7\u00e3o para a gest\u00e3o dos recursos h\u00eddricos Tudo come\u00e7a pela \u00e1gua. Este bem natural que, al\u00e9m de preservar a natureza, hidrata e transporta os sais minerais para as c\u00e9lulas do corpo. Indispens\u00e1vel para a vida de todos&hellip;","_links":{"self":[{"href":"https:\/\/construcaocivil.siriusmarketingedesign.com.br\/index.php?rest_route=\/wp\/v2\/posts\/22438","targetHints":{"allow":["GET"]}}],"collection":[{"href":"https:\/\/construcaocivil.siriusmarketingedesign.com.br\/index.php?rest_route=\/wp\/v2\/posts"}],"about":[{"href":"https:\/\/construcaocivil.siriusmarketingedesign.com.br\/index.php?rest_route=\/wp\/v2\/types\/post"}],"author":[{"embeddable":true,"href":"https:\/\/construcaocivil.siriusmarketingedesign.com.br\/index.php?rest_route=\/wp\/v2\/users\/1"}],"replies":[{"embeddable":true,"href":"https:\/\/construcaocivil.siriusmarketingedesign.com.br\/index.php?rest_route=%2Fwp%2Fv2%2Fcomments&post=22438"}],"version-history":[{"count":0,"href":"https:\/\/construcaocivil.siriusmarketingedesign.com.br\/index.php?rest_route=\/wp\/v2\/posts\/22438\/revisions"}],"wp:featuredmedia":[{"embeddable":true,"href":"https:\/\/construcaocivil.siriusmarketingedesign.com.br\/index.php?rest_route=\/wp\/v2\/media\/22439"}],"wp:attachment":[{"href":"https:\/\/construcaocivil.siriusmarketingedesign.com.br\/index.php?rest_route=%2Fwp%2Fv2%2Fmedia&parent=22438"}],"wp:term":[{"taxonomy":"category","embeddable":true,"href":"https:\/\/construcaocivil.siriusmarketingedesign.com.br\/index.php?rest_route=%2Fwp%2Fv2%2Fcategories&post=22438"},{"taxonomy":"post_tag","embeddable":true,"href":"https:\/\/construcaocivil.siriusmarketingedesign.com.br\/index.php?rest_route=%2Fwp%2Fv2%2Ftags&post=22438"}],"curies":[{"name":"wp","href":"https:\/\/api.w.org\/{rel}","templated":true}]}}