{"id":22452,"date":"2023-09-27T14:29:06","date_gmt":"2023-09-27T17:29:06","guid":{"rendered":"https:\/\/www.jornaldaconstrucaocivil.com.br\/?p=22452"},"modified":"2023-09-27T14:29:06","modified_gmt":"2023-09-27T17:29:06","slug":"pesquisa-da-abrainc-revela-que-77-dos-beneficiarios-do-mcmv-veem-melhora-na-qualidade-de-vida-apos-aquisicao-de-imovel","status":"publish","type":"post","link":"https:\/\/construcaocivil.siriusmarketingedesign.com.br\/?p=22452","title":{"rendered":"Pesquisa da ABRAINC revela que 77% dos benefici\u00e1rios do MCMV veem melhora na qualidade de vida ap\u00f3s aquisi\u00e7\u00e3o de im\u00f3vel"},"content":{"rendered":"<p style=\"text-align: justify;\"><strong><i>O estudo da Brain Intelig\u00eancia Estrat\u00e9gica revelou que o programa tem desempenhado um papel importante na aprimora\u00e7\u00e3o do bem-estar dos compradores de novos im\u00f3veis<\/i><\/strong><\/p>\n<p style=\"text-align: justify;\">\n<p style=\"text-align: justify;\"><strong>S\u00e3o Paulo, 27 de setembro de 2023 &#8211;<\/strong>\u00a0Uma pesquisa da Associa\u00e7\u00e3o Brasileira de Incorporadoras Imobili\u00e1rias (ABRAINC) aponta que o Minha Casa, Minha Vida (MCMV) tem um fator significativo na melhoria da qualidade de vida de seus benefici\u00e1rios. O levantamento foi conduzido pela Brain Intelig\u00eancia Estrat\u00e9gica<i>\u00a0<\/i>junto a compradores de im\u00f3veis do programa de habita\u00e7\u00e3o popular.\n<\/p>\n<p style=\"text-align: justify;\">De acordo com os dados coletados, 92% dos entrevistados afirmaram sentir-se mais seguros ap\u00f3s adquirir um im\u00f3vel pelo programa. Al\u00e9m disso, 76% relataram terem mudado para uma resid\u00eancia mais moderna, refletindo a influ\u00eancia positiva na qualidade de suas moradias.\n<\/p>\n<p style=\"text-align: justify;\">Os entrevistados tamb\u00e9m elogiaram a localiza\u00e7\u00e3o dos im\u00f3veis do MCMV e proximidade de servi\u00e7os educacionais para essas fam\u00edlias: 80% deles afirmam estar mais pr\u00f3ximos de escolas e faculdades ap\u00f3s a mudan\u00e7a.\n<\/p>\n<p style=\"text-align: justify;\">Outros resultados da pesquisa apontam que 77% dos participantes viram uma melhoria geral em sua qualidade de vida ap\u00f3s adquirirem uma resid\u00eancia pelo programa e 73% experimentaram um avan\u00e7o nas perspectivas de vida, refletindo em um aumento no otimismo e nas expectativas para o futuro.\n<\/p>\n<p style=\"text-align: justify;\"><strong>MOTIVA\u00c7\u00d5ES\u00a0<\/strong>&#8211; Ainda conforme os dados da pesquisa, um dos principais motivos que levou os compradores a aderirem ao MCMV foi a busca por independ\u00eancia em rela\u00e7\u00e3o \u00e0 loca\u00e7\u00e3o de um im\u00f3vel, com 45% dos entrevistados citando &#8220;Sair do Aluguel&#8221; como o principal fator motivador para a aquisi\u00e7\u00e3o. Esse dado ilustra a relev\u00e2ncia do programa como uma alternativa vi\u00e1vel para milh\u00f5es de fam\u00edlias que buscam a casa pr\u00f3pria e, ainda, para a diminui\u00e7\u00e3o do d\u00e9ficit habitacional brasileiro.\n<\/p>\n<p style=\"text-align: justify;\">O levantamento revelou tamb\u00e9m um desafio significativo para uma parte dos benefici\u00e1rios do MCMV. Dos entrevistados, 45% n\u00e3o possuem registro de trabalho formal: dos consumidores em potencial do programa, h\u00e1 trabalhadores aut\u00f4nomos (27%), empres\u00e1rios (7%), comerciantes (10%) ou profissionais liberais (1%). &#8220;Isso destaca a necessidade de se desenvolver um modelo de financiamento mais acess\u00edvel e adequado para trabalhadores informais, a fim de expandir ainda mais o alcance e os benef\u00edcios do programa&#8221;, explica o presidente da ABRAINC, Luiz Fran\u00e7a.\n<\/p>\n<p style=\"text-align: justify;\">Na avalia\u00e7\u00e3o do CEO da Brain, F\u00e1bio Tadeu de Ara\u00fajo, a pesquisa oferece uma avalia\u00e7\u00e3o objetiva dos impactos do MCMV na vida dos benefici\u00e1rios. Isso \u00e9 essencial para entender se o programa est\u00e1 cumprindo seus objetivos de melhorar as condi\u00e7\u00f5es de moradia e qualidade de vida das fam\u00edlias de baixa renda no Brasil. &#8220;O desafio sempre foi muito grande para quem necessita do benef\u00edcio. A aten\u00e7\u00e3o, agora, deve permanecer na adequa\u00e7\u00e3o ao estilo de vida de quem precisa, como aut\u00f4nomos e informais, que representam boa parte da pesquisa&#8221;.\n<\/p>\n<p style=\"text-align: justify;\">Por fim, Fran\u00e7a destaca que os dados refor\u00e7am impacto positivo do Programa Minha Casa, Minha Vida na transforma\u00e7\u00e3o da vida de milh\u00f5es de brasileiros, proporcionando seguran\u00e7a, qualidade de vida e perspectivas positivas para aqueles que mais precisam. &#8220;Os resultados destacam a import\u00e2ncia cont\u00ednua do programa na constru\u00e7\u00e3o de um futuro mais promissor para muitas fam\u00edlias em todo o Brasil e s\u00e3o fundamentais para avaliar o impacto do MCMV na formula\u00e7\u00e3o de pol\u00edticas p\u00fablicas mais eficazes, buscando diminuir o d\u00e9ficit habitacional e melhorar a qualidade de vida das fam\u00edlias e promover um desenvolvimento urbano mais inclusivo no Brasil&#8221;, finaliza o executivo.<\/p>\n","protected":false},"excerpt":{"rendered":"<p>O estudo da Brain Intelig\u00eancia Estrat\u00e9gica revelou que o programa tem desempenhado um papel importante na aprimora\u00e7\u00e3o do bem-estar dos compradores de novos im\u00f3veis S\u00e3o Paulo, 27 de setembro de 2023 &#8211;\u00a0Uma pesquisa da Associa\u00e7\u00e3o Brasileira de Incorporadoras Imobili\u00e1rias (ABRAINC) aponta que o Minha Casa, Minha Vida (MCMV) tem um fator significativo na melhoria da [&hellip;]<\/p>\n","protected":false},"author":1,"featured_media":19439,"comment_status":"open","ping_status":"open","sticky":false,"template":"","format":"standard","meta":{"_uag_custom_page_level_css":"","footnotes":""},"categories":[30],"tags":[25051,25773,19531,25774],"class_list":["post-22452","post","type-post","status-publish","format-standard","has-post-thumbnail","hentry","category-imoveis","tag-empregosnaconstrucao","tag-minhhacasaminhavida","tag-abrainc","tag-mcmv-faixa-1"],"blocksy_meta":[],"spectra_blocks_featured_image_url":{"thumbnail":{"url":"https:\/\/construcaocivil.siriusmarketingedesign.com.br\/wp-content\/uploads\/2022\/06\/52051299965_81b0f407d2_c-1-150x150.jpg","width":150,"height":150},"medium":{"url":"https:\/\/construcaocivil.siriusmarketingedesign.com.br\/wp-content\/uploads\/2022\/06\/52051299965_81b0f407d2_c-1-300x200.jpg","width":300,"height":200},"medium_large":{"url":"https:\/\/construcaocivil.siriusmarketingedesign.com.br\/wp-content\/uploads\/2022\/06\/52051299965_81b0f407d2_c-1-768x512.jpg","width":768,"height":512},"large":{"url":"https:\/\/construcaocivil.siriusmarketingedesign.com.br\/wp-content\/uploads\/2022\/06\/52051299965_81b0f407d2_c-1.jpg","width":799,"height":533},"full":{"url":"https:\/\/construcaocivil.siriusmarketingedesign.com.br\/wp-content\/uploads\/2022\/06\/52051299965_81b0f407d2_c-1.jpg","width":799,"height":533}},"spectra_blocks_author_info":{"display_name":"Jornal da Constru\u00e7\u00e3o Civil","avatar_url":"https:\/\/secure.gravatar.com\/avatar\/973c9774fd44ddaceb026973c4962faa70fc512bc4c9da68e8ebb40fecee6540?s=96&d=mm&r=g","author_link":"https:\/\/construcaocivil.siriusmarketingedesign.com.br\/?author=1","description":"Desde de 2013, levando muitas informa\u00e7\u00f5es, lan\u00e7amentos e produtos de qualidade para toda cadeia produtiva da constru\u00e7\u00e3o. O Futuro da constru\u00e7\u00e3o passa por aqui,"},"uagb_featured_image_src":{"full":["https:\/\/construcaocivil.siriusmarketingedesign.com.br\/wp-content\/uploads\/2022\/06\/52051299965_81b0f407d2_c-1.jpg",799,533,false],"thumbnail":["https:\/\/construcaocivil.siriusmarketingedesign.com.br\/wp-content\/uploads\/2022\/06\/52051299965_81b0f407d2_c-1-150x150.jpg",150,150,true],"medium":["https:\/\/construcaocivil.siriusmarketingedesign.com.br\/wp-content\/uploads\/2022\/06\/52051299965_81b0f407d2_c-1-300x200.jpg",300,200,true],"medium_large":["https:\/\/construcaocivil.siriusmarketingedesign.com.br\/wp-content\/uploads\/2022\/06\/52051299965_81b0f407d2_c-1-768x512.jpg",768,512,true],"large":["https:\/\/construcaocivil.siriusmarketingedesign.com.br\/wp-content\/uploads\/2022\/06\/52051299965_81b0f407d2_c-1.jpg",799,533,false],"1536x1536":["https:\/\/construcaocivil.siriusmarketingedesign.com.br\/wp-content\/uploads\/2022\/06\/52051299965_81b0f407d2_c-1.jpg",799,533,false],"2048x2048":["https:\/\/construcaocivil.siriusmarketingedesign.com.br\/wp-content\/uploads\/2022\/06\/52051299965_81b0f407d2_c-1.jpg",799,533,false]},"uagb_author_info":{"display_name":"Jornal da Constru\u00e7\u00e3o Civil","author_link":"https:\/\/construcaocivil.siriusmarketingedesign.com.br\/?author=1"},"uagb_comment_info":0,"uagb_excerpt":"O estudo da Brain Intelig\u00eancia Estrat\u00e9gica revelou que o programa tem desempenhado um papel importante na aprimora\u00e7\u00e3o do bem-estar dos compradores de novos im\u00f3veis S\u00e3o Paulo, 27 de setembro de 2023 &#8211;\u00a0Uma pesquisa da Associa\u00e7\u00e3o Brasileira de Incorporadoras Imobili\u00e1rias (ABRAINC) aponta que o Minha Casa, Minha Vida (MCMV) tem um fator significativo na melhoria da&hellip;","_links":{"self":[{"href":"https:\/\/construcaocivil.siriusmarketingedesign.com.br\/index.php?rest_route=\/wp\/v2\/posts\/22452","targetHints":{"allow":["GET"]}}],"collection":[{"href":"https:\/\/construcaocivil.siriusmarketingedesign.com.br\/index.php?rest_route=\/wp\/v2\/posts"}],"about":[{"href":"https:\/\/construcaocivil.siriusmarketingedesign.com.br\/index.php?rest_route=\/wp\/v2\/types\/post"}],"author":[{"embeddable":true,"href":"https:\/\/construcaocivil.siriusmarketingedesign.com.br\/index.php?rest_route=\/wp\/v2\/users\/1"}],"replies":[{"embeddable":true,"href":"https:\/\/construcaocivil.siriusmarketingedesign.com.br\/index.php?rest_route=%2Fwp%2Fv2%2Fcomments&post=22452"}],"version-history":[{"count":0,"href":"https:\/\/construcaocivil.siriusmarketingedesign.com.br\/index.php?rest_route=\/wp\/v2\/posts\/22452\/revisions"}],"wp:featuredmedia":[{"embeddable":true,"href":"https:\/\/construcaocivil.siriusmarketingedesign.com.br\/index.php?rest_route=\/wp\/v2\/media\/19439"}],"wp:attachment":[{"href":"https:\/\/construcaocivil.siriusmarketingedesign.com.br\/index.php?rest_route=%2Fwp%2Fv2%2Fmedia&parent=22452"}],"wp:term":[{"taxonomy":"category","embeddable":true,"href":"https:\/\/construcaocivil.siriusmarketingedesign.com.br\/index.php?rest_route=%2Fwp%2Fv2%2Fcategories&post=22452"},{"taxonomy":"post_tag","embeddable":true,"href":"https:\/\/construcaocivil.siriusmarketingedesign.com.br\/index.php?rest_route=%2Fwp%2Fv2%2Ftags&post=22452"}],"curies":[{"name":"wp","href":"https:\/\/api.w.org\/{rel}","templated":true}]}}