{"id":22464,"date":"2023-09-28T14:49:08","date_gmt":"2023-09-28T17:49:08","guid":{"rendered":"https:\/\/www.jornaldaconstrucaocivil.com.br\/?p=22464"},"modified":"2023-09-28T14:49:08","modified_gmt":"2023-09-28T17:49:08","slug":"casa-propria-mais-de-450-mil-unidades-habitacionais-do-mcmv-serao-contratadas-em-2023-informa-jader-barbalho-filho","status":"publish","type":"post","link":"https:\/\/construcaocivil.siriusmarketingedesign.com.br\/?p=22464","title":{"rendered":"Casa Pr\u00f3pria: Mais de 450 mil unidades habitacionais do MCMV ser\u00e3o contratadas em 2023, informa Jader Barbalho Filho"},"content":{"rendered":"<p dir=\"ltr\"><span style=\"color: #993300;\"><em><strong>Ministro das Cidades participou da abertura do F\u00f3rum Norte e Nordeste da Ind\u00fastria da Constru\u00e7\u00e3o, que come\u00e7ou nesta quinta-feira (28) no Recife<\/strong><\/em><\/span><\/p>\n<p>&nbsp;<\/p>\n<p dir=\"ltr\">O Ministro das Cidades, Jader Barbalho Filho, participou do F\u00f3rum Norte e Nordeste da Ind\u00fastria da Constru\u00e7\u00e3o, que come\u00e7ou nesta quinta-feira (28) e vai at\u00e9 amanh\u00e3 (29). O programa Minha Casa, Minha Vida \u00e9 um dos temas bastante discutidos no evento. O Ministro trouxe dados sobre a contrata\u00e7\u00e3o de novas unidades habitacionais e perspectivas para 2023 e 2024.<\/p>\n<p>&nbsp;<\/p>\n<p dir=\"ltr\">&#8220;A previs\u00e3o \u00e9 que a gente ultrapasse a marca de 450 mil novas unidades habitacionais contratadas em 2023. A minha expectativa \u00e9 que, em 2024, a gente supere ainda mais essa marca, haja vista que teremos um tempo maior para o mercado reagir. Que essas novas unidades habitacionais possam se tornar realidade&#8221;, afirmou.<\/p>\n<p>&nbsp;<\/p>\n<p dir=\"ltr\">Jader acrescentou que at\u00e9 o in\u00edcio de outubro ser\u00e3o divulgadas as solu\u00e7\u00f5es que foram contempladas, a partir da an\u00e1lise que a Caixa fez dos terrenos que foram apresentados pelas empresas, pelos Governos dos Estados, pelas Prefeituras, e j\u00e1 mostrar quais foram os terrenos que passaram na aprova\u00e7\u00e3o a partir das normativas estabelecidas.<\/p>\n<p>&nbsp;<\/p>\n<p dir=\"ltr\">A inten\u00e7\u00e3o \u00e9 que ainda no ano de 2023 j\u00e1 possam ser feitas as novas contrata\u00e7\u00f5es do MCMV. &#8220;Me refiro \u00e0 quest\u00e3o do FAR, que \u00e9 o MCMV urbano, que atende os governos de estados, as prefeituras, e as empresas; ao MCMV-Rural; e tamb\u00e9m o MCMV entidades&#8221;, completa Jader.<\/p>\n<p>&nbsp;<\/p>\n<p dir=\"ltr\">O ministro das Cidades comentou, ainda, a\u00e7\u00f5es do Programa de Acelera\u00e7\u00e3o de Crescimento (PAC). &#8220;N\u00f3s lan\u00e7amos o processo de sele\u00e7\u00e3o para todos os construtores serem muito bem atendidos. A sele\u00e7\u00e3o inicia no dia 9 de outubro e vai ficar aberta at\u00e9 o dia 10 de novembro para que possamos fazer as discuss\u00f5es das novas obras do PAC. O PAC total para o Brasil est\u00e1, hoje, na ordem de R$ 1,7 trilh\u00e3o. E o que coube ao Minist\u00e9rio das Cidades \u00e9 da ordem de R$ 622 bilh\u00f5es em duas a\u00e7\u00f5es: Associa\u00e7\u00f5es das Cidades resilientes e sustent\u00e1veis e \u00c1gua para todos&#8221;, ressaltou.<\/p>\n<p>&nbsp;<\/p>\n<p dir=\"ltr\">Jader Barbalho Filho participou remotamente na abertura do evento e lamentou por n\u00e3o poder estar presencialmente ao lado de outras autoridades que compunham o\u00a0 painel, como Marcos Holanda, Presidente do FNNIC; Raquel Lyra, governadora de Pernambuco; Priscila Krause, vice-governadora de Pernambuco, Jo\u00e3o Campos, prefeito de Recife; o deputado federal Fernando Marangoni; o deputado federal Mendon\u00e7a Filho; o Presidente da ADEMI\/PE, Rafael Sim\u00f5es; e o Presidente do Sinduscon PE, Antonio Cl\u00e1udio. Jader fez quest\u00e3o de deixar claro sobre a import\u00e2ncia da contribui\u00e7\u00e3o do FNNIC para o FGTS: &#8220;Foi a principal contribui\u00e7\u00e3o que o F\u00f3rum fez para a nossa gest\u00e3o&#8221;, completou o ministro.<\/p>\n<p>&nbsp;<\/p>\n<p dir=\"ltr\">O FNNIC est\u00e1 sendo transmitido pelo canal do F\u00f3rum no Youtube (<a href=\"https:\/\/www.youtube.com\/@fnnic\" target=\"_blank\" rel=\"noopener noreferrer\">https:\/\/www.youtube.com\/@fnnic<\/a>\u00a0). A programa\u00e7\u00e3o est\u00e1 dispon\u00edvel no site do FNNIC (<a href=\"https:\/\/recife.fnnic.net\/\" target=\"_blank\" rel=\"noopener noreferrer\">https:\/\/recife.fnnic.net\/<\/a>).<\/p>\n","protected":false},"excerpt":{"rendered":"<p>Ministro das Cidades participou da abertura do F\u00f3rum Norte e Nordeste da Ind\u00fastria da Constru\u00e7\u00e3o, que come\u00e7ou nesta quinta-feira (28) no Recife &nbsp; O Ministro das Cidades, Jader Barbalho Filho, participou do F\u00f3rum Norte e Nordeste da Ind\u00fastria da Constru\u00e7\u00e3o, que come\u00e7ou nesta quinta-feira (28) e vai at\u00e9 amanh\u00e3 (29). O programa Minha Casa, Minha [&hellip;]<\/p>\n","protected":false},"author":1,"featured_media":22465,"comment_status":"open","ping_status":"open","sticky":false,"template":"","format":"standard","meta":{"_uag_custom_page_level_css":"","footnotes":""},"categories":[33],"tags":[24723,25752,25630,25775,5729,9946],"class_list":["post-22464","post","type-post","status-publish","format-standard","has-post-thumbnail","hentry","category-mercado","tag-construcaocivil","tag-fnnic","tag-novopac","tag-fgts-casa-propria","tag-habitacao","tag-recife-pe"],"blocksy_meta":[],"spectra_blocks_featured_image_url":{"thumbnail":{"url":"https:\/\/construcaocivil.siriusmarketingedesign.com.br\/wp-content\/uploads\/2023\/09\/Jader-Barbalho-FNNIC-Foto-Divulgacao-150x150.jpeg","width":150,"height":150},"medium":{"url":"https:\/\/construcaocivil.siriusmarketingedesign.com.br\/wp-content\/uploads\/2023\/09\/Jader-Barbalho-FNNIC-Foto-Divulgacao-300x169.jpeg","width":300,"height":169},"medium_large":{"url":"https:\/\/construcaocivil.siriusmarketingedesign.com.br\/wp-content\/uploads\/2023\/09\/Jader-Barbalho-FNNIC-Foto-Divulgacao-768x432.jpeg","width":768,"height":432},"large":{"url":"https:\/\/construcaocivil.siriusmarketingedesign.com.br\/wp-content\/uploads\/2023\/09\/Jader-Barbalho-FNNIC-Foto-Divulgacao-1024x576.jpeg","width":1024,"height":576},"full":{"url":"https:\/\/construcaocivil.siriusmarketingedesign.com.br\/wp-content\/uploads\/2023\/09\/Jader-Barbalho-FNNIC-Foto-Divulgacao.jpeg","width":1280,"height":720}},"spectra_blocks_author_info":{"display_name":"Jornal da Constru\u00e7\u00e3o Civil","avatar_url":"https:\/\/secure.gravatar.com\/avatar\/973c9774fd44ddaceb026973c4962faa70fc512bc4c9da68e8ebb40fecee6540?s=96&d=mm&r=g","author_link":"https:\/\/construcaocivil.siriusmarketingedesign.com.br\/?author=1","description":"Desde de 2013, levando muitas informa\u00e7\u00f5es, lan\u00e7amentos e produtos de qualidade para toda cadeia produtiva da constru\u00e7\u00e3o. O Futuro da constru\u00e7\u00e3o passa por aqui,"},"uagb_featured_image_src":{"full":["https:\/\/construcaocivil.siriusmarketingedesign.com.br\/wp-content\/uploads\/2023\/09\/Jader-Barbalho-FNNIC-Foto-Divulgacao.jpeg",1280,720,false],"thumbnail":["https:\/\/construcaocivil.siriusmarketingedesign.com.br\/wp-content\/uploads\/2023\/09\/Jader-Barbalho-FNNIC-Foto-Divulgacao-150x150.jpeg",150,150,true],"medium":["https:\/\/construcaocivil.siriusmarketingedesign.com.br\/wp-content\/uploads\/2023\/09\/Jader-Barbalho-FNNIC-Foto-Divulgacao-300x169.jpeg",300,169,true],"medium_large":["https:\/\/construcaocivil.siriusmarketingedesign.com.br\/wp-content\/uploads\/2023\/09\/Jader-Barbalho-FNNIC-Foto-Divulgacao-768x432.jpeg",768,432,true],"large":["https:\/\/construcaocivil.siriusmarketingedesign.com.br\/wp-content\/uploads\/2023\/09\/Jader-Barbalho-FNNIC-Foto-Divulgacao-1024x576.jpeg",1024,576,true],"1536x1536":["https:\/\/construcaocivil.siriusmarketingedesign.com.br\/wp-content\/uploads\/2023\/09\/Jader-Barbalho-FNNIC-Foto-Divulgacao.jpeg",1280,720,false],"2048x2048":["https:\/\/construcaocivil.siriusmarketingedesign.com.br\/wp-content\/uploads\/2023\/09\/Jader-Barbalho-FNNIC-Foto-Divulgacao.jpeg",1280,720,false]},"uagb_author_info":{"display_name":"Jornal da Constru\u00e7\u00e3o Civil","author_link":"https:\/\/construcaocivil.siriusmarketingedesign.com.br\/?author=1"},"uagb_comment_info":0,"uagb_excerpt":"Ministro das Cidades participou da abertura do F\u00f3rum Norte e Nordeste da Ind\u00fastria da Constru\u00e7\u00e3o, que come\u00e7ou nesta quinta-feira (28) no Recife &nbsp; O Ministro das Cidades, Jader Barbalho Filho, participou do F\u00f3rum Norte e Nordeste da Ind\u00fastria da Constru\u00e7\u00e3o, que come\u00e7ou nesta quinta-feira (28) e vai at\u00e9 amanh\u00e3 (29). O programa Minha Casa, Minha&hellip;","_links":{"self":[{"href":"https:\/\/construcaocivil.siriusmarketingedesign.com.br\/index.php?rest_route=\/wp\/v2\/posts\/22464","targetHints":{"allow":["GET"]}}],"collection":[{"href":"https:\/\/construcaocivil.siriusmarketingedesign.com.br\/index.php?rest_route=\/wp\/v2\/posts"}],"about":[{"href":"https:\/\/construcaocivil.siriusmarketingedesign.com.br\/index.php?rest_route=\/wp\/v2\/types\/post"}],"author":[{"embeddable":true,"href":"https:\/\/construcaocivil.siriusmarketingedesign.com.br\/index.php?rest_route=\/wp\/v2\/users\/1"}],"replies":[{"embeddable":true,"href":"https:\/\/construcaocivil.siriusmarketingedesign.com.br\/index.php?rest_route=%2Fwp%2Fv2%2Fcomments&post=22464"}],"version-history":[{"count":0,"href":"https:\/\/construcaocivil.siriusmarketingedesign.com.br\/index.php?rest_route=\/wp\/v2\/posts\/22464\/revisions"}],"wp:featuredmedia":[{"embeddable":true,"href":"https:\/\/construcaocivil.siriusmarketingedesign.com.br\/index.php?rest_route=\/wp\/v2\/media\/22465"}],"wp:attachment":[{"href":"https:\/\/construcaocivil.siriusmarketingedesign.com.br\/index.php?rest_route=%2Fwp%2Fv2%2Fmedia&parent=22464"}],"wp:term":[{"taxonomy":"category","embeddable":true,"href":"https:\/\/construcaocivil.siriusmarketingedesign.com.br\/index.php?rest_route=%2Fwp%2Fv2%2Fcategories&post=22464"},{"taxonomy":"post_tag","embeddable":true,"href":"https:\/\/construcaocivil.siriusmarketingedesign.com.br\/index.php?rest_route=%2Fwp%2Fv2%2Ftags&post=22464"}],"curies":[{"name":"wp","href":"https:\/\/api.w.org\/{rel}","templated":true}]}}