{"id":22476,"date":"2023-10-03T00:27:40","date_gmt":"2023-10-03T03:27:40","guid":{"rendered":"https:\/\/www.jornaldaconstrucaocivil.com.br\/?p=22476"},"modified":"2023-10-03T00:27:40","modified_gmt":"2023-10-03T03:27:40","slug":"fup-e-movimentos-sociais-celebram-70-anos-da-petrobras-com-ato-pela-soberania-nacional","status":"publish","type":"post","link":"https:\/\/construcaocivil.siriusmarketingedesign.com.br\/?p=22476","title":{"rendered":"FUP e movimentos sociais celebram 70 anos da Petrobr\u00e1s com ato pela soberania nacional"},"content":{"rendered":"<p>Rio de Janeiro, 2 de outubro de 2023 &#8211; Tr\u00eas de outubro, dia da cria\u00e7\u00e3o da Petrobr\u00e1s, tornou-se s\u00edmbolo de luta. A data j\u00e1 faz parte do calend\u00e1rio das centrais sindicais e movimentos sociais, que estar\u00e3o reunidos nesta ter\u00e7a-feira, 3, em ato nacional no Rio de Janeiro em defesa da soberania nacional, das empresas estatais, pela revers\u00e3o das privatiza\u00e7\u00f5es e reconstru\u00e7\u00e3o de um Brasil soberano, democr\u00e1tico e com justi\u00e7a social.<\/p>\n<p>Convocado pela Federa\u00e7\u00e3o \u00danica dos Petroleiros (FUP) e Federa\u00e7\u00e3o Nacional dos Petroleiros (FNP), junto com as centrais sindicais, movimentos sociais, populares e partidos pol\u00edticos, o ato nacional ter\u00e1 in\u00edcio \u00e0s 15 horas, na antiga sede da Eletrobr\u00e1s, na rua da Quitanda, no centro do Rio, seguindo pela Candel\u00e1ria at\u00e9 o edif\u00edcio sede da Petrobr\u00e1s (Edise), na Avenida Chile, onde est\u00e1 previsto encontro com o presidente da estatal, Jean Paul Prates.<\/p>\n<p>\u201cPetroleiros de v\u00e1rios estados do pa\u00eds estar\u00e3o no centro do Rio, lado a lado com eletricit\u00e1rios, educadores, servidores p\u00fablicos, metal\u00fargicos, banc\u00e1rios, agricultores, estudantes, lideran\u00e7as pol\u00edticas e sociais, unindo trabalhadores do campo e da cidade em uma manifesta\u00e7\u00e3o hist\u00f3rica\u201d, diz Deyvid Bacelar, coordenador-geral da FUP.<\/p>\n<p>Segundo ele, este ano, quando a Petrobr\u00e1s completa sete d\u00e9cadas de exist\u00eancia, \u00e9 o momento de renovar a esperan\u00e7a de um pa\u00eds unido pela reconstru\u00e7\u00e3o do Estado brasileiro e pelo resgate da soberania nacional, que segue sob ataque.<\/p>\n<p>Bacelar lembra que a resist\u00eancia dos trabalhadores e dos movimentos sociais impediu a entrega por completo da Petrobr\u00e1s e de outras estatais estrat\u00e9gicas que estavam na lista para serem privatizadas. No governo Bolsonaro, foram vendidos 68 ativos do Sistema Petrobr\u00e1s, incluindo 4 refinarias, a BR Distribuidora, a Liquig\u00e1s, a Gaspetro, a Transportadora Associada de G\u00e1s (TAG), a Nova Transportadora do Sudeste (NTS), usinas de biocombust\u00edvel, usinas e\u00f3licas, termel\u00e9tricas, plantas petroqu\u00edmicas, sondas de perfura\u00e7\u00e3o, campos de petr\u00f3leo em terra e em mar, inclusive no Pr\u00e9-Sal.<\/p>\n<p>Com a elei\u00e7\u00e3o de Luiz In\u00e1cio Lula da Silva, a Petrobr\u00e1s e demais estatais foram retiradas do Programa Nacional de Desestatiza\u00e7\u00e3o. Al\u00e9m disso, o governo Lula questiona no Supremo Tribunal Federal a venda da Eletrobr\u00e1s, que teve 60% de suas a\u00e7\u00f5es entregues ao setor privado, ao apagar das luzes da gest\u00e3o bolsonarista. Na pauta do governo est\u00e1 mais uma antiga bandeira de luta da FUP: a retomada de ativos da empresa que foram vendidos a pre\u00e7o de liquida\u00e7\u00e3o, na administra\u00e7\u00e3o anterior.<\/p>\n<p>Para o dirigente da FUP, a Petrobr\u00e1s completa 70 anos com vis\u00e3o de futuro, voltando a fazer parte do projeto de desenvolvimento econ\u00f4mico e social do pa\u00eds, prometendo ser uma empresa de energia, integrada, soberana, comprometida com a sociedade brasileira, com seus trabalhadores, e com a transi\u00e7\u00e3o energ\u00e9tica justa.<\/p>\n","protected":false},"excerpt":{"rendered":"<p>Rio de Janeiro, 2 de outubro de 2023 &#8211; Tr\u00eas de outubro, dia da cria\u00e7\u00e3o da Petrobr\u00e1s, tornou-se s\u00edmbolo de luta. A data j\u00e1 faz parte do calend\u00e1rio das centrais sindicais e movimentos sociais, que estar\u00e3o reunidos nesta ter\u00e7a-feira, 3, em ato nacional no Rio de Janeiro em defesa da soberania nacional, das empresas estatais, [&hellip;]<\/p>\n","protected":false},"author":1,"featured_media":22477,"comment_status":"open","ping_status":"open","sticky":false,"template":"","format":"standard","meta":{"_uag_custom_page_level_css":"","footnotes":""},"categories":[27],"tags":[25780,20538,8859,8869],"class_list":["post-22476","post","type-post","status-publish","format-standard","has-post-thumbnail","hentry","category-acontece","tag-energia-empregos","tag-fup","tag-petrobras","tag-petroleo-e-gas"],"blocksy_meta":[],"spectra_blocks_featured_image_url":{"thumbnail":{"url":"https:\/\/construcaocivil.siriusmarketingedesign.com.br\/wp-content\/uploads\/2023\/10\/PETROBRAS-FUP-OK-150x150.jpg","width":150,"height":150},"medium":{"url":"https:\/\/construcaocivil.siriusmarketingedesign.com.br\/wp-content\/uploads\/2023\/10\/PETROBRAS-FUP-OK-293x300.jpg","width":293,"height":300},"medium_large":{"url":"https:\/\/construcaocivil.siriusmarketingedesign.com.br\/wp-content\/uploads\/2023\/10\/PETROBRAS-FUP-OK.jpg","width":747,"height":765},"large":{"url":"https:\/\/construcaocivil.siriusmarketingedesign.com.br\/wp-content\/uploads\/2023\/10\/PETROBRAS-FUP-OK.jpg","width":747,"height":765},"full":{"url":"https:\/\/construcaocivil.siriusmarketingedesign.com.br\/wp-content\/uploads\/2023\/10\/PETROBRAS-FUP-OK.jpg","width":747,"height":765}},"spectra_blocks_author_info":{"display_name":"Jornal da Constru\u00e7\u00e3o Civil","avatar_url":"https:\/\/secure.gravatar.com\/avatar\/973c9774fd44ddaceb026973c4962faa70fc512bc4c9da68e8ebb40fecee6540?s=96&d=mm&r=g","author_link":"https:\/\/construcaocivil.siriusmarketingedesign.com.br\/?author=1","description":"Desde de 2013, levando muitas informa\u00e7\u00f5es, lan\u00e7amentos e produtos de qualidade para toda cadeia produtiva da constru\u00e7\u00e3o. O Futuro da constru\u00e7\u00e3o passa por aqui,"},"uagb_featured_image_src":{"full":["https:\/\/construcaocivil.siriusmarketingedesign.com.br\/wp-content\/uploads\/2023\/10\/PETROBRAS-FUP-OK.jpg",747,765,false],"thumbnail":["https:\/\/construcaocivil.siriusmarketingedesign.com.br\/wp-content\/uploads\/2023\/10\/PETROBRAS-FUP-OK-150x150.jpg",150,150,true],"medium":["https:\/\/construcaocivil.siriusmarketingedesign.com.br\/wp-content\/uploads\/2023\/10\/PETROBRAS-FUP-OK-293x300.jpg",293,300,true],"medium_large":["https:\/\/construcaocivil.siriusmarketingedesign.com.br\/wp-content\/uploads\/2023\/10\/PETROBRAS-FUP-OK.jpg",747,765,false],"large":["https:\/\/construcaocivil.siriusmarketingedesign.com.br\/wp-content\/uploads\/2023\/10\/PETROBRAS-FUP-OK.jpg",747,765,false],"1536x1536":["https:\/\/construcaocivil.siriusmarketingedesign.com.br\/wp-content\/uploads\/2023\/10\/PETROBRAS-FUP-OK.jpg",747,765,false],"2048x2048":["https:\/\/construcaocivil.siriusmarketingedesign.com.br\/wp-content\/uploads\/2023\/10\/PETROBRAS-FUP-OK.jpg",747,765,false]},"uagb_author_info":{"display_name":"Jornal da Constru\u00e7\u00e3o Civil","author_link":"https:\/\/construcaocivil.siriusmarketingedesign.com.br\/?author=1"},"uagb_comment_info":0,"uagb_excerpt":"Rio de Janeiro, 2 de outubro de 2023 &#8211; Tr\u00eas de outubro, dia da cria\u00e7\u00e3o da Petrobr\u00e1s, tornou-se s\u00edmbolo de luta. A data j\u00e1 faz parte do calend\u00e1rio das centrais sindicais e movimentos sociais, que estar\u00e3o reunidos nesta ter\u00e7a-feira, 3, em ato nacional no Rio de Janeiro em defesa da soberania nacional, das empresas estatais,&hellip;","_links":{"self":[{"href":"https:\/\/construcaocivil.siriusmarketingedesign.com.br\/index.php?rest_route=\/wp\/v2\/posts\/22476","targetHints":{"allow":["GET"]}}],"collection":[{"href":"https:\/\/construcaocivil.siriusmarketingedesign.com.br\/index.php?rest_route=\/wp\/v2\/posts"}],"about":[{"href":"https:\/\/construcaocivil.siriusmarketingedesign.com.br\/index.php?rest_route=\/wp\/v2\/types\/post"}],"author":[{"embeddable":true,"href":"https:\/\/construcaocivil.siriusmarketingedesign.com.br\/index.php?rest_route=\/wp\/v2\/users\/1"}],"replies":[{"embeddable":true,"href":"https:\/\/construcaocivil.siriusmarketingedesign.com.br\/index.php?rest_route=%2Fwp%2Fv2%2Fcomments&post=22476"}],"version-history":[{"count":0,"href":"https:\/\/construcaocivil.siriusmarketingedesign.com.br\/index.php?rest_route=\/wp\/v2\/posts\/22476\/revisions"}],"wp:featuredmedia":[{"embeddable":true,"href":"https:\/\/construcaocivil.siriusmarketingedesign.com.br\/index.php?rest_route=\/wp\/v2\/media\/22477"}],"wp:attachment":[{"href":"https:\/\/construcaocivil.siriusmarketingedesign.com.br\/index.php?rest_route=%2Fwp%2Fv2%2Fmedia&parent=22476"}],"wp:term":[{"taxonomy":"category","embeddable":true,"href":"https:\/\/construcaocivil.siriusmarketingedesign.com.br\/index.php?rest_route=%2Fwp%2Fv2%2Fcategories&post=22476"},{"taxonomy":"post_tag","embeddable":true,"href":"https:\/\/construcaocivil.siriusmarketingedesign.com.br\/index.php?rest_route=%2Fwp%2Fv2%2Ftags&post=22476"}],"curies":[{"name":"wp","href":"https:\/\/api.w.org\/{rel}","templated":true}]}}