{"id":22490,"date":"2023-10-06T16:01:56","date_gmt":"2023-10-06T19:01:56","guid":{"rendered":"https:\/\/www.jornaldaconstrucaocivil.com.br\/?p=22490"},"modified":"2023-10-06T16:01:56","modified_gmt":"2023-10-06T19:01:56","slug":"gerdau-e-abece-anunciam-os-vencedores-do-20o-premio-talento-engenharia-estrutural","status":"publish","type":"post","link":"https:\/\/construcaocivil.siriusmarketingedesign.com.br\/?p=22490","title":{"rendered":"Gerdau e ABECE anunciam os vencedores do 20\u00ba Pr\u00eamio Talento Engenharia Estrutural"},"content":{"rendered":"<p style=\"text-align: justify;\"><span style=\"color: #993300;\"><strong><i>Premia\u00e7\u00e3o reconheceu\u00a0<\/i><i>profissionais que contribu\u00edram para o desenvolvimento e evolu\u00e7\u00e3o do setor<\/i><\/strong><\/span><\/p>\n<p style=\"text-align: justify;\"><strong>S\u00e3o Paulo, 06 de outubro de 2023\u00a0<\/strong>&#8211; A\u00a0Gerdau, maior empresa brasileira produtora de a\u00e7o, e a ABECE, Associa\u00e7\u00e3o Brasileira de Engenharia e Consultoria Estrutural, premiaram, nesta quarta-feira (4),\u00a0os projetos de destaque no 20\u00ba Pr\u00eamio Talento Engenharia Estrutural. O evento ocorreu no\u00a0Boulevard JK\u00a0e contou com a presen\u00e7a de especialistas no setor. Criada h\u00e1 duas d\u00e9cadas, a tradicional premia\u00e7\u00e3o busca reconhecer engenheiros estruturais e os profissionais que promovem o desenvolvimento da engenharia e da constru\u00e7\u00e3o civil brasileira.\n<\/p>\n<p style=\"text-align: justify;\">Neste ano, os vencedores disputaram as categorias de Obras de Pequeno Porte, Obras especiais, Jovens Talentos, Constru\u00e7\u00e3o Industrializada, Edifica\u00e7\u00f5es e Jovens Talentos. Em 2023, o pr\u00eamio recebeu mais\u00a0de uma centena de inscri\u00e7\u00f5es. No\u00a0concurso participaram projetistas de estruturas com escrit\u00f3rios sediados em todo o territ\u00f3rio nacional, associados ou n\u00e3o \u00e0 ABECE, que inscreveram suas obras de acordo com os crit\u00e9rios de cada uma das cinco categorias. Dentro de cada categoria, h\u00e1 o ganhador da men\u00e7\u00e3o honrosa, que recebeu a placa de homenagem e o vencedor de cada categoria, que levou para casa um trof\u00e9u.\u00a0Todos os finalistas levaram um certificado de participa\u00e7\u00e3o.\n<\/p>\n<p style=\"text-align: justify;\">Os projetos foram avaliados sob diversos aspectos e julgados por uma comiss\u00e3o de profissionais formada por membros da ABECE e da Gerdau: concep\u00e7\u00e3o estrutural, processos construtivos\/uso adequado de materiais, originalidade, monumentalidade, implanta\u00e7\u00e3o harm\u00f4nica em rela\u00e7\u00e3o ao ambiente, e esbeltez\/deformabilidade. A estrutura pode ser de qualquer tipo: concreto armado, concreto protendido, met\u00e1lica, madeira, alvenaria ou mista.\n<\/p>\n<p style=\"text-align: justify;\">&#8220;A Gerdau segue fomentando a inova\u00e7\u00e3o e a sustentabilidade da constru\u00e7\u00e3o civil e da engenharia, segmentos que s\u00e3o primordiais para o crescimento do Pa\u00eds. A parceria com a Abece refor\u00e7a o compromisso da Gerdau em apoiar o desenvolvimento da cadeia de a\u00e7o em que est\u00e1 inserida. Queremos cada vez mais celebrar e premiar as empresas e os profissionais que contribuem e atuam para a evolu\u00e7\u00e3o do setor&#8221;, afirma D\u00e9bora Baum, l\u00edder de marketing da Gerdau.\n<\/p>\n<p style=\"text-align: justify;\"><strong>Premia\u00e7\u00e3o<\/strong><\/p>\n<p style=\"text-align: justify;\">Na categoria\u00a0<u>Pequeno Porte<\/u>, a vencedora foi J\u00e9ssica da Silva Publio com a obra Laborat\u00f3rio de Ecologia e Evolu\u00e7\u00e3o (LEEV), em S\u00e3o Paulo\/SP. A men\u00e7\u00e3o honrosa foi feita ao Carlito Calil Neto que apresentou a obra Sede Atix, projeto realizado na cidade de Canarana, em Mato Grosso.\n<\/p>\n<p style=\"text-align: justify;\">J\u00e1 na categoria\u00a0<u>Obras Especiais<\/u>, o vencedor foi Leonardo Patr\u00edcio Chaves com a obra de Amplia\u00e7\u00e3o do Est\u00e1dio Ol\u00edmpico do Par\u00e1, realizada em Bel\u00e9m, no Par\u00e1. A men\u00e7\u00e3o honrosa foi entregue ao Fl\u00e1vio Correia D Alambert pela obra Ciclovia da vida, em Vila Velha e Vit\u00f3ria, no Esp\u00edrito Santo.\n<\/p>\n<p style=\"text-align: justify;\">O destaque da categoria\u00a0<u>Jovens Talentos<\/u>\u00a0foi Lucas Canova Devides com o Terrazo Shopping, feito em Eus\u00e9bio, no Cear\u00e1. Recebeu a men\u00e7\u00e3o honrosa, F\u00e1bio dos Santos Colares, pela obra do Residencial Nature, em Torres, em Santa Catarina.\n<\/p>\n<p style=\"text-align: justify;\">Na\u00a0<u>Constru\u00e7\u00e3o Industrializada<\/u>, o ganhador foi Eduardo de Assis Fonseca e Isnar Maia de Freitas com a constru\u00e7\u00e3o da Arena MRV, obra realizada em Belo Horizonte, Minas Gerais. A men\u00e7\u00e3o honrosa desta categoria ficou com o Francisco Paulo Graziano pelo projeto Parque da Cidade &#8211; Gleba B, apresentado na cidade de S\u00e3o Paulo\/SP.\n<\/p>\n<p style=\"text-align: justify;\">Por fim, em\u00a0<u>edifica\u00e7\u00f5es,<\/u>\u00a0o vencedor foi Jo\u00e3o Paulo Gribogy com a obra AGE 360, realizada em Curitiba, no Paran\u00e1. E a men\u00e7\u00e3o honrosa foi para o Dirk Mader pela apresenta\u00e7\u00e3o do projeto Luna, da cidade de S\u00e3o Paulo\/SP.\n<\/p>\n<p style=\"text-align: justify;\">Tivemos tamb\u00e9m 3 categorias especiais. A vota\u00e7\u00e3o online foi vencida por\u00a0Eduardo de Assis Fonseca e Isnar Maia de Freitas com a constru\u00e7\u00e3o da Arena MRV, obra realizada em Belo Horizonte, Minas Gerais.\n<\/p>\n<p style=\"text-align: justify;\">J\u00e1 o destaque de sustentabilidade foi para Carlito Calil Neto com a obra La Est\u00e2ncia em Valinhos\/SP.\n<\/p>\n<p style=\"text-align: justify;\">E a \u00faltima premia\u00e7\u00e3o especial da noite, destaque do j\u00fari, foi para Franscisco Paulo Graziano com a obra Faria Lima Plaza em S\u00e3o Paulo\/SP.<\/p>\n","protected":false},"excerpt":{"rendered":"<p>Premia\u00e7\u00e3o reconheceu\u00a0profissionais que contribu\u00edram para o desenvolvimento e evolu\u00e7\u00e3o do setor S\u00e3o Paulo, 06 de outubro de 2023\u00a0&#8211; A\u00a0Gerdau, maior empresa brasileira produtora de a\u00e7o, e a ABECE, Associa\u00e7\u00e3o Brasileira de Engenharia e Consultoria Estrutural, premiaram, nesta quarta-feira (4),\u00a0os projetos de destaque no 20\u00ba Pr\u00eamio Talento Engenharia Estrutural. O evento ocorreu no\u00a0Boulevard JK\u00a0e contou com [&hellip;]<\/p>\n","protected":false},"author":1,"featured_media":22491,"comment_status":"open","ping_status":"open","sticky":false,"template":"","format":"standard","meta":{"_uag_custom_page_level_css":"","footnotes":""},"categories":[27],"tags":[290,5418,24041],"class_list":["post-22490","post","type-post","status-publish","format-standard","has-post-thumbnail","hentry","category-acontece","tag-abece","tag-gerdau","tag-premio-talento-engenharia-estrutural"],"blocksy_meta":[],"spectra_blocks_featured_image_url":{"thumbnail":{"url":"https:\/\/construcaocivil.siriusmarketingedesign.com.br\/wp-content\/uploads\/2023\/10\/ABECE-AA-150x150.jpg","width":150,"height":150},"medium":{"url":"https:\/\/construcaocivil.siriusmarketingedesign.com.br\/wp-content\/uploads\/2023\/10\/ABECE-AA-300x200.jpg","width":300,"height":200},"medium_large":{"url":"https:\/\/construcaocivil.siriusmarketingedesign.com.br\/wp-content\/uploads\/2023\/10\/ABECE-AA-768x512.jpg","width":768,"height":512},"large":{"url":"https:\/\/construcaocivil.siriusmarketingedesign.com.br\/wp-content\/uploads\/2023\/10\/ABECE-AA.jpg","width":857,"height":571},"full":{"url":"https:\/\/construcaocivil.siriusmarketingedesign.com.br\/wp-content\/uploads\/2023\/10\/ABECE-AA.jpg","width":857,"height":571}},"spectra_blocks_author_info":{"display_name":"Jornal da Constru\u00e7\u00e3o Civil","avatar_url":"https:\/\/secure.gravatar.com\/avatar\/973c9774fd44ddaceb026973c4962faa70fc512bc4c9da68e8ebb40fecee6540?s=96&d=mm&r=g","author_link":"https:\/\/construcaocivil.siriusmarketingedesign.com.br\/?author=1","description":"Desde de 2013, levando muitas informa\u00e7\u00f5es, lan\u00e7amentos e produtos de qualidade para toda cadeia produtiva da constru\u00e7\u00e3o. O Futuro da constru\u00e7\u00e3o passa por aqui,"},"uagb_featured_image_src":{"full":["https:\/\/construcaocivil.siriusmarketingedesign.com.br\/wp-content\/uploads\/2023\/10\/ABECE-AA.jpg",857,571,false],"thumbnail":["https:\/\/construcaocivil.siriusmarketingedesign.com.br\/wp-content\/uploads\/2023\/10\/ABECE-AA-150x150.jpg",150,150,true],"medium":["https:\/\/construcaocivil.siriusmarketingedesign.com.br\/wp-content\/uploads\/2023\/10\/ABECE-AA-300x200.jpg",300,200,true],"medium_large":["https:\/\/construcaocivil.siriusmarketingedesign.com.br\/wp-content\/uploads\/2023\/10\/ABECE-AA-768x512.jpg",768,512,true],"large":["https:\/\/construcaocivil.siriusmarketingedesign.com.br\/wp-content\/uploads\/2023\/10\/ABECE-AA.jpg",857,571,false],"1536x1536":["https:\/\/construcaocivil.siriusmarketingedesign.com.br\/wp-content\/uploads\/2023\/10\/ABECE-AA.jpg",857,571,false],"2048x2048":["https:\/\/construcaocivil.siriusmarketingedesign.com.br\/wp-content\/uploads\/2023\/10\/ABECE-AA.jpg",857,571,false]},"uagb_author_info":{"display_name":"Jornal da Constru\u00e7\u00e3o Civil","author_link":"https:\/\/construcaocivil.siriusmarketingedesign.com.br\/?author=1"},"uagb_comment_info":0,"uagb_excerpt":"Premia\u00e7\u00e3o reconheceu\u00a0profissionais que contribu\u00edram para o desenvolvimento e evolu\u00e7\u00e3o do setor S\u00e3o Paulo, 06 de outubro de 2023\u00a0&#8211; A\u00a0Gerdau, maior empresa brasileira produtora de a\u00e7o, e a ABECE, Associa\u00e7\u00e3o Brasileira de Engenharia e Consultoria Estrutural, premiaram, nesta quarta-feira (4),\u00a0os projetos de destaque no 20\u00ba Pr\u00eamio Talento Engenharia Estrutural. O evento ocorreu no\u00a0Boulevard JK\u00a0e contou com&hellip;","_links":{"self":[{"href":"https:\/\/construcaocivil.siriusmarketingedesign.com.br\/index.php?rest_route=\/wp\/v2\/posts\/22490","targetHints":{"allow":["GET"]}}],"collection":[{"href":"https:\/\/construcaocivil.siriusmarketingedesign.com.br\/index.php?rest_route=\/wp\/v2\/posts"}],"about":[{"href":"https:\/\/construcaocivil.siriusmarketingedesign.com.br\/index.php?rest_route=\/wp\/v2\/types\/post"}],"author":[{"embeddable":true,"href":"https:\/\/construcaocivil.siriusmarketingedesign.com.br\/index.php?rest_route=\/wp\/v2\/users\/1"}],"replies":[{"embeddable":true,"href":"https:\/\/construcaocivil.siriusmarketingedesign.com.br\/index.php?rest_route=%2Fwp%2Fv2%2Fcomments&post=22490"}],"version-history":[{"count":0,"href":"https:\/\/construcaocivil.siriusmarketingedesign.com.br\/index.php?rest_route=\/wp\/v2\/posts\/22490\/revisions"}],"wp:featuredmedia":[{"embeddable":true,"href":"https:\/\/construcaocivil.siriusmarketingedesign.com.br\/index.php?rest_route=\/wp\/v2\/media\/22491"}],"wp:attachment":[{"href":"https:\/\/construcaocivil.siriusmarketingedesign.com.br\/index.php?rest_route=%2Fwp%2Fv2%2Fmedia&parent=22490"}],"wp:term":[{"taxonomy":"category","embeddable":true,"href":"https:\/\/construcaocivil.siriusmarketingedesign.com.br\/index.php?rest_route=%2Fwp%2Fv2%2Fcategories&post=22490"},{"taxonomy":"post_tag","embeddable":true,"href":"https:\/\/construcaocivil.siriusmarketingedesign.com.br\/index.php?rest_route=%2Fwp%2Fv2%2Ftags&post=22490"}],"curies":[{"name":"wp","href":"https:\/\/api.w.org\/{rel}","templated":true}]}}