{"id":22503,"date":"2023-10-09T13:11:36","date_gmt":"2023-10-09T16:11:36","guid":{"rendered":"https:\/\/www.jornaldaconstrucaocivil.com.br\/?p=22503"},"modified":"2023-10-09T13:11:36","modified_gmt":"2023-10-09T16:11:36","slug":"evento-orienta-pequenos-negocios-da-construcao-civil-sobre-as-exigencias-do-bim-na-nova-lei-de-licitacoes","status":"publish","type":"post","link":"https:\/\/construcaocivil.siriusmarketingedesign.com.br\/?p=22503","title":{"rendered":"Evento orienta pequenos neg\u00f3cios da Constru\u00e7\u00e3o Civil sobre as exig\u00eancias do BIM na nova Lei de Licita\u00e7\u00f5es"},"content":{"rendered":"<p style=\"text-align: justify;\">A nova Lei de Licita\u00e7\u00f5es e Contratos (n\u00aa14.133\/2021) come\u00e7ou a valer desde abril deste ano, e trouxe mudan\u00e7as importantes para o mercado da Constru\u00e7\u00e3o Civil, entre elas, requisito preferencial em licita\u00e7\u00f5es e contratos p\u00fablicos por projetos e obras que tenham implementado a metodologia do BIM (Modelagem das Informa\u00e7\u00f5es da Constru\u00e7\u00e3o, em portugu\u00eas). Essas altera\u00e7\u00f5es v\u00e3o impactar v\u00e1rias atividades do setor que, atualmente, concentra 1,5 milh\u00e3o de empresas ativas no Brasil, 96% delas pequenos neg\u00f3cios, de acordo com dados da Receita Federal at\u00e9 agosto deste ano.<\/p>\n<p style=\"text-align: justify;\">Para orientar e disseminar as vantagens do BIM, desafios e cen\u00e1rios com a nova legisla\u00e7\u00e3o para compras p\u00fablicas nesse mercado, o Sebrae Minas em parceria com o Sindicato da Ind\u00fastria da Constru\u00e7\u00e3o Civil no Estado de Minas Gerais (Sinduscon-MG) e a C\u00e2mara BIM-MG, promovem a 6\u00aa edi\u00e7\u00e3o do SeBIM \u2013 Semin\u00e1rio BIM. O evento, realizado simultaneamente ao Construa Minas, acontece no dia 23 de outubro, em Belo Horizonte. As inscri\u00e7\u00f5es j\u00e1 podem ser feitas neste link.<\/p>\n<p style=\"text-align: justify;\">\n<p style=\"text-align: justify;\">\u201cO BIM n\u00e3o consiste propriamente numa obrigatoriedade. Contudo, as empresas que n\u00e3o o adotarem perecer\u00e3o, pelo simples fato de n\u00e3o estarem habilitadas a participar de licita\u00e7\u00f5es de obras p\u00fablicas ou atuar como fornecedoras de construtoras e cons\u00f3rcios vencedores de processos licitat\u00f3rios. Ou seja, se implementarem o BIM nos seus projetos muitos neg\u00f3cios, principalmente de pequeno porte, reduzir\u00e3o suas chances de competir nesse mercado. Por isso, a import\u00e2ncia de divulgar e popularizar essa metodologia\u201d, explica o presidente do Conselho Deliberativo do Sebrae Minas, Marcelo de Souza e Silva.<\/p>\n<p style=\"text-align: justify;\">\n<p style=\"text-align: justify;\">A programa\u00e7\u00e3o do SeBIM inclui a participa\u00e7\u00e3o de especialistas, lideran\u00e7as, t\u00e9cnicos e outros profissionais nacionais e internacionais ligados ao assunto, entre eles, o professor espanhol Ignasi P\u00e9rez Arnal, criador da \u201cTeoria dos 10D\u2019s do BIM,\u201d baseado no ciclo que ajuda entender o processo de constru\u00e7\u00e3o como ferramentas digitais de modelagem tridimensional em conjunto com um banco de dados, alinhando todos os agentes que participam do projeto.<\/p>\n<p style=\"text-align: justify;\">\n<p style=\"text-align: justify;\">Arnal estar\u00e1 no painel \u201cO BIM no Mundo\u201d, juntamente com mexicano Mois\u00e9s Bustos, membro da Comiss\u00e3o da Academia do BIM Task Group M\u00e9xico e da iniciativa BIM &#8211; um grupo internacional e interinstitucional composto por 21 institui\u00e7\u00f5es em 8 pa\u00edses.<\/p>\n<p style=\"text-align: justify;\">\n<p style=\"text-align: justify;\">Durante o evento, haver\u00e1 ainda palestras sobre as exig\u00eancias previstas na nova legisla\u00e7\u00e3o, apresenta\u00e7\u00e3o de cases de empresas que j\u00e1 adotaram a metodologia e discuss\u00f5es sobre os v\u00e1rios est\u00e1gios de implementa\u00e7\u00e3o do BIM nos neg\u00f3cios e suas dificuldades.<\/p>\n<p style=\"text-align: justify;\">\n<p style=\"text-align: justify;\">Est\u00edmulo<\/p>\n<p style=\"text-align: justify;\">\n<p style=\"text-align: justify;\">Minas Gerais \u00e9 o segundo estado com maior concentra\u00e7\u00e3o de empresas do setor da Constru\u00e7\u00e3o Civil, com 182,4 mil empreendimentos, desses 176,4 mil s\u00e3o pequenos neg\u00f3cios, que geram mais de 226,7 mil postos de trabalho, segundo informa\u00e7\u00f5es do Caged at\u00e9 agosto deste ano.<\/p>\n<p style=\"text-align: justify;\">\n<p style=\"text-align: justify;\">Diante da relev\u00e2ncia do setor para a economia do estado, al\u00e9m do \u00a0<span style=\"color: #0000ff;\"><a style=\"color: #0000ff;\" href=\"https:\/\/click.cse360.com.br\/Click\/AddCampaignEmailClick\/cd43bbfc-2725-4c56-0401-08dbb2fd4124\/https%253a%252f%252fwww.sympla.com.br%252fevento%252f6-sebim-2023%252f2126806\/b20bfdd4-a02b-41a4-eb6d-08d7c5ff26d1\/webobras@gmail.com\/True\" target=\"_blank\" rel=\"noopener noreferrer\" data-saferedirecturl=\"https:\/\/www.google.com\/url?q=https:\/\/click.cse360.com.br\/Click\/AddCampaignEmailClick\/cd43bbfc-2725-4c56-0401-08dbb2fd4124\/https%25253a%25252f%25252fwww.sympla.com.br%25252fevento%25252f6-sebim-2023%25252f2126806\/b20bfdd4-a02b-41a4-eb6d-08d7c5ff26d1\/webobras@gmail.com\/True&amp;source=gmail&amp;ust=1696952482055000&amp;usg=AOvVaw2WGt37oyeRkKYg-cxu6SPm\">SeBIM<\/a><\/span>, o Sebrae Minas tamb\u00e9m oferece outras capacita\u00e7\u00f5es sobre a metodologia BIM, incluindo atividades on-line e presenciais como os cursos \u201cIntrodu\u00e7\u00e3o ao BIM\u201d e \u201cImplanta\u00e7\u00e3o do BIM\u201d, e as consultorias \u201cAcompanhamento de Projeto-piloto em BIM\u201d, \u201cCria\u00e7\u00e3o de BIM Mandante\u201d e \u201cPlano de Implanta\u00e7\u00e3o\u201d.<\/p>\n<p style=\"text-align: justify;\">\n<p style=\"text-align: justify;\">Os interessados em participar das capacita\u00e7\u00f5es podem procurar as Ag\u00eancias de Atendimento do Sebrae Minas mais pr\u00f3ximas ou ligar no 0800 570 080. H\u00e1 ainda uma s\u00e9rie de conte\u00fados gratuitos de orienta\u00e7\u00e3o para ajudar os donos de pequenos neg\u00f3cios do setor na implementa\u00e7\u00e3o do BIM. A colet\u00e2nea com e-books, v\u00eddeos, podcasts e artigos est\u00e1 dispon\u00edvel na plataforma do Sebrae Play.<\/p>\n<p style=\"text-align: justify;\">Servi\u00e7o:<\/p>\n<p style=\"text-align: justify;\">\n<p style=\"text-align: justify;\">6\u00ba SeBIM \u2013 Semin\u00e1rio BIM<\/p>\n<p style=\"text-align: justify;\">23 de outubro, das 8h \u00e0s 17h<\/p>\n<p style=\"text-align: justify;\">Sebrae Minas \u2013 Avenida Bar\u00e3o Homem de Melo, 329 \u2013 Nova Granada<\/p>\n<p style=\"text-align: justify;\">Belo Horizonte\/MG<\/p>\n<p style=\"text-align: justify;\"><strong>Inscri\u00e7\u00f5es:\u00a0<\/strong><a href=\"https:\/\/click.cse360.com.br\/Click\/AddCampaignEmailClick\/cd43bbfc-2725-4c56-0401-08dbb2fd4124\/https%253a%252f%252fwww.sympla.com.br%252fevento%252f6-sebim-2023%252f2126806\/b20bfdd4-a02b-41a4-eb6d-08d7c5ff26d1\/webobras@gmail.com\/True\" target=\"_blank\" rel=\"noopener noreferrer\" data-saferedirecturl=\"https:\/\/www.google.com\/url?q=https:\/\/click.cse360.com.br\/Click\/AddCampaignEmailClick\/cd43bbfc-2725-4c56-0401-08dbb2fd4124\/https%25253a%25252f%25252fwww.sympla.com.br%25252fevento%25252f6-sebim-2023%25252f2126806\/b20bfdd4-a02b-41a4-eb6d-08d7c5ff26d1\/webobras@gmail.com\/True&amp;source=gmail&amp;ust=1696952482055000&amp;usg=AOvVaw2WGt37oyeRkKYg-cxu6SPm\"><strong>https:\/\/www.sympla.com.br\/<wbr \/>evento\/6-sebim-2023\/2126806<\/strong><\/a><\/p>\n<p style=\"text-align: justify;\">\n<p style=\"text-align: justify;\">\n<p style=\"text-align: justify;\">\n","protected":false},"excerpt":{"rendered":"<p>A nova Lei de Licita\u00e7\u00f5es e Contratos (n\u00aa14.133\/2021) come\u00e7ou a valer desde abril deste ano, e trouxe mudan\u00e7as importantes para o mercado da Constru\u00e7\u00e3o Civil, entre elas, requisito preferencial em licita\u00e7\u00f5es e contratos p\u00fablicos por projetos e obras que tenham implementado a metodologia do BIM (Modelagem das Informa\u00e7\u00f5es da Constru\u00e7\u00e3o, em portugu\u00eas). Essas altera\u00e7\u00f5es v\u00e3o [&hellip;]<\/p>\n","protected":false},"author":1,"featured_media":22504,"comment_status":"open","ping_status":"open","sticky":false,"template":"","format":"standard","meta":{"_uag_custom_page_level_css":"","footnotes":""},"categories":[33],"tags":[24723,25791,25794,19935,25793,25792],"class_list":["post-22503","post","type-post","status-publish","format-standard","has-post-thumbnail","hentry","category-mercado","tag-construcaocivil","tag-sebrae-mg","tag-6o-sebim-seminario-bim","tag-bim-construcao","tag-licitacoes-de-obras","tag-pequenosnegocios"],"blocksy_meta":[],"spectra_blocks_featured_image_url":{"thumbnail":{"url":"https:\/\/construcaocivil.siriusmarketingedesign.com.br\/wp-content\/uploads\/2023\/10\/SEBRAE-MG-150x150.png","width":150,"height":150},"medium":{"url":"https:\/\/construcaocivil.siriusmarketingedesign.com.br\/wp-content\/uploads\/2023\/10\/SEBRAE-MG-300x128.png","width":300,"height":128},"medium_large":{"url":"https:\/\/construcaocivil.siriusmarketingedesign.com.br\/wp-content\/uploads\/2023\/10\/SEBRAE-MG-768x328.png","width":768,"height":328},"large":{"url":"https:\/\/construcaocivil.siriusmarketingedesign.com.br\/wp-content\/uploads\/2023\/10\/SEBRAE-MG.png","width":800,"height":342},"full":{"url":"https:\/\/construcaocivil.siriusmarketingedesign.com.br\/wp-content\/uploads\/2023\/10\/SEBRAE-MG.png","width":800,"height":342}},"spectra_blocks_author_info":{"display_name":"Jornal da Constru\u00e7\u00e3o Civil","avatar_url":"https:\/\/secure.gravatar.com\/avatar\/973c9774fd44ddaceb026973c4962faa70fc512bc4c9da68e8ebb40fecee6540?s=96&d=mm&r=g","author_link":"https:\/\/construcaocivil.siriusmarketingedesign.com.br\/?author=1","description":"Desde de 2013, levando muitas informa\u00e7\u00f5es, lan\u00e7amentos e produtos de qualidade para toda cadeia produtiva da constru\u00e7\u00e3o. O Futuro da constru\u00e7\u00e3o passa por aqui,"},"uagb_featured_image_src":{"full":["https:\/\/construcaocivil.siriusmarketingedesign.com.br\/wp-content\/uploads\/2023\/10\/SEBRAE-MG.png",800,342,false],"thumbnail":["https:\/\/construcaocivil.siriusmarketingedesign.com.br\/wp-content\/uploads\/2023\/10\/SEBRAE-MG-150x150.png",150,150,true],"medium":["https:\/\/construcaocivil.siriusmarketingedesign.com.br\/wp-content\/uploads\/2023\/10\/SEBRAE-MG-300x128.png",300,128,true],"medium_large":["https:\/\/construcaocivil.siriusmarketingedesign.com.br\/wp-content\/uploads\/2023\/10\/SEBRAE-MG-768x328.png",768,328,true],"large":["https:\/\/construcaocivil.siriusmarketingedesign.com.br\/wp-content\/uploads\/2023\/10\/SEBRAE-MG.png",800,342,false],"1536x1536":["https:\/\/construcaocivil.siriusmarketingedesign.com.br\/wp-content\/uploads\/2023\/10\/SEBRAE-MG.png",800,342,false],"2048x2048":["https:\/\/construcaocivil.siriusmarketingedesign.com.br\/wp-content\/uploads\/2023\/10\/SEBRAE-MG.png",800,342,false]},"uagb_author_info":{"display_name":"Jornal da Constru\u00e7\u00e3o Civil","author_link":"https:\/\/construcaocivil.siriusmarketingedesign.com.br\/?author=1"},"uagb_comment_info":0,"uagb_excerpt":"A nova Lei de Licita\u00e7\u00f5es e Contratos (n\u00aa14.133\/2021) come\u00e7ou a valer desde abril deste ano, e trouxe mudan\u00e7as importantes para o mercado da Constru\u00e7\u00e3o Civil, entre elas, requisito preferencial em licita\u00e7\u00f5es e contratos p\u00fablicos por projetos e obras que tenham implementado a metodologia do BIM (Modelagem das Informa\u00e7\u00f5es da Constru\u00e7\u00e3o, em portugu\u00eas). Essas altera\u00e7\u00f5es v\u00e3o&hellip;","_links":{"self":[{"href":"https:\/\/construcaocivil.siriusmarketingedesign.com.br\/index.php?rest_route=\/wp\/v2\/posts\/22503","targetHints":{"allow":["GET"]}}],"collection":[{"href":"https:\/\/construcaocivil.siriusmarketingedesign.com.br\/index.php?rest_route=\/wp\/v2\/posts"}],"about":[{"href":"https:\/\/construcaocivil.siriusmarketingedesign.com.br\/index.php?rest_route=\/wp\/v2\/types\/post"}],"author":[{"embeddable":true,"href":"https:\/\/construcaocivil.siriusmarketingedesign.com.br\/index.php?rest_route=\/wp\/v2\/users\/1"}],"replies":[{"embeddable":true,"href":"https:\/\/construcaocivil.siriusmarketingedesign.com.br\/index.php?rest_route=%2Fwp%2Fv2%2Fcomments&post=22503"}],"version-history":[{"count":0,"href":"https:\/\/construcaocivil.siriusmarketingedesign.com.br\/index.php?rest_route=\/wp\/v2\/posts\/22503\/revisions"}],"wp:featuredmedia":[{"embeddable":true,"href":"https:\/\/construcaocivil.siriusmarketingedesign.com.br\/index.php?rest_route=\/wp\/v2\/media\/22504"}],"wp:attachment":[{"href":"https:\/\/construcaocivil.siriusmarketingedesign.com.br\/index.php?rest_route=%2Fwp%2Fv2%2Fmedia&parent=22503"}],"wp:term":[{"taxonomy":"category","embeddable":true,"href":"https:\/\/construcaocivil.siriusmarketingedesign.com.br\/index.php?rest_route=%2Fwp%2Fv2%2Fcategories&post=22503"},{"taxonomy":"post_tag","embeddable":true,"href":"https:\/\/construcaocivil.siriusmarketingedesign.com.br\/index.php?rest_route=%2Fwp%2Fv2%2Ftags&post=22503"}],"curies":[{"name":"wp","href":"https:\/\/api.w.org\/{rel}","templated":true}]}}