{"id":22509,"date":"2023-10-11T12:18:48","date_gmt":"2023-10-11T15:18:48","guid":{"rendered":"https:\/\/www.jornaldaconstrucaocivil.com.br\/?p=22509"},"modified":"2023-10-11T12:18:48","modified_gmt":"2023-10-11T15:18:48","slug":"dia-das-criancas-quarto-infantil-e-alternativa-de-presente-para-o-dia12-de-outubro","status":"publish","type":"post","link":"https:\/\/construcaocivil.siriusmarketingedesign.com.br\/?p=22509","title":{"rendered":"Dia das Crian\u00e7as: quarto infantil \u00e9 alternativa de presente para o dia12 de outubro"},"content":{"rendered":"<p><strong><i>Aline Zanoni explica como projetar espa\u00e7os tem\u00e1ticos e exclusivos para os pequenos, que estimulem o aprendizado e garantam seguran\u00e7a<\/i><\/strong><\/p>\n<div>\n<p><span class=\"v1x_-949472926font\">Para fugir do \u00f3bvio quando o assunto s\u00e3o os presentes do Dia das Crian\u00e7as (12\/10), uma alternativa para oferecer uma experi\u00eancia l\u00fadica e imersiva aos interesses do pequeno \u00e9 o de projetar ou reformar o seu quarto. Mas para a arquiteta Aline Zanoni, alguns pontos devem ser levados em conta na hora de desenvolver esse ambiente, como seguran\u00e7a, est\u00edmulo da autonomia, criatividade e a pr\u00f3pria personalidade da crian\u00e7a.<\/span><\/p>\n<p><span class=\"v1x_-949472926font\">\u201cUm dos conceitos queridinhos entre os pais e profissionais de interiores \u00e9 o estilo Montessoriano. Ele segue as premissas de um espa\u00e7o l\u00fadico, funcional e incentivador, onde a crian\u00e7a tem a oportunidade de ficar em um espa\u00e7o controlado, sem a necessidade dos cuidadores ao lado para vigi\u00e1-la\u201d, explica Zanoni.<\/span><\/p>\n<p><span class=\"v1x_-949472926font\">Cama e estantes com altura baixa, assim como m\u00f3veis com quinas arredondadas e de f\u00e1cil limpeza e manuten\u00e7\u00e3o, est\u00e3o entre as principais recomenda\u00e7\u00f5es na hora de selecionar um mobili\u00e1rio e os artigos decorativos para o quarto infantil. \u201cA decora\u00e7\u00e3o montessoriana pode ser adotada desde a primeira inf\u00e2ncia at\u00e9 a crian\u00e7a tomar a decis\u00e3o, por conta pr\u00f3pria, de mudar o estilo do quarto. A cabana de tecido ou a casinha de madeira s\u00e3o estilos seguros e que os pequenos costumam gostar bastante. A tem\u00e1tica do quarto pode ser de acordo com o interesse da crian\u00e7a e pode vir estampada na roupa de cama, nas almofadas ou at\u00e9 em algum quadrinho pendurado no quarto\u201d, pontua.<\/span><\/p>\n<p><span class=\"v1x_-949472926font\">Para ajudar nessa tarefa de projetar um quarto infantil, a especialista em interiores Aline Zanoni oferece algumas dicas:<\/span><\/p>\n<div><span class=\"v1x_-949472926font\">1)<span class=\"v1x_-949472926size\">\u00a0\u00a0\u00a0\u00a0<\/span><\/span><strong><span class=\"v1x_-949472926font\">Escolha um tema:<\/span><\/strong><span class=\"v1x_-949472926font\">\u00a0\u201cAl\u00e9m de ser o ponto de partida para o projeto do quarto infantil, a escolha de um tema que v\u00e1 de encontro com os interesses da crian\u00e7a ajuda na conex\u00e3o do pequeno com o seu espa\u00e7o. Ela se sentir\u00e1 imersa no mundo do seu imagin\u00e1rio, o que ajudar\u00e1 no despertar do l\u00fadico e da criatividade. O tema definido tamb\u00e9m impacta diretamente na tomada das\u00a0\u00a0demais decis\u00f5es a respeito do projeto, como a escolha da paleta de cores, m\u00f3veis e at\u00e9 acess\u00f3rios\u201d, explica Zanoni.<\/span><\/div>\n<div><\/div>\n<div><span class=\"v1x_-949472926font\">2)<span class=\"v1x_-949472926size\">\u00a0\u00a0\u00a0\u00a0<\/span><\/span><strong><span class=\"v1x_-949472926font\">Cores:<\/span><\/strong><span class=\"v1x_-949472926font\">\u00a0\u201cA paleta de cor do projeto infantil vai depender da tem\u00e1tica escolhida para o espa\u00e7o, mas caso a crian\u00e7a seja pequena, inserir pontos de interesse em cores prim\u00e1rias, como azul, vermelho e amarelo, pode ajudar o beb\u00ea na identifica\u00e7\u00e3o de cada uma delas. Se n\u00e3o quiser um espa\u00e7o com cores t\u00e3o chamativas, escolha artigos que possam inserir essas tonalidades no projeto, como almofadas, tapetes, quadros, m\u00f3bile e cestos\u201d, acrescenta.<\/span><\/div>\n<div><\/div>\n<p class=\"v1x_667274464MsoListParagraphCxSpMiddle\"><span class=\"v1x_-949472926font\">3)<span class=\"v1x_-949472926size\">\u00a0\u00a0\u00a0\u00a0<\/span><\/span><strong><span class=\"v1x_-949472926font\">M\u00f3veis funcionais:<\/span><\/strong><span class=\"v1x_-949472926font\">\u00a0\u201c<\/span><span class=\"v1x_-949472926colour\"><span class=\"v1x_-949472926font\">No m\u00e9todo montessoriano, a sugest\u00e3o \u00e9 optar por um mobili\u00e1rio de dimens\u00f5es reduzidas, evitando assim a sensa\u00e7\u00e3o de vulnerabilidade nas crian\u00e7as, que geralmente se sentem desconfort\u00e1veis com objetos grandes. Outro ponto que deve ser levado em conta \u00e9 o material desses m\u00f3veis, que devem ser de f\u00e1cil limpeza e manuten\u00e7\u00e3o, uma vez que boa parte das brincadeiras infantis l\u00fadicas envolve algum tipo de sujeira\u201d, pondera Aline.<\/span><\/span><\/p>\n<p class=\"v1x_667274464MsoListParagraphCxSpMiddle\"><span class=\"v1x_-949472926font\">4)<span class=\"v1x_-949472926size\">\u00a0\u00a0\u00a0\u00a0<\/span><\/span><strong><span class=\"v1x_-949472926font\">\u00c1rea de estudo:<\/span><\/strong><span class=\"v1x_-949472926font\">\u00a0\u201cCaso a crian\u00e7a j\u00e1 esteja em idade escolar, crie uma \u00e1rea de estudos confort\u00e1vel e bem iluminada para ela, com direito a uma mesa, cadeira e prateleiras. Se o espa\u00e7o para o quarto for pequeno para incluir uma cama + arm\u00e1rio + \u00e1rea de estudos, opte por uma marcenaria personalizada que inclua um projeto 2 em 1 com cama + escrivaninha acoplada\u201d, sugere a arquiteta.<\/span><\/p>\n<p class=\"v1x_667274464MsoListParagraphCxSpMiddle\"><span class=\"v1x_-949472926font\">5)<span class=\"v1x_-949472926size\">\u00a0 \u00a0\u00a0<\/span><\/span><strong><span class=\"v1x_-949472926font\">Seguran\u00e7a:<\/span><\/strong><span class=\"v1x_-949472926font\">\u00a0\u201cQuando falamos de um projeto infantil, um dos fatores mais importantes \u00e9 a seguran\u00e7a. Certifique-se de que o quarto da crian\u00e7a seja seguro, evitando m\u00f3veis com quinas pontiagudas e pe\u00e7as que possam representar riscos. D\u00ea prefer\u00eancia a um mobili\u00e1rio arredondado. Evitar fia\u00e7\u00e3o exposta e tomadas, tamb\u00e9m \u00e9 crucial, por isso invista em protetores de tomadas.\u00a0\u00a0Na hora de escolher a tinta para o quarto, tamb\u00e9m \u00e9 preciso priorizar as n\u00e3o t\u00f3xicas\u201d, lembra Aline.<\/span><\/p>\n<\/div>\n","protected":false},"excerpt":{"rendered":"<p>Aline Zanoni explica como projetar espa\u00e7os tem\u00e1ticos e exclusivos para os pequenos, que estimulem o aprendizado e garantam seguran\u00e7a Para fugir do \u00f3bvio quando o assunto s\u00e3o os presentes do Dia das Crian\u00e7as (12\/10), uma alternativa para oferecer uma experi\u00eancia l\u00fadica e imersiva aos interesses do pequeno \u00e9 o de projetar ou reformar o seu [&hellip;]<\/p>\n","protected":false},"author":1,"featured_media":22510,"comment_status":"open","ping_status":"open","sticky":false,"template":"","format":"standard","meta":{"_uag_custom_page_level_css":"","footnotes":""},"categories":[28],"tags":[25800,923,21723,1933,3602,25799],"class_list":["post-22509","post","type-post","status-publish","format-standard","has-post-thumbnail","hentry","category-arquitetura","tag-aline-zanoni","tag-arquitetura-e-urbanismo","tag-casa-das-criancas","tag-casa-e-decoracao","tag-dia-das-criancas","tag-moveis-e-cores"],"blocksy_meta":[],"spectra_blocks_featured_image_url":{"thumbnail":{"url":"https:\/\/construcaocivil.siriusmarketingedesign.com.br\/wp-content\/uploads\/2023\/10\/Quarto-Infantil-Projeto-Aline-Zanoni-9-1-150x150.jpg","width":150,"height":150},"medium":{"url":"https:\/\/construcaocivil.siriusmarketingedesign.com.br\/wp-content\/uploads\/2023\/10\/Quarto-Infantil-Projeto-Aline-Zanoni-9-1-300x268.jpg","width":300,"height":268},"medium_large":{"url":"https:\/\/construcaocivil.siriusmarketingedesign.com.br\/wp-content\/uploads\/2023\/10\/Quarto-Infantil-Projeto-Aline-Zanoni-9-1-768x686.jpg","width":768,"height":686},"large":{"url":"https:\/\/construcaocivil.siriusmarketingedesign.com.br\/wp-content\/uploads\/2023\/10\/Quarto-Infantil-Projeto-Aline-Zanoni-9-1-1024x914.jpg","width":1024,"height":914},"full":{"url":"https:\/\/construcaocivil.siriusmarketingedesign.com.br\/wp-content\/uploads\/2023\/10\/Quarto-Infantil-Projeto-Aline-Zanoni-9-1.jpg","width":1260,"height":1125}},"spectra_blocks_author_info":{"display_name":"Jornal da Constru\u00e7\u00e3o Civil","avatar_url":"https:\/\/secure.gravatar.com\/avatar\/973c9774fd44ddaceb026973c4962faa70fc512bc4c9da68e8ebb40fecee6540?s=96&d=mm&r=g","author_link":"https:\/\/construcaocivil.siriusmarketingedesign.com.br\/?author=1","description":"Desde de 2013, levando muitas informa\u00e7\u00f5es, lan\u00e7amentos e produtos de qualidade para toda cadeia produtiva da constru\u00e7\u00e3o. O Futuro da constru\u00e7\u00e3o passa por aqui,"},"uagb_featured_image_src":{"full":["https:\/\/construcaocivil.siriusmarketingedesign.com.br\/wp-content\/uploads\/2023\/10\/Quarto-Infantil-Projeto-Aline-Zanoni-9-1.jpg",1260,1125,false],"thumbnail":["https:\/\/construcaocivil.siriusmarketingedesign.com.br\/wp-content\/uploads\/2023\/10\/Quarto-Infantil-Projeto-Aline-Zanoni-9-1-150x150.jpg",150,150,true],"medium":["https:\/\/construcaocivil.siriusmarketingedesign.com.br\/wp-content\/uploads\/2023\/10\/Quarto-Infantil-Projeto-Aline-Zanoni-9-1-300x268.jpg",300,268,true],"medium_large":["https:\/\/construcaocivil.siriusmarketingedesign.com.br\/wp-content\/uploads\/2023\/10\/Quarto-Infantil-Projeto-Aline-Zanoni-9-1-768x686.jpg",768,686,true],"large":["https:\/\/construcaocivil.siriusmarketingedesign.com.br\/wp-content\/uploads\/2023\/10\/Quarto-Infantil-Projeto-Aline-Zanoni-9-1-1024x914.jpg",1024,914,true],"1536x1536":["https:\/\/construcaocivil.siriusmarketingedesign.com.br\/wp-content\/uploads\/2023\/10\/Quarto-Infantil-Projeto-Aline-Zanoni-9-1.jpg",1260,1125,false],"2048x2048":["https:\/\/construcaocivil.siriusmarketingedesign.com.br\/wp-content\/uploads\/2023\/10\/Quarto-Infantil-Projeto-Aline-Zanoni-9-1.jpg",1260,1125,false]},"uagb_author_info":{"display_name":"Jornal da Constru\u00e7\u00e3o Civil","author_link":"https:\/\/construcaocivil.siriusmarketingedesign.com.br\/?author=1"},"uagb_comment_info":0,"uagb_excerpt":"Aline Zanoni explica como projetar espa\u00e7os tem\u00e1ticos e exclusivos para os pequenos, que estimulem o aprendizado e garantam seguran\u00e7a Para fugir do \u00f3bvio quando o assunto s\u00e3o os presentes do Dia das Crian\u00e7as (12\/10), uma alternativa para oferecer uma experi\u00eancia l\u00fadica e imersiva aos interesses do pequeno \u00e9 o de projetar ou reformar o seu&hellip;","_links":{"self":[{"href":"https:\/\/construcaocivil.siriusmarketingedesign.com.br\/index.php?rest_route=\/wp\/v2\/posts\/22509","targetHints":{"allow":["GET"]}}],"collection":[{"href":"https:\/\/construcaocivil.siriusmarketingedesign.com.br\/index.php?rest_route=\/wp\/v2\/posts"}],"about":[{"href":"https:\/\/construcaocivil.siriusmarketingedesign.com.br\/index.php?rest_route=\/wp\/v2\/types\/post"}],"author":[{"embeddable":true,"href":"https:\/\/construcaocivil.siriusmarketingedesign.com.br\/index.php?rest_route=\/wp\/v2\/users\/1"}],"replies":[{"embeddable":true,"href":"https:\/\/construcaocivil.siriusmarketingedesign.com.br\/index.php?rest_route=%2Fwp%2Fv2%2Fcomments&post=22509"}],"version-history":[{"count":0,"href":"https:\/\/construcaocivil.siriusmarketingedesign.com.br\/index.php?rest_route=\/wp\/v2\/posts\/22509\/revisions"}],"wp:featuredmedia":[{"embeddable":true,"href":"https:\/\/construcaocivil.siriusmarketingedesign.com.br\/index.php?rest_route=\/wp\/v2\/media\/22510"}],"wp:attachment":[{"href":"https:\/\/construcaocivil.siriusmarketingedesign.com.br\/index.php?rest_route=%2Fwp%2Fv2%2Fmedia&parent=22509"}],"wp:term":[{"taxonomy":"category","embeddable":true,"href":"https:\/\/construcaocivil.siriusmarketingedesign.com.br\/index.php?rest_route=%2Fwp%2Fv2%2Fcategories&post=22509"},{"taxonomy":"post_tag","embeddable":true,"href":"https:\/\/construcaocivil.siriusmarketingedesign.com.br\/index.php?rest_route=%2Fwp%2Fv2%2Ftags&post=22509"}],"curies":[{"name":"wp","href":"https:\/\/api.w.org\/{rel}","templated":true}]}}