{"id":22523,"date":"2023-10-13T00:22:17","date_gmt":"2023-10-13T03:22:17","guid":{"rendered":"https:\/\/www.jornaldaconstrucaocivil.com.br\/?p=22523"},"modified":"2023-10-13T00:22:17","modified_gmt":"2023-10-13T03:22:17","slug":"termometro-abramat-otimismo-moderado-cresce-em-setembro-para-o-setor-de-materiais-de-construcao","status":"publish","type":"post","link":"https:\/\/construcaocivil.siriusmarketingedesign.com.br\/?p=22523","title":{"rendered":"Term\u00f4metro ABRAMAT &#8211; Otimismo moderado cresce em setembro para o setor de materiais de constru\u00e7\u00e3o"},"content":{"rendered":"<p style=\"text-align: justify;\"><i>Insights obtidos na pesquisa de opini\u00e3o fornecem compreens\u00e3o abrangente da din\u00e2mica do setor<\/i><\/p>\n<div style=\"text-align: justify;\">\n<p><strong>S\u00e3o Paulo, 04 de outubro de 2023 \u2013<\/strong>\u00a0A ABRAMAT (Associa\u00e7\u00e3o Brasileira da Ind\u00fastria de Materiais de Constru\u00e7\u00e3o) divulga nesta quarta-feira, 04, a nova edi\u00e7\u00e3o do Term\u00f4metro da Ind\u00fastria de Materiais de Constru\u00e7\u00e3o, com dados que destacam as perspectivas do setor sobre o desempenho, a utiliza\u00e7\u00e3o de capacidade instalada e as inten\u00e7\u00f5es de investimento para os pr\u00f3ximos meses. A pesquisa de opini\u00e3o realizada com as lideran\u00e7as do setor indica que a expectativa de bom desempenho em\u00a0<strong>setembro<\/strong>\u00a0apresentou crescimento entre as empresas associadas. Para 43% dos associados da ABRAMAT, o m\u00eas apresentar\u00e1 resultado positivo e 29% apontam o per\u00edodo como ruim.<\/p>\n<p>Para\u00a0<strong>novembro<\/strong>, a expectativa \u00e9 que tamb\u00e9m haja aumento no otimismo moderado com 10% das empresas associadas projetando desempenho muito bom, 43% estimando resultado bom e 38% desempenho regular. A pesquisa tamb\u00e9m apresenta os dados consolidados de\u00a0<strong>agosto de 2023<\/strong>, indicando que o m\u00eas teve resultado positivo no setor. Para 52%, o oitavo m\u00eas do ano trouxe resultados bons, para 29% regular e para 14% ruim.<\/p>\n<p>O Term\u00f4metro da ABRAMAT tamb\u00e9m traz informa\u00e7\u00f5es sobre o n\u00edvel de utiliza\u00e7\u00e3o da capacidade instalada da ind\u00fastria de materiais. Em\u00a0<strong>setembro<\/strong>, a utiliza\u00e7\u00e3o da capacidade industrial foi de 71% na m\u00e9dia das empresas associadas, apresentando aumento de 2 pontos percentuais em rela\u00e7\u00e3o ao m\u00eas anterior (agosto) e 4 pontos percentuais a menos do que em\u00a0<strong>setembro de 2022<\/strong>.<\/p>\n<p>As pretens\u00f5es de investimento em\u00a0<strong>setembro de 2023<\/strong>\u00a0apresentam estabilidade em rela\u00e7\u00e3o ao m\u00eas anterior, com\u00a0<strong>62%<\/strong>\u00a0das ind\u00fastrias de materiais indicando que devem investir nos pr\u00f3ximos 12 meses, seja para o aumento da capacidade produtiva, seja na moderniza\u00e7\u00e3o dos meios de produ\u00e7\u00e3o. Em\u00a0<strong>setembro do ano passado<\/strong>\u00a0este indicador era de\u00a0<strong>79%<\/strong>.<\/p>\n<p>Para Rodrigo Navarro, presidente da ABRAMAT, este otimismo moderado do setor est\u00e1 em linha com fatores pol\u00edticos e econ\u00f4micos em desenvolvimento no Brasil. \u201c<em>S\u00e3o aspectos como o novo PAC, que dentre outras medidas prev\u00ea retomar grandes obras de infraestrutura, as contrata\u00e7\u00f5es do Minha Casa Minha Vida, o andamento da reforma tribut\u00e1ria no Congresso, e a continuidade no processo de redu\u00e7\u00e3o da Selic pelo Banco Central, que favorecem uma perspectiva mais favor\u00e1vel ao crescimento e \u00e0 expans\u00e3o, fomentando expectativas positivas para o futuro da ind\u00fastria de materiais<\/em>\u201d.<\/p>\n<\/div>\n<div style=\"text-align: justify;\"><\/div>\n","protected":false},"excerpt":{"rendered":"<p>Insights obtidos na pesquisa de opini\u00e3o fornecem compreens\u00e3o abrangente da din\u00e2mica do setor S\u00e3o Paulo, 04 de outubro de 2023 \u2013\u00a0A ABRAMAT (Associa\u00e7\u00e3o Brasileira da Ind\u00fastria de Materiais de Constru\u00e7\u00e3o) divulga nesta quarta-feira, 04, a nova edi\u00e7\u00e3o do Term\u00f4metro da Ind\u00fastria de Materiais de Constru\u00e7\u00e3o, com dados que destacam as perspectivas do setor sobre o [&hellip;]<\/p>\n","protected":false},"author":1,"featured_media":22524,"comment_status":"open","ping_status":"open","sticky":false,"template":"","format":"standard","meta":{"_uag_custom_page_level_css":"","footnotes":""},"categories":[33],"tags":[24945,24836,340,7005,20870],"class_list":["post-22523","post","type-post","status-publish","format-standard","has-post-thumbnail","hentry","category-mercado","tag-jurosaltosnao","tag-servicosdeconstrucao","tag-abramat","tag-lojas-de-material-de-construcao","tag-produtos-para-obras"],"blocksy_meta":[],"spectra_blocks_featured_image_url":{"thumbnail":{"url":"https:\/\/construcaocivil.siriusmarketingedesign.com.br\/wp-content\/uploads\/2023\/10\/AA-LOJA-CCV-150x150.jpg","width":150,"height":150},"medium":{"url":"https:\/\/construcaocivil.siriusmarketingedesign.com.br\/wp-content\/uploads\/2023\/10\/AA-LOJA-CCV-300x241.jpg","width":300,"height":241},"medium_large":{"url":"https:\/\/construcaocivil.siriusmarketingedesign.com.br\/wp-content\/uploads\/2023\/10\/AA-LOJA-CCV.jpg","width":768,"height":618},"large":{"url":"https:\/\/construcaocivil.siriusmarketingedesign.com.br\/wp-content\/uploads\/2023\/10\/AA-LOJA-CCV.jpg","width":768,"height":618},"full":{"url":"https:\/\/construcaocivil.siriusmarketingedesign.com.br\/wp-content\/uploads\/2023\/10\/AA-LOJA-CCV.jpg","width":768,"height":618}},"spectra_blocks_author_info":{"display_name":"Jornal da Constru\u00e7\u00e3o Civil","avatar_url":"https:\/\/secure.gravatar.com\/avatar\/973c9774fd44ddaceb026973c4962faa70fc512bc4c9da68e8ebb40fecee6540?s=96&d=mm&r=g","author_link":"https:\/\/construcaocivil.siriusmarketingedesign.com.br\/?author=1","description":"Desde de 2013, levando muitas informa\u00e7\u00f5es, lan\u00e7amentos e produtos de qualidade para toda cadeia produtiva da constru\u00e7\u00e3o. O Futuro da constru\u00e7\u00e3o passa por aqui,"},"uagb_featured_image_src":{"full":["https:\/\/construcaocivil.siriusmarketingedesign.com.br\/wp-content\/uploads\/2023\/10\/AA-LOJA-CCV.jpg",768,618,false],"thumbnail":["https:\/\/construcaocivil.siriusmarketingedesign.com.br\/wp-content\/uploads\/2023\/10\/AA-LOJA-CCV-150x150.jpg",150,150,true],"medium":["https:\/\/construcaocivil.siriusmarketingedesign.com.br\/wp-content\/uploads\/2023\/10\/AA-LOJA-CCV-300x241.jpg",300,241,true],"medium_large":["https:\/\/construcaocivil.siriusmarketingedesign.com.br\/wp-content\/uploads\/2023\/10\/AA-LOJA-CCV.jpg",768,618,false],"large":["https:\/\/construcaocivil.siriusmarketingedesign.com.br\/wp-content\/uploads\/2023\/10\/AA-LOJA-CCV.jpg",768,618,false],"1536x1536":["https:\/\/construcaocivil.siriusmarketingedesign.com.br\/wp-content\/uploads\/2023\/10\/AA-LOJA-CCV.jpg",768,618,false],"2048x2048":["https:\/\/construcaocivil.siriusmarketingedesign.com.br\/wp-content\/uploads\/2023\/10\/AA-LOJA-CCV.jpg",768,618,false]},"uagb_author_info":{"display_name":"Jornal da Constru\u00e7\u00e3o Civil","author_link":"https:\/\/construcaocivil.siriusmarketingedesign.com.br\/?author=1"},"uagb_comment_info":0,"uagb_excerpt":"Insights obtidos na pesquisa de opini\u00e3o fornecem compreens\u00e3o abrangente da din\u00e2mica do setor S\u00e3o Paulo, 04 de outubro de 2023 \u2013\u00a0A ABRAMAT (Associa\u00e7\u00e3o Brasileira da Ind\u00fastria de Materiais de Constru\u00e7\u00e3o) divulga nesta quarta-feira, 04, a nova edi\u00e7\u00e3o do Term\u00f4metro da Ind\u00fastria de Materiais de Constru\u00e7\u00e3o, com dados que destacam as perspectivas do setor sobre o&hellip;","_links":{"self":[{"href":"https:\/\/construcaocivil.siriusmarketingedesign.com.br\/index.php?rest_route=\/wp\/v2\/posts\/22523","targetHints":{"allow":["GET"]}}],"collection":[{"href":"https:\/\/construcaocivil.siriusmarketingedesign.com.br\/index.php?rest_route=\/wp\/v2\/posts"}],"about":[{"href":"https:\/\/construcaocivil.siriusmarketingedesign.com.br\/index.php?rest_route=\/wp\/v2\/types\/post"}],"author":[{"embeddable":true,"href":"https:\/\/construcaocivil.siriusmarketingedesign.com.br\/index.php?rest_route=\/wp\/v2\/users\/1"}],"replies":[{"embeddable":true,"href":"https:\/\/construcaocivil.siriusmarketingedesign.com.br\/index.php?rest_route=%2Fwp%2Fv2%2Fcomments&post=22523"}],"version-history":[{"count":0,"href":"https:\/\/construcaocivil.siriusmarketingedesign.com.br\/index.php?rest_route=\/wp\/v2\/posts\/22523\/revisions"}],"wp:featuredmedia":[{"embeddable":true,"href":"https:\/\/construcaocivil.siriusmarketingedesign.com.br\/index.php?rest_route=\/wp\/v2\/media\/22524"}],"wp:attachment":[{"href":"https:\/\/construcaocivil.siriusmarketingedesign.com.br\/index.php?rest_route=%2Fwp%2Fv2%2Fmedia&parent=22523"}],"wp:term":[{"taxonomy":"category","embeddable":true,"href":"https:\/\/construcaocivil.siriusmarketingedesign.com.br\/index.php?rest_route=%2Fwp%2Fv2%2Fcategories&post=22523"},{"taxonomy":"post_tag","embeddable":true,"href":"https:\/\/construcaocivil.siriusmarketingedesign.com.br\/index.php?rest_route=%2Fwp%2Fv2%2Ftags&post=22523"}],"curies":[{"name":"wp","href":"https:\/\/api.w.org\/{rel}","templated":true}]}}