{"id":2253,"date":"2016-06-22T17:04:26","date_gmt":"2016-06-22T17:04:26","guid":{"rendered":"http:\/\/www.jornaldaconstrucaocivil.com.br\/?p=2253"},"modified":"2016-06-22T17:04:26","modified_gmt":"2016-06-22T17:04:26","slug":"diretoria-do-grupo-de-trabalho-para-postos-de-servico-toma-posse","status":"publish","type":"post","link":"https:\/\/construcaocivil.siriusmarketingedesign.com.br\/?p=2253","title":{"rendered":"Diretoria do Grupo de Trabalho para postos de servi\u00e7o toma posse"},"content":{"rendered":"<p><span style=\"color: #000000;\">Not\u00edcias ABIMAQ<\/span><\/p>\n<p><span style=\"color: #000000;\">Meta para o bi\u00eanio 2016-2018 \u00e9 buscar o fortalecimento dos fabricantes de m\u00e1quinas, equipamentos e componente para postos e distribuidoras de combust\u00edvel<\/span><\/p>\n<p><span style=\"color: #000000;\"><em>\u201cA nossa miss\u00e3o \u00e9 lutar pela ind\u00fastria nacional. \u00c9 dessa maneira que vamos liderar a mudan\u00e7a de cultura no segmento de postos de servi\u00e7os e abastecimento\u201d<\/em>. Com essas palavras, Jos\u00e9 Fernandes assumiu a coordena\u00e7\u00e3o do Grupo de Trabalho de M\u00e1quinas e<\/span><\/p>\n<p><span style=\"color: #000000;\">Equipamentos para Postos de Servi\u00e7os e Solu\u00e7\u00f5es de Abastecimento (GT-MEPS), no dia 15 de junho, na sede da ABIMAQ.<\/span><\/p>\n<p><span style=\"color: #000000;\">Para Fernandes, o objetivo do Grupo \u00e9 de inovar com tecnologia, sistemas e solu\u00e7\u00f5es sustent\u00e1veis que visem o crescimento do mercado. <em>\u201cA ABIMAQ vai nos ajudar a profissionalizar esse segmento de maneira \u00e9tica, correta e t\u00e9cnica com o intuito de defender os interesses do setor&#8221;.<\/em><\/span><\/p>\n<p><span style=\"color: #000000;\">Cesar Prata, vice-presidente da ABIMAQ, ressaltou a import\u00e2ncia da cria\u00e7\u00e3o do GT-MEPS. <em>\u201cA forma\u00e7\u00e3o do Grupo \u00e9 significativo n\u00e3o apenas aos membros que acompanham, mas para entidade, pois aumentar\u00e1 a representatividade da Associa\u00e7\u00e3o\u201d<\/em>.<\/span><\/p>\n<p><span style=\"color: #000000;\">Al\u00e9m de Jos\u00e9 Fernandes , a diretoria do GT-MEPS ser\u00e1 composta pelos vice- coordenadores \u00a0Lincoln Cesar Dalfre Louren\u00e7o, S\u00e9rgio Cintra Cordeiro, Hector Trabucco, Carlos Alberto Zeppini , Eduardo Gon\u00e7alves.\u00a0<\/span><\/p>\n<p><span style=\"color: #000000;\"><strong>Presen\u00e7a<\/strong><\/span><\/p>\n<p><span style=\"color: #000000;\">Itamar Borges, deputado estadual, Luiz Fernando Chaves, do Instituto Ambiental Ong, Cesar Guimar\u00e3es, do SINDICOM, Celso Guilherme, da\u00a0Fecombust\u00edveis, S\u00e9rgio Andreta, da FIESP e Genaro Maresca, do Sincopetro participaram da\u00a0cerim\u00f4nia de posse do GT-MEPS.\u00a0<\/span><\/p>\n","protected":false},"excerpt":{"rendered":"<p>Not\u00edcias ABIMAQ Meta para o bi\u00eanio 2016-2018 \u00e9 buscar o fortalecimento dos fabricantes de m\u00e1quinas, equipamentos e componente para postos e distribuidoras de combust\u00edvel \u201cA nossa miss\u00e3o \u00e9 lutar pela ind\u00fastria nacional. \u00c9 dessa maneira que vamos liderar a mudan\u00e7a de cultura no segmento de postos de servi\u00e7os e abastecimento\u201d. Com essas palavras, Jos\u00e9 Fernandes [&hellip;]<\/p>\n","protected":false},"author":1,"featured_media":0,"comment_status":"open","ping_status":"open","sticky":false,"template":"","format":"standard","meta":{"_uag_custom_page_level_css":"","footnotes":""},"categories":[27],"tags":[309,2168,4896,10679,11111,12379],"class_list":["post-2253","post","type-post","status-publish","format-standard","hentry","category-acontece","tag-abimaq","tag-cesar-prata","tag-fecombustiveis","tag-sao-paulo-sp","tag-sincopetro","tag-vice-presidente-da-abimaq"],"blocksy_meta":[],"spectra_blocks_featured_image_url":null,"spectra_blocks_author_info":{"display_name":"Jornal da Constru\u00e7\u00e3o Civil","avatar_url":"https:\/\/secure.gravatar.com\/avatar\/973c9774fd44ddaceb026973c4962faa70fc512bc4c9da68e8ebb40fecee6540?s=96&d=mm&r=g","author_link":"https:\/\/construcaocivil.siriusmarketingedesign.com.br\/?author=1","description":"Desde de 2013, levando muitas informa\u00e7\u00f5es, lan\u00e7amentos e produtos de qualidade para toda cadeia produtiva da constru\u00e7\u00e3o. O Futuro da constru\u00e7\u00e3o passa por aqui,"},"uagb_featured_image_src":{"full":false,"thumbnail":false,"medium":false,"medium_large":false,"large":false,"1536x1536":false,"2048x2048":false},"uagb_author_info":{"display_name":"Jornal da Constru\u00e7\u00e3o Civil","author_link":"https:\/\/construcaocivil.siriusmarketingedesign.com.br\/?author=1"},"uagb_comment_info":0,"uagb_excerpt":"Not\u00edcias ABIMAQ Meta para o bi\u00eanio 2016-2018 \u00e9 buscar o fortalecimento dos fabricantes de m\u00e1quinas, equipamentos e componente para postos e distribuidoras de combust\u00edvel \u201cA nossa miss\u00e3o \u00e9 lutar pela ind\u00fastria nacional. \u00c9 dessa maneira que vamos liderar a mudan\u00e7a de cultura no segmento de postos de servi\u00e7os e abastecimento\u201d. Com essas palavras, Jos\u00e9 Fernandes&hellip;","_links":{"self":[{"href":"https:\/\/construcaocivil.siriusmarketingedesign.com.br\/index.php?rest_route=\/wp\/v2\/posts\/2253","targetHints":{"allow":["GET"]}}],"collection":[{"href":"https:\/\/construcaocivil.siriusmarketingedesign.com.br\/index.php?rest_route=\/wp\/v2\/posts"}],"about":[{"href":"https:\/\/construcaocivil.siriusmarketingedesign.com.br\/index.php?rest_route=\/wp\/v2\/types\/post"}],"author":[{"embeddable":true,"href":"https:\/\/construcaocivil.siriusmarketingedesign.com.br\/index.php?rest_route=\/wp\/v2\/users\/1"}],"replies":[{"embeddable":true,"href":"https:\/\/construcaocivil.siriusmarketingedesign.com.br\/index.php?rest_route=%2Fwp%2Fv2%2Fcomments&post=2253"}],"version-history":[{"count":0,"href":"https:\/\/construcaocivil.siriusmarketingedesign.com.br\/index.php?rest_route=\/wp\/v2\/posts\/2253\/revisions"}],"wp:attachment":[{"href":"https:\/\/construcaocivil.siriusmarketingedesign.com.br\/index.php?rest_route=%2Fwp%2Fv2%2Fmedia&parent=2253"}],"wp:term":[{"taxonomy":"category","embeddable":true,"href":"https:\/\/construcaocivil.siriusmarketingedesign.com.br\/index.php?rest_route=%2Fwp%2Fv2%2Fcategories&post=2253"},{"taxonomy":"post_tag","embeddable":true,"href":"https:\/\/construcaocivil.siriusmarketingedesign.com.br\/index.php?rest_route=%2Fwp%2Fv2%2Ftags&post=2253"}],"curies":[{"name":"wp","href":"https:\/\/api.w.org\/{rel}","templated":true}]}}