{"id":22542,"date":"2023-10-16T00:19:01","date_gmt":"2023-10-16T03:19:01","guid":{"rendered":"https:\/\/www.jornaldaconstrucaocivil.com.br\/?p=22542"},"modified":"2023-10-16T00:19:01","modified_gmt":"2023-10-16T03:19:01","slug":"sobratema-promovera-em-novembro-o-tendencias-no-mercado-da-construcao","status":"publish","type":"post","link":"https:\/\/construcaocivil.siriusmarketingedesign.com.br\/?p=22542","title":{"rendered":"Sobratema promover\u00e1 em novembro o Tend\u00eancias no Mercado da Constru\u00e7\u00e3o"},"content":{"rendered":"<div>\n<div>\n<p style=\"text-align: justify;\">O\u00a0<strong>18\u00ba\u00a0<\/strong><strong>Tend\u00eancias no Mercado da Constru\u00e7\u00e3o<\/strong>\u00a0est\u00e1 com a data definida. O evento estrat\u00e9gico da\u00a0<strong>Associa\u00e7\u00e3o Brasileira de Tecnologia para Constru\u00e7\u00e3o e Minera\u00e7\u00e3o (Sobratema)<\/strong>\u00a0ser\u00e1 realizado no dia 23 de novembro, a partir das 15h00.<\/p>\n<p style=\"text-align: justify;\">O destaque da programa\u00e7\u00e3o fica por conta da nova edi\u00e7\u00e3o do\u00a0<strong>Estudo Sobratema do Mercado Brasileiro de Equipamentos para Constru\u00e7\u00e3o<\/strong>, a ser apresentada por\u00a0<strong>Mario Miranda<\/strong>, consultor da Sobratema e coordenador do Estudo. Ele trar\u00e1 as proje\u00e7\u00f5es econom\u00e9tricas da comercializa\u00e7\u00e3o de m\u00e1quinas em 2023, com perspectivas para 2024, e mostrar\u00e1 os resultados da pesquisa com as empresas sobre o mercado da constru\u00e7\u00e3o, o setor de m\u00e1quinas e a economia brasileira.<\/p>\n<p style=\"text-align: justify;\">O economista\u00a0<strong>Lu\u00eds Artur Nogueira<\/strong>\u00a0trar\u00e1 uma avalia\u00e7\u00e3o do cen\u00e1rio econ\u00f4mico e as perspectivas para o pr\u00f3ximo ano, com o intuito de nortear os caminhos dos empres\u00e1rios, auxiliando na constru\u00e7\u00e3o do planejamento estrat\u00e9gico e na tomada de decis\u00e3o mais assertiva por parte de construtoras, mineradoras, locadoras, fabricantes de m\u00e1quinas, ind\u00fastria de pe\u00e7as e componentes, distribuidores e fornecedores de servi\u00e7os.<\/p>\n<p style=\"text-align: justify;\">Ap\u00f3s as apresenta\u00e7\u00f5es, o Tend\u00eancias no Mercado da Constru\u00e7\u00e3o ter\u00e1 um debate com a participa\u00e7\u00e3o de\u00a0<strong>Eurimilson Daniel<\/strong>, vice-presidente da Sobratema, de\u00a0<strong>Christiano Kunzler<\/strong>, CEO da InfraBrasil, e dos palestrantes Mario Miranda e Lu\u00eds Artur Nogueira. A modera\u00e7\u00e3o \u00e9 de\u00a0<strong>Vagner Barbosa<\/strong>.<\/p>\n<p style=\"text-align: justify;\">Destinado a empres\u00e1rios, diretores, gerentes, profissionais e engenheiros de construtoras, mineradoras, pedreiras, locadoras, fabricantes de equipamentos, distribuidoras, demais companhias ligadas \u00e0 ind\u00fastria da constru\u00e7\u00e3o, entidades setoriais e representantes do governo, o evento \u00e9 uma promo\u00e7\u00e3o da Revista M&amp;T.<\/p>\n<p style=\"text-align: justify;\">Ao longo de suas edi\u00e7\u00f5es, o Tend\u00eancias no Mercado da Constru\u00e7\u00e3o se consolidou como um encontro estrat\u00e9gico para o setor, pois traz tem\u00e1ticas e conte\u00fados relevantes, debatidos por renomados especialistas, que contribuem no direcionamento das a\u00e7\u00f5es e iniciativas a serem realizadas, resultando em desenvolvimento sustent\u00e1vel de toda o ecossistema da constru\u00e7\u00e3o.<\/p>\n<\/div>\n<\/div>\n","protected":false},"excerpt":{"rendered":"<p>O\u00a018\u00ba\u00a0Tend\u00eancias no Mercado da Constru\u00e7\u00e3o\u00a0est\u00e1 com a data definida. O evento estrat\u00e9gico da\u00a0Associa\u00e7\u00e3o Brasileira de Tecnologia para Constru\u00e7\u00e3o e Minera\u00e7\u00e3o (Sobratema)\u00a0ser\u00e1 realizado no dia 23 de novembro, a partir das 15h00. O destaque da programa\u00e7\u00e3o fica por conta da nova edi\u00e7\u00e3o do\u00a0Estudo Sobratema do Mercado Brasileiro de Equipamentos para Constru\u00e7\u00e3o, a ser apresentada por\u00a0Mario Miranda, [&hellip;]<\/p>\n","protected":false},"author":1,"featured_media":22543,"comment_status":"open","ping_status":"open","sticky":false,"template":"","format":"standard","meta":{"_uag_custom_page_level_css":"","footnotes":""},"categories":[32],"tags":[25095,25630,14923,12623],"class_list":["post-22542","post","type-post","status-publish","format-standard","has-post-thumbnail","hentry","category-maquinas-e-equipamentos","tag-maquinasparaconstrucao","tag-novopac","tag-pecas-e-acessorios","tag-sobratema"],"blocksy_meta":[],"spectra_blocks_featured_image_url":{"thumbnail":{"url":"https:\/\/construcaocivil.siriusmarketingedesign.com.br\/wp-content\/uploads\/2023\/10\/530420003d9215f40e36558bb3c91fcc-150x150.jpg","width":150,"height":150},"medium":{"url":"https:\/\/construcaocivil.siriusmarketingedesign.com.br\/wp-content\/uploads\/2023\/10\/530420003d9215f40e36558bb3c91fcc-300x169.jpg","width":300,"height":169},"medium_large":{"url":"https:\/\/construcaocivil.siriusmarketingedesign.com.br\/wp-content\/uploads\/2023\/10\/530420003d9215f40e36558bb3c91fcc-768x432.jpg","width":768,"height":432},"large":{"url":"https:\/\/construcaocivil.siriusmarketingedesign.com.br\/wp-content\/uploads\/2023\/10\/530420003d9215f40e36558bb3c91fcc-1024x576.jpg","width":1024,"height":576},"full":{"url":"https:\/\/construcaocivil.siriusmarketingedesign.com.br\/wp-content\/uploads\/2023\/10\/530420003d9215f40e36558bb3c91fcc.jpg","width":1920,"height":1080}},"spectra_blocks_author_info":{"display_name":"Jornal da Constru\u00e7\u00e3o Civil","avatar_url":"https:\/\/secure.gravatar.com\/avatar\/973c9774fd44ddaceb026973c4962faa70fc512bc4c9da68e8ebb40fecee6540?s=96&d=mm&r=g","author_link":"https:\/\/construcaocivil.siriusmarketingedesign.com.br\/?author=1","description":"Desde de 2013, levando muitas informa\u00e7\u00f5es, lan\u00e7amentos e produtos de qualidade para toda cadeia produtiva da constru\u00e7\u00e3o. O Futuro da constru\u00e7\u00e3o passa por aqui,"},"uagb_featured_image_src":{"full":["https:\/\/construcaocivil.siriusmarketingedesign.com.br\/wp-content\/uploads\/2023\/10\/530420003d9215f40e36558bb3c91fcc.jpg",1920,1080,false],"thumbnail":["https:\/\/construcaocivil.siriusmarketingedesign.com.br\/wp-content\/uploads\/2023\/10\/530420003d9215f40e36558bb3c91fcc-150x150.jpg",150,150,true],"medium":["https:\/\/construcaocivil.siriusmarketingedesign.com.br\/wp-content\/uploads\/2023\/10\/530420003d9215f40e36558bb3c91fcc-300x169.jpg",300,169,true],"medium_large":["https:\/\/construcaocivil.siriusmarketingedesign.com.br\/wp-content\/uploads\/2023\/10\/530420003d9215f40e36558bb3c91fcc-768x432.jpg",768,432,true],"large":["https:\/\/construcaocivil.siriusmarketingedesign.com.br\/wp-content\/uploads\/2023\/10\/530420003d9215f40e36558bb3c91fcc-1024x576.jpg",1024,576,true],"1536x1536":["https:\/\/construcaocivil.siriusmarketingedesign.com.br\/wp-content\/uploads\/2023\/10\/530420003d9215f40e36558bb3c91fcc-1536x864.jpg",1536,864,true],"2048x2048":["https:\/\/construcaocivil.siriusmarketingedesign.com.br\/wp-content\/uploads\/2023\/10\/530420003d9215f40e36558bb3c91fcc.jpg",1920,1080,false]},"uagb_author_info":{"display_name":"Jornal da Constru\u00e7\u00e3o Civil","author_link":"https:\/\/construcaocivil.siriusmarketingedesign.com.br\/?author=1"},"uagb_comment_info":0,"uagb_excerpt":"O\u00a018\u00ba\u00a0Tend\u00eancias no Mercado da Constru\u00e7\u00e3o\u00a0est\u00e1 com a data definida. O evento estrat\u00e9gico da\u00a0Associa\u00e7\u00e3o Brasileira de Tecnologia para Constru\u00e7\u00e3o e Minera\u00e7\u00e3o (Sobratema)\u00a0ser\u00e1 realizado no dia 23 de novembro, a partir das 15h00. O destaque da programa\u00e7\u00e3o fica por conta da nova edi\u00e7\u00e3o do\u00a0Estudo Sobratema do Mercado Brasileiro de Equipamentos para Constru\u00e7\u00e3o, a ser apresentada por\u00a0Mario Miranda,&hellip;","_links":{"self":[{"href":"https:\/\/construcaocivil.siriusmarketingedesign.com.br\/index.php?rest_route=\/wp\/v2\/posts\/22542","targetHints":{"allow":["GET"]}}],"collection":[{"href":"https:\/\/construcaocivil.siriusmarketingedesign.com.br\/index.php?rest_route=\/wp\/v2\/posts"}],"about":[{"href":"https:\/\/construcaocivil.siriusmarketingedesign.com.br\/index.php?rest_route=\/wp\/v2\/types\/post"}],"author":[{"embeddable":true,"href":"https:\/\/construcaocivil.siriusmarketingedesign.com.br\/index.php?rest_route=\/wp\/v2\/users\/1"}],"replies":[{"embeddable":true,"href":"https:\/\/construcaocivil.siriusmarketingedesign.com.br\/index.php?rest_route=%2Fwp%2Fv2%2Fcomments&post=22542"}],"version-history":[{"count":0,"href":"https:\/\/construcaocivil.siriusmarketingedesign.com.br\/index.php?rest_route=\/wp\/v2\/posts\/22542\/revisions"}],"wp:featuredmedia":[{"embeddable":true,"href":"https:\/\/construcaocivil.siriusmarketingedesign.com.br\/index.php?rest_route=\/wp\/v2\/media\/22543"}],"wp:attachment":[{"href":"https:\/\/construcaocivil.siriusmarketingedesign.com.br\/index.php?rest_route=%2Fwp%2Fv2%2Fmedia&parent=22542"}],"wp:term":[{"taxonomy":"category","embeddable":true,"href":"https:\/\/construcaocivil.siriusmarketingedesign.com.br\/index.php?rest_route=%2Fwp%2Fv2%2Fcategories&post=22542"},{"taxonomy":"post_tag","embeddable":true,"href":"https:\/\/construcaocivil.siriusmarketingedesign.com.br\/index.php?rest_route=%2Fwp%2Fv2%2Ftags&post=22542"}],"curies":[{"name":"wp","href":"https:\/\/api.w.org\/{rel}","templated":true}]}}