{"id":22579,"date":"2023-10-23T14:49:07","date_gmt":"2023-10-23T17:49:07","guid":{"rendered":"https:\/\/www.jornaldaconstrucaocivil.com.br\/?p=22579"},"modified":"2023-10-23T14:49:07","modified_gmt":"2023-10-23T17:49:07","slug":"13a-edicao-do-construser-sera-em-28-de-outubro-em-nove-regioes-do-estado-de-sao-paulo","status":"publish","type":"post","link":"https:\/\/construcaocivil.siriusmarketingedesign.com.br\/?p=22579","title":{"rendered":"13\u00aa edi\u00e7\u00e3o do ConstruSer ser\u00e1 em 28 de outubro em nove regi\u00f5es do Estado de S\u00e3o Paulo"},"content":{"rendered":"<div class=\"uk-width-expand@l uk-first-column\">\n<article id=\"post-137399\" class=\"uk-article post-137399 post type-post status-publish format-standard has-post-thumbnail hentry category-release tag-destaque tag-destaque-regional tag-destaque-tema tag-home\">\n<div class=\"uk-grid uk-grid-collapse uk-grid-stack\">\n<div class=\"uk-width-expand@l uk-first-column\">\n<div class=\"uk-card\">\n<div class=\"uk-article-post\">\n<p style=\"text-align: justify;\"><span style=\"color: #993300;\"><strong><em>Maior evento de responsabilidade social voltado para os trabalhadores da constru\u00e7\u00e3o civil e seus familiares<\/em><\/strong><\/span><\/p>\n<p style=\"text-align: justify;\">O SindusCon-SP, em parceria com o Sesi-SP, Senai-SP e Seconci-SP, realizar\u00e1 gratuitamente para o trabalhador da constru\u00e7\u00e3o civil e sua fam\u00edlia a 13\u00aa Edi\u00e7\u00e3o do ConstruSer (Encontro Estadual da Constru\u00e7\u00e3o Civil em Fam\u00edlia), simultaneamente em S\u00e3o Paulo (Capital) e em suas oito regionais distribu\u00eddas pelo Estado de S\u00e3o Paulo, no s\u00e1bado dia 28 de outubro, das 8h30 \u00e0s 16h.<\/p>\n<p style=\"text-align: justify;\">O tema dessa edi\u00e7\u00e3o \u00e9 \u201cPreven\u00e7\u00e3o \u00e9 cuidar de si e do outro, Fam\u00edlia e Qualidade de Vida!\u201d e o tema central \u00e9 \u201cFam\u00edlia: Construindo a Cidadania e o Ser Humano\u201d. Em todas as suas edi\u00e7\u00f5es foram realizados 3.628.776 atendimentos em um p\u00fablico que somou 356.762 pessoas.<\/p>\n<p style=\"text-align: justify;\">J\u00e1 est\u00e1 no ar o hotsite do ConstruSer. Acesse\u00a0<strong><a role=\"link\" href=\"https:\/\/sites.google.com\/view\/construser2023\/o-que-%C3%A9-o-construser\" target=\"_blank\" rel=\"noopener\">aqui<\/a><\/strong>. Nele, \u00e9 poss\u00edvel conhecer os locais participantes, verificar a programa\u00e7\u00e3o que ser\u00e1 oferecida e tamb\u00e9m como ser um parceiro e um volunt\u00e1rio. Todos os participantes podem postar as suas fotos nas m\u00eddias sociais com a #construser.<\/p>\n<h2 class=\"wp-block-heading\" style=\"text-align: justify;\"><strong>Objetivos<\/strong><\/h2>\n<p style=\"text-align: justify;\">Entre os objetivos do evento est\u00e3o: oferecer oportunidades de discuss\u00f5es tem\u00e1ticas sobre valores individuais, \u00e9ticos, morais e sociais, refletindo sobre o papel da fam\u00edlia enquanto formadora do indiv\u00edduo e do cidad\u00e3o;\u00a0 incluir socialmente o trabalhador e seus familiares; estimular a intera\u00e7\u00e3o entre os trabalhadores; e, levar para a fam\u00edlia do trabalhador informa\u00e7\u00f5es sobre sa\u00fade, meio ambiente e gera\u00e7\u00e3o de renda.<\/p>\n<h2 class=\"wp-block-heading\" style=\"text-align: justify;\"><strong>ConstruSer<\/strong><\/h2>\n<p style=\"text-align: justify;\">Consciente de que a responsabilidade social das empresas come\u00e7a com o respeito aos seus funcion\u00e1rios, o SindusCon-SP criou o ConstruSer, programa que valoriza e inclui socialmente o trabalhador da constru\u00e7\u00e3o civil e incentiva a intera\u00e7\u00e3o com seus familiares, realizando atividades em conson\u00e2ncia com os Objetivos de Desenvolvimento Sustent\u00e1vel da ONU.<\/p>\n<p style=\"text-align: justify;\">Com este intuito, o 1\u00ba ConstruSer ocorreu em 26 de abril de 2008, totalizando mais de 18 mil participantes, entre adultos e crian\u00e7as, em todo o Estado de S\u00e3o Paulo.<\/p>\n<p style=\"text-align: justify;\">Com a repercuss\u00e3o e os resultados positivos alcan\u00e7ados, o SindusCon-SP incluiu em 2009 o evento em sua programa\u00e7\u00e3o, que vem se consagrando em suas a\u00e7\u00f5es.<\/p>\n<p style=\"text-align: justify;\">Desde ent\u00e3o, at\u00e9 2019, antes da pandemia, o ConstruSer recebeu 352.396 trabalhadores da constru\u00e7\u00e3o civil e seus familiares, gerando 3.628.779 atendimentos de 829 atividades oferecidas gratuitamente ao longo de um dia inteiro voltado a lazer, cultura, sa\u00fade, educa\u00e7\u00e3o, cidadania, melhoria da qualidade de vida, eleva\u00e7\u00e3o da autoestima e incentivo ao conv\u00edvio familiar.<\/p>\n<p style=\"text-align: justify;\">Ap\u00f3s 3 anos sem a sua realiza\u00e7\u00e3o devido a pandemia, chegamos, em 2023, na 13\u00aa edi\u00e7\u00e3o, que ser\u00e1 realizada no dia 28 de outubro.<\/p>\n<h2 class=\"wp-block-heading\" style=\"text-align: justify;\"><strong>Confira as regi\u00f5es e os locais:<\/strong><\/h2>\n<figure class=\"wp-block-table\" style=\"text-align: justify;\">\n<table style=\"width: 100%; height: 496px;\">\n<tbody>\n<tr style=\"height: 52px;\">\n<td style=\"height: 52px;\"><strong><span style=\"color: #0000ff;\">S\u00c3O PAULO<\/span><\/strong><\/td>\n<td style=\"height: 52px;\">SESI \u2013 OSASCO \u2013 CAT LUIS EUL\u00c1LIO DE BUENO VIDIGAL FILHO Avenida Get\u00falio Vargas, s\/n \u2013 Jardim Piratininga \u2013 Osasco -SP.<\/td>\n<\/tr>\n<tr style=\"height: 52px;\">\n<td style=\"height: 52px;\"><strong><span style=\"color: #0000ff;\">BAURU<\/span><\/strong><\/td>\n<td style=\"height: 52px;\">SESI \u2013 BAURU \u2013 CAT RAPHAEL NOSCHESE Rua Rubens Arruda, 8 -50, Altos da Cidade \u2013 Bauru.<\/td>\n<\/tr>\n<tr style=\"height: 52px;\">\n<td style=\"height: 52px;\"><strong>\u00a0<span style=\"color: #0000ff;\">CAMPINAS<\/span><\/strong><\/td>\n<td style=\"height: 52px;\">SESI \u2013 CAMPINAS ll \u2013 CAT JOAQUIM GABRIEL PENTEADO Av. Ary Rodriguez, 200, Bacuri \u2013 Campinas.<\/td>\n<\/tr>\n<tr style=\"height: 52px;\">\n<td style=\"height: 52px;\"><span style=\"color: #0000ff;\"><strong>PRES. PRUDENTE<\/strong><\/span><\/td>\n<td style=\"height: 52px;\">SESI \u2013 PRESIDENTE PRUDENTE \u2013 CAT BELMIRO JESUS Av. Ibraim Nobre, 585, Pq. Furquim \u2013 Presidente Prudente, SP.<\/td>\n<\/tr>\n<tr style=\"height: 52px;\">\n<td style=\"height: 52px;\"><span style=\"color: #0000ff;\"><strong>RIBEIR\u00c3O<\/strong><\/span> <strong><span style=\"color: #0000ff;\">PRETO<\/span><\/strong><\/td>\n<td style=\"height: 52px;\">SESI \u2013 RIBEIR\u00c3O PRETO \u2013 CAT JOS\u00c9 VILLELA DE ANDRADE JUNIOR Rua Dom Luiz do Amaral Mousinho, 3465 \u2013 Castelo Branco \u2013 Ribeir\u00e3o Preto, SP.<\/td>\n<\/tr>\n<tr style=\"height: 52px;\">\n<td style=\"height: 52px;\"><span style=\"color: #0000ff;\"><strong>SANTO<\/strong> <strong>ANDR\u00c9<\/strong><\/span><\/td>\n<td style=\"height: 52px;\">SESI \u2013 SANTO ANDR\u00c9 \u2013 CAT THEOBALDO DE NIGRIS Pra\u00e7a Dr. Armando de Arruda Pereira, 100, Sta. Terezinha \u2013 Santo Andr\u00e9, SP.<\/td>\n<\/tr>\n<tr style=\"height: 28px;\">\n<td style=\"height: 28px;\"><span style=\"color: #0000ff;\"><strong>S J CAMPOS\/<\/strong><\/span><\/td>\n<td style=\"height: 80px;\" rowspan=\"2\">SESI \u2013 MOGI DAS CRUZES \u2013 CAT \u00a0Rua Valmet, 171, Br\u00e1s Cubas, Mogi das Cruzes, SP.<\/td>\n<\/tr>\n<tr style=\"height: 52px;\">\n<td style=\"height: 52px;\"><strong><span style=\"color: #0000ff;\">MOGI<\/span><\/strong> DAS <span style=\"color: #0000ff;\"><strong>CRUZES<\/strong><\/span><\/td>\n<\/tr>\n<tr style=\"height: 52px;\">\n<td style=\"height: 52px;\"><strong><span style=\"color: #0000ff;\">S J DO RIO PRETO<\/span><\/strong><\/td>\n<td style=\"height: 52px;\">SESI \u2013 S\u00c3O JOSE DO RIO PRETO \u2013 CAT JORGE DUPRAT FIGUEIREDO Av. Duque de Caxias, 4656, Vl. Elvira \u2013 S\u00e3o Jos\u00e9 do Rio Preto, SP.<\/td>\n<\/tr>\n<tr style=\"height: 52px;\">\n<td style=\"height: 52px;\"><strong><span style=\"color: #0000ff;\">SOROCABA<\/span><\/strong><\/td>\n<td style=\"height: 52px;\">SESI \u2013 VOTORANTIM \u2013 CAT Jos\u00e9 Erm\u00edrio de Moraes Filho Av. Claudio Pinto do Nascimento, 140, Jardim Morumbi, Votorantim\/SP.<\/td>\n<\/tr>\n<\/tbody>\n<\/table>\n<\/figure>\n<p style=\"text-align: justify;\">Para informa\u00e7\u00f5es, procure a regi\u00e3o:<\/p>\n<p style=\"text-align: justify;\">\u2022 S\u00e3o Paulo, Santo Andr\u00e9, Presidente Prudente, Mogi das Cruzes e Bauru \u2013 (11) 3334-5600<\/p>\n<p style=\"text-align: justify;\">\u2022 Campinas \u2013\u00a0 (19) 3236-8069<\/p>\n<p style=\"text-align: justify;\">\u2022 Ribeir\u00e3o Preto \u2013 (16) 3623-1340<\/p>\n<p style=\"text-align: justify;\">\u2022 S\u00e3o Jose do Rio Preto \u2013 (17) 3227-2873<\/p>\n<p style=\"text-align: justify;\">\u2022 Sorocaba \u2013 (15) 3232-6844<\/p>\n<h2 class=\"wp-block-heading\" style=\"text-align: justify;\"><strong>Atividades<\/strong><\/h2>\n<p style=\"text-align: justify;\">H\u00e1 quase 90 anos, o SindusCon-SP defende o desenvolvimento das atividades das empresas voltadas para a \u00e1rea de constru\u00e7\u00e3o civil, buscando cada vez mais melhorias das condi\u00e7\u00f5es gerais do setor.<\/p>\n<p style=\"text-align: justify;\">Diante disso, o SindusCon-SP vislumbrou a possibilidade de contribuir com seus trabalhadores e os seus familiares promovendo h\u00e1 mais de dez anos um encontro que estimula a integra\u00e7\u00e3o da fam\u00edlia, pois colabora para a inova\u00e7\u00e3o, bem-estar, qualidade de vida e produtividade no trabalho.<\/p>\n<p style=\"text-align: justify;\">O ConstruSer ter\u00e1 como pontos focais: trabalhadores, mulheres, jovens e pessoas com defici\u00eancia.<\/p>\n<h2 class=\"wp-block-heading\" style=\"text-align: justify;\"><strong>PROGRAMA\u00c7\u00c3O PRELIMINAR<\/strong><\/h2>\n<p style=\"text-align: justify;\"><strong>8h \u00e0s 10h\u00a0<\/strong>| Recep\u00e7\u00e3o com caf\u00e9 da manh\u00e3<\/p>\n<p style=\"text-align: justify;\"><strong>10h | Abertura oficial<\/strong><\/p>\n<p style=\"text-align: justify;\"><strong>11h \u00e0s 15h\u00a0<\/strong>| Almo\u00e7o<\/p>\n<p style=\"text-align: justify;\"><strong>15h | Sorteio de brindes<\/strong><\/p>\n<p style=\"text-align: justify;\"><strong>15h \u00e0s 16h\u00a0<\/strong>| Lanche da tarde<\/p>\n<p style=\"text-align: justify;\"><strong>16h\u00a0<\/strong>| Encerramento<\/p>\n<p style=\"text-align: justify;\"><strong>8h \u00e0s 16h\u00a0<\/strong>| Atividades desenvolvidas simultaneamente<\/p>\n<h2 class=\"wp-block-heading\" style=\"text-align: justify;\"><strong>SETORES E SINALIZA\u00c7\u00c3O<\/strong><\/h2>\n<p style=\"text-align: justify;\">SETOR AMARELO: Nutri\u00e7\u00e3o e Alimenta\u00e7\u00e3o<\/p>\n<p style=\"text-align: justify;\">SETOR VERMELHO: Sa\u00fade.<\/p>\n<p style=\"text-align: justify;\">SETOR VERDE: Educa\u00e7\u00e3o, Arte e Criatividade (Gera\u00e7\u00e3o de Renda), Sustentabilidade, Educa\u00e7\u00e3o Financeira, Vida Saud\u00e1vel, Cultura, Sa\u00fade Seguran\u00e7a no Trabalho e no Lar.<\/p>\n<p style=\"text-align: justify;\">SETOR AZUL: \u00c1reas comuns, recep\u00e7\u00e3o, shows de bandas, sorteio de brindes etc.<\/p>\n<h2 class=\"wp-block-heading\" style=\"text-align: justify;\"><strong>OUTRAS ATIVIDADES<\/strong><\/h2>\n<p style=\"text-align: justify;\">Aqu\u00e1ticas: polo aqu\u00e1tico, biribol, hidrogin\u00e1stica recreativa, outras.<\/p>\n<p style=\"text-align: justify;\">Gin\u00e1stica em fam\u00edlia.<\/p>\n<p style=\"text-align: justify;\">Cultura: shows musicais, oficinas em teatro, dan\u00e7a e interven\u00e7\u00f5es art\u00edsticas.<\/p>\n<p style=\"text-align: justify;\">Brinquedos infl\u00e1veis: tobog\u00e3, centopeia, pula-pula e futebol de sab\u00e3o.<\/p>\n<p style=\"text-align: justify;\">Jogos de sal\u00e3o: dama, domin\u00f3, xadrez, t\u00eanis de mesa, pebolim e truco.<\/p>\n<p style=\"text-align: justify;\">Jogos e festivais de quadra: voleibol, basquetebol, t\u00eanis de campo, futebol e queimada.<\/p>\n<p style=\"text-align: justify;\">Jogos gigantes: xadrez, dama, domin\u00f3 e amarelinha.<\/p>\n<p style=\"text-align: justify;\">Brinquedos Tradicionais: chinel\u00e3o, peteca, pular corda, perna de pau, oficinas e soltura segura de pipas, cata-vento, bilboqu\u00ea, ioi\u00f4 e balangand\u00e3.<\/p>\n<p style=\"text-align: justify;\">Jogos Cooperativos: futpar, volen\u00e7ol, corrida do saco triplo e voleixiga.<\/p>\n<h2 class=\"wp-block-heading\" style=\"text-align: justify;\"><strong>Venha ser um volunt\u00e1rio no ConstruSer<\/strong><\/h2>\n<p style=\"text-align: justify;\">A realiza\u00e7\u00e3o do ConstruSer conta com volunt\u00e1rios que ir\u00e3o apoiar a opera\u00e7\u00e3o do evento em todo o Estado de S\u00e3o Paulo.<\/p>\n<p style=\"text-align: justify;\">Venha contribuir voc\u00ea tamb\u00e9m. Escolha a sua regi\u00e3o e inscreva-se. As atividades realizadas pelos volunt\u00e1rios no dia do evento s\u00e3o:<\/p>\n<p style=\"text-align: justify;\">\u2013 monitoramento;<\/p>\n<p style=\"text-align: justify;\">\u2013 informa\u00e7\u00e3o e Orienta\u00e7\u00e3o aos participantes;<\/p>\n<p style=\"text-align: justify;\">\u2013 distribui\u00e7\u00e3o de Tickets e Kits;<\/p>\n<p style=\"text-align: justify;\">\u2013 credenciamento<\/p>\n<p style=\"text-align: justify;\">entre outras.<\/p>\n<p style=\"text-align: justify;\">Todos os volunt\u00e1rios receber\u00e3o certificado de participa\u00e7\u00e3o. Inscreva-se\u00a0<a role=\"link\" href=\"https:\/\/forms.gle\/AhdjFzf2CJrqJFro9\" target=\"_blank\" rel=\"noopener\" data-type=\"link\" data-id=\"https:\/\/forms.gle\/AhdjFzf2CJrqJFro9\">aqui<\/a>.<\/p>\n<h2 class=\"wp-block-heading\" style=\"text-align: justify;\"><strong>Em tempo!<\/strong><\/h2>\n<p style=\"text-align: justify;\">Se sua empresa quiser patrocinar o evento entre em contato com Tatiane Santi \u2013 Setor Comercial:\u00a0<a role=\"link\" href=\"mailto:tsanti@sindusconsp.com.br\">tsanti@sindusconsp.com.br<\/a>\u00a0ou 11 99188-1593.<\/p>\n<h2 class=\"wp-block-heading\" style=\"text-align: justify;\"><strong>Sobre o SindusCon-SP<\/strong><\/h2>\n<p style=\"text-align: justify;\">SindusCon-SP \u00e9 a maior associa\u00e7\u00e3o de empresas da ind\u00fastria da constru\u00e7\u00e3o na Am\u00e9rica Latina. Congrega construtoras associadas e representa as cerca de 50 mil empresas de constru\u00e7\u00e3o residencial, industrial, comercial, obras de infraestrutura e habita\u00e7\u00e3o popular, localizadas no Estado de S\u00e3o Paulo. Tem sede na capital paulista, e representa\u00e7\u00f5es em nove regionais e uma delegacia nos principais munic\u00edpios do Interior. A constru\u00e7\u00e3o paulista representa 27,6% da constru\u00e7\u00e3o brasileira, que por sua vez equivale a 4% do PIB brasileiro.<\/p>\n<p style=\"text-align: justify;\"><span style=\"color: #993300;\"><strong>Informa\u00e7\u00f5es para a imprensa \u2013 Daniela Barbar\u00e1 \u2013 (11) 3334-5659 \/ 999837800 \u2013\u00a0dbarbara@sindusconsp.com.br<\/strong><\/span><\/p>\n<\/div>\n<\/div>\n<\/div>\n<\/div>\n<\/article>\n<\/div>\n<aside id=\"tm-sidebar\" class=\"tm-sidebar uk-width-1-3@l\">\n<div class=\"uk-child-width-1-1\">\n<div>\n<div id=\"custom_html-25\" class=\"uk-panel widget widget_custom_html\">\n<div class=\"textwidget custom-html-widget\" style=\"text-align: justify;\"><\/div>\n<\/div>\n<\/div>\n<\/div>\n<\/aside>\n","protected":false},"excerpt":{"rendered":"<p>Maior evento de responsabilidade social voltado para os trabalhadores da constru\u00e7\u00e3o civil e seus familiares O SindusCon-SP, em parceria com o Sesi-SP, Senai-SP e Seconci-SP, realizar\u00e1 gratuitamente para o trabalhador da constru\u00e7\u00e3o civil e sua fam\u00edlia a 13\u00aa Edi\u00e7\u00e3o do ConstruSer (Encontro Estadual da Constru\u00e7\u00e3o Civil em Fam\u00edlia), simultaneamente em S\u00e3o Paulo (Capital) e em [&hellip;]<\/p>\n","protected":false},"author":1,"featured_media":22580,"comment_status":"open","ping_status":"open","sticky":false,"template":"","format":"standard","meta":{"_uag_custom_page_level_css":"","footnotes":""},"categories":[27],"tags":[25836,25835,10351,11168],"class_list":["post-22579","post","type-post","status-publish","format-standard","has-post-thumbnail","hentry","category-acontece","tag-13a-construser","tag-cidadania-e-saude","tag-ribeirao-preto","tag-sinduscon-sp"],"blocksy_meta":[],"spectra_blocks_featured_image_url":{"thumbnail":{"url":"https:\/\/construcaocivil.siriusmarketingedesign.com.br\/wp-content\/uploads\/2023\/10\/WhatsApp-Image-2023-09-25-at-16.34.43-150x150.jpeg","width":150,"height":150},"medium":{"url":"https:\/\/construcaocivil.siriusmarketingedesign.com.br\/wp-content\/uploads\/2023\/10\/WhatsApp-Image-2023-09-25-at-16.34.43-300x173.jpeg","width":300,"height":173},"medium_large":{"url":"https:\/\/construcaocivil.siriusmarketingedesign.com.br\/wp-content\/uploads\/2023\/10\/WhatsApp-Image-2023-09-25-at-16.34.43-768x444.jpeg","width":768,"height":444},"large":{"url":"https:\/\/construcaocivil.siriusmarketingedesign.com.br\/wp-content\/uploads\/2023\/10\/WhatsApp-Image-2023-09-25-at-16.34.43-1024x592.jpeg","width":1024,"height":592},"full":{"url":"https:\/\/construcaocivil.siriusmarketingedesign.com.br\/wp-content\/uploads\/2023\/10\/WhatsApp-Image-2023-09-25-at-16.34.43.jpeg","width":1280,"height":740}},"spectra_blocks_author_info":{"display_name":"Jornal da Constru\u00e7\u00e3o Civil","avatar_url":"https:\/\/secure.gravatar.com\/avatar\/973c9774fd44ddaceb026973c4962faa70fc512bc4c9da68e8ebb40fecee6540?s=96&d=mm&r=g","author_link":"https:\/\/construcaocivil.siriusmarketingedesign.com.br\/?author=1","description":"Desde de 2013, levando muitas informa\u00e7\u00f5es, lan\u00e7amentos e produtos de qualidade para toda cadeia produtiva da constru\u00e7\u00e3o. O Futuro da constru\u00e7\u00e3o passa por aqui,"},"uagb_featured_image_src":{"full":["https:\/\/construcaocivil.siriusmarketingedesign.com.br\/wp-content\/uploads\/2023\/10\/WhatsApp-Image-2023-09-25-at-16.34.43.jpeg",1280,740,false],"thumbnail":["https:\/\/construcaocivil.siriusmarketingedesign.com.br\/wp-content\/uploads\/2023\/10\/WhatsApp-Image-2023-09-25-at-16.34.43-150x150.jpeg",150,150,true],"medium":["https:\/\/construcaocivil.siriusmarketingedesign.com.br\/wp-content\/uploads\/2023\/10\/WhatsApp-Image-2023-09-25-at-16.34.43-300x173.jpeg",300,173,true],"medium_large":["https:\/\/construcaocivil.siriusmarketingedesign.com.br\/wp-content\/uploads\/2023\/10\/WhatsApp-Image-2023-09-25-at-16.34.43-768x444.jpeg",768,444,true],"large":["https:\/\/construcaocivil.siriusmarketingedesign.com.br\/wp-content\/uploads\/2023\/10\/WhatsApp-Image-2023-09-25-at-16.34.43-1024x592.jpeg",1024,592,true],"1536x1536":["https:\/\/construcaocivil.siriusmarketingedesign.com.br\/wp-content\/uploads\/2023\/10\/WhatsApp-Image-2023-09-25-at-16.34.43.jpeg",1280,740,false],"2048x2048":["https:\/\/construcaocivil.siriusmarketingedesign.com.br\/wp-content\/uploads\/2023\/10\/WhatsApp-Image-2023-09-25-at-16.34.43.jpeg",1280,740,false]},"uagb_author_info":{"display_name":"Jornal da Constru\u00e7\u00e3o Civil","author_link":"https:\/\/construcaocivil.siriusmarketingedesign.com.br\/?author=1"},"uagb_comment_info":0,"uagb_excerpt":"Maior evento de responsabilidade social voltado para os trabalhadores da constru\u00e7\u00e3o civil e seus familiares O SindusCon-SP, em parceria com o Sesi-SP, Senai-SP e Seconci-SP, realizar\u00e1 gratuitamente para o trabalhador da constru\u00e7\u00e3o civil e sua fam\u00edlia a 13\u00aa Edi\u00e7\u00e3o do ConstruSer (Encontro Estadual da Constru\u00e7\u00e3o Civil em Fam\u00edlia), simultaneamente em S\u00e3o Paulo (Capital) e em&hellip;","_links":{"self":[{"href":"https:\/\/construcaocivil.siriusmarketingedesign.com.br\/index.php?rest_route=\/wp\/v2\/posts\/22579","targetHints":{"allow":["GET"]}}],"collection":[{"href":"https:\/\/construcaocivil.siriusmarketingedesign.com.br\/index.php?rest_route=\/wp\/v2\/posts"}],"about":[{"href":"https:\/\/construcaocivil.siriusmarketingedesign.com.br\/index.php?rest_route=\/wp\/v2\/types\/post"}],"author":[{"embeddable":true,"href":"https:\/\/construcaocivil.siriusmarketingedesign.com.br\/index.php?rest_route=\/wp\/v2\/users\/1"}],"replies":[{"embeddable":true,"href":"https:\/\/construcaocivil.siriusmarketingedesign.com.br\/index.php?rest_route=%2Fwp%2Fv2%2Fcomments&post=22579"}],"version-history":[{"count":0,"href":"https:\/\/construcaocivil.siriusmarketingedesign.com.br\/index.php?rest_route=\/wp\/v2\/posts\/22579\/revisions"}],"wp:featuredmedia":[{"embeddable":true,"href":"https:\/\/construcaocivil.siriusmarketingedesign.com.br\/index.php?rest_route=\/wp\/v2\/media\/22580"}],"wp:attachment":[{"href":"https:\/\/construcaocivil.siriusmarketingedesign.com.br\/index.php?rest_route=%2Fwp%2Fv2%2Fmedia&parent=22579"}],"wp:term":[{"taxonomy":"category","embeddable":true,"href":"https:\/\/construcaocivil.siriusmarketingedesign.com.br\/index.php?rest_route=%2Fwp%2Fv2%2Fcategories&post=22579"},{"taxonomy":"post_tag","embeddable":true,"href":"https:\/\/construcaocivil.siriusmarketingedesign.com.br\/index.php?rest_route=%2Fwp%2Fv2%2Ftags&post=22579"}],"curies":[{"name":"wp","href":"https:\/\/api.w.org\/{rel}","templated":true}]}}