{"id":2259,"date":"2016-06-23T18:12:55","date_gmt":"2016-06-23T18:12:55","guid":{"rendered":"http:\/\/www.jornaldaconstrucaocivil.com.br\/?p=2259"},"modified":"2016-06-23T18:12:55","modified_gmt":"2016-06-23T18:12:55","slug":"o-potencial-do-rio-de-janeiro-como-capital-do-setor-de-moda-sera-tema-da-casa-rio-negocios-da-moda","status":"publish","type":"post","link":"https:\/\/construcaocivil.siriusmarketingedesign.com.br\/?p=2259","title":{"rendered":"O potencial do Rio de Janeiro como capital do setor de Moda ser\u00e1 tema da Casa Rio \u2013 Neg\u00f3cios da Moda"},"content":{"rendered":"<p><strong><span style=\"color: #000000;\">A confer\u00eancia de Neg\u00f3cios da Moda da Casa Rio, o maior programa de neg\u00f3cios j\u00e1 realizado no pa\u00eds, ter\u00e1 na pauta o potencial do Rio de Janeiro como capital do setor no pa\u00eds, assim como as medidas necess\u00e1rias para desenvolver a ind\u00fastria no Brasil.<\/span><\/strong><\/p>\n<p><span style=\"color: #000000;\">A confer\u00eancia, marcada para 27 de junho, no Museu do Amanh\u00e3, ser\u00e1 dividido em dois macro temas de debate. O primeiro tema tratar\u00e1 do papel de institui\u00e7\u00f5es p\u00fablicas e privadas na promo\u00e7\u00e3o da ind\u00fastria de moda local e ter\u00e1 Caroline Rush, diretora executiva do British Fashion Council como keynote. Rush, que esta \u00e0 frente do \u00f3rg\u00e3o brit\u00e2nico desde 2009, transformou a ind\u00fastria de moda da Gr\u00e3-Bretanha em um celeiro de novos talentos reconhecidos internacionalmente.<\/span><\/p>\n<p><span style=\"color: #000000;\">O impacto da quarta revolu\u00e7\u00e3o industrial e as inova\u00e7\u00f5es que impulsionam o setor de moda ser\u00e1 o segundo macro tema do evento. O professor Flavio Bruno,\u00a0 autor do livro <em>\u201cQuarta Revolu\u00e7\u00e3o Industrial do setor t\u00eaxtil e confec\u00e7\u00e3o: A vis\u00e3o de futuro para 2030\u201d<\/em> ser\u00e1 o keynote do painel. Em pauta, novas plataformas digitais que descentralizam a produ\u00e7\u00e3o, promo\u00e7\u00e3o e comercializa\u00e7\u00e3o da moda.<\/span><\/p>\n<p><strong>Programa\u00e7\u00e3o e<\/strong>\u00a0<strong>Inscri\u00e7\u00f5es <a href=\"http:\/\/rio-negocios.com\/casa-rio-register\/\" target=\"_blank\">aqui<\/a><\/strong><\/p>\n<p><span style=\"color: #000000;\">Fonte: Assessoria de Imprensa Rio Neg\u00f3cios<\/span><\/p>\n","protected":false},"excerpt":{"rendered":"<p>A confer\u00eancia de Neg\u00f3cios da Moda da Casa Rio, o maior programa de neg\u00f3cios j\u00e1 realizado no pa\u00eds, ter\u00e1 na pauta o potencial do Rio de Janeiro como capital do setor no pa\u00eds, assim como as medidas necess\u00e1rias para desenvolver a ind\u00fastria no Brasil. A confer\u00eancia, marcada para 27 de junho, no Museu do Amanh\u00e3, [&hellip;]<\/p>\n","protected":false},"author":1,"featured_media":0,"comment_status":"open","ping_status":"open","sticky":false,"template":"","format":"standard","meta":{"_uag_custom_page_level_css":"","footnotes":""},"categories":[27],"tags":[1952,6032,7781,8026,8077,10368,11036],"class_list":["post-2259","post","type-post","status-publish","format-standard","hentry","category-acontece","tag-casa-rio","tag-industria-da-moda","tag-moda","tag-museu-do-amanha","tag-negocios-da-moda","tag-rio-2016","tag-setor-textil-e-confeccao"],"blocksy_meta":[],"spectra_blocks_featured_image_url":null,"spectra_blocks_author_info":{"display_name":"Jornal da Constru\u00e7\u00e3o Civil","avatar_url":"https:\/\/secure.gravatar.com\/avatar\/973c9774fd44ddaceb026973c4962faa70fc512bc4c9da68e8ebb40fecee6540?s=96&d=mm&r=g","author_link":"https:\/\/construcaocivil.siriusmarketingedesign.com.br\/?author=1","description":"Desde de 2013, levando muitas informa\u00e7\u00f5es, lan\u00e7amentos e produtos de qualidade para toda cadeia produtiva da constru\u00e7\u00e3o. O Futuro da constru\u00e7\u00e3o passa por aqui,"},"uagb_featured_image_src":{"full":false,"thumbnail":false,"medium":false,"medium_large":false,"large":false,"1536x1536":false,"2048x2048":false},"uagb_author_info":{"display_name":"Jornal da Constru\u00e7\u00e3o Civil","author_link":"https:\/\/construcaocivil.siriusmarketingedesign.com.br\/?author=1"},"uagb_comment_info":0,"uagb_excerpt":"A confer\u00eancia de Neg\u00f3cios da Moda da Casa Rio, o maior programa de neg\u00f3cios j\u00e1 realizado no pa\u00eds, ter\u00e1 na pauta o potencial do Rio de Janeiro como capital do setor no pa\u00eds, assim como as medidas necess\u00e1rias para desenvolver a ind\u00fastria no Brasil. A confer\u00eancia, marcada para 27 de junho, no Museu do Amanh\u00e3,&hellip;","_links":{"self":[{"href":"https:\/\/construcaocivil.siriusmarketingedesign.com.br\/index.php?rest_route=\/wp\/v2\/posts\/2259","targetHints":{"allow":["GET"]}}],"collection":[{"href":"https:\/\/construcaocivil.siriusmarketingedesign.com.br\/index.php?rest_route=\/wp\/v2\/posts"}],"about":[{"href":"https:\/\/construcaocivil.siriusmarketingedesign.com.br\/index.php?rest_route=\/wp\/v2\/types\/post"}],"author":[{"embeddable":true,"href":"https:\/\/construcaocivil.siriusmarketingedesign.com.br\/index.php?rest_route=\/wp\/v2\/users\/1"}],"replies":[{"embeddable":true,"href":"https:\/\/construcaocivil.siriusmarketingedesign.com.br\/index.php?rest_route=%2Fwp%2Fv2%2Fcomments&post=2259"}],"version-history":[{"count":0,"href":"https:\/\/construcaocivil.siriusmarketingedesign.com.br\/index.php?rest_route=\/wp\/v2\/posts\/2259\/revisions"}],"wp:attachment":[{"href":"https:\/\/construcaocivil.siriusmarketingedesign.com.br\/index.php?rest_route=%2Fwp%2Fv2%2Fmedia&parent=2259"}],"wp:term":[{"taxonomy":"category","embeddable":true,"href":"https:\/\/construcaocivil.siriusmarketingedesign.com.br\/index.php?rest_route=%2Fwp%2Fv2%2Fcategories&post=2259"},{"taxonomy":"post_tag","embeddable":true,"href":"https:\/\/construcaocivil.siriusmarketingedesign.com.br\/index.php?rest_route=%2Fwp%2Fv2%2Ftags&post=2259"}],"curies":[{"name":"wp","href":"https:\/\/api.w.org\/{rel}","templated":true}]}}