{"id":226,"date":"2015-10-21T13:45:38","date_gmt":"2015-10-21T13:45:38","guid":{"rendered":"http:\/\/www.jornaldaconstrucaocivil.com.br\/?p=226"},"modified":"2015-10-21T13:45:38","modified_gmt":"2015-10-21T13:45:38","slug":"intercon-comeca-hoje-21-em-joinville","status":"publish","type":"post","link":"https:\/\/construcaocivil.siriusmarketingedesign.com.br\/?p=226","title":{"rendered":"Intercon come\u00e7a hoje, 21, em Joinville"},"content":{"rendered":"<p style=\"text-align: left;\" align=\"CENTER\"><span style=\"color: #000080;\">Tudo pronto para a feira de constru\u00e7\u00e3o civil mais representativa dos estados de Santa Catarina e Paran\u00e1<\/span><\/p>\n<p align=\"JUSTIFY\"><span style=\"color: #000000;\">Voltada para um p\u00fablico bem qualificado do segmento, como revendas, construtores, arquitetos, engenheiros, profissionais e consumidor final, a Intercon 2015 ter\u00e1 80 marcas expositoras apresentando tend\u00eancias e lan\u00e7amentos em acess\u00f3rios, metais, m\u00f3veis, automa\u00e7\u00e3o, ilumina\u00e7\u00e3o, geradores, m\u00e1quinas e equipamentos diversos, portas, revestimentos, funda\u00e7\u00f5es e estruturas, servi\u00e7os de seguran\u00e7a, empreendimentos imobili\u00e1rios, aquecedores, ar condicionados e produtos para a constru\u00e7\u00e3o civil.<\/span><\/p>\n<p align=\"JUSTIFY\"><span style=\"color: #000000;\">A expectativa da Messe Brasil, organizadora, \u00e9 de que os produtos e servi\u00e7os apresentados por expositores nacionais &#8211; Santa Catarina, Paran\u00e1, Rio Grande do Sul, S\u00e3o Paulo e Rio de Janeiro &#8211; e de Taiwan atraiam 20 mil visitantes nos quatro dias de realiza\u00e7\u00e3o (21 e 24 de outubro) e gerem cerca de R$ 110 milh\u00f5es em neg\u00f3cios num per\u00edodo de doze meses.<\/span><\/p>\n<p align=\"JUSTIFY\"><span style=\"color: #000000;\">Para alavancar os neg\u00f3cios provenientes da feira, a 11\u00aa Intercon realiza, paralelamente, a 1\u00aa Rodada de Neg\u00f3cios da Constru\u00e7\u00e3o Civil em parceria com a Bolsa de Neg\u00f3cios e Subcontrata\u00e7\u00e3o de Santa Catarina \u2013 BNS\/SC. Ser\u00e3o 44 construtoras que ter\u00e3o reuni\u00f5es individuais e previamente agendadas com 78 fornecedoras, a fim de negociarem produtos, servi\u00e7os, pre\u00e7os, prazos e condi\u00e7\u00f5es.<\/span><\/p>\n<p align=\"JUSTIFY\"><span style=\"color: #000000;\">Ainda simultaneamente acontecem o Congresso T\u00e9cnico de Constru\u00e7\u00e3o Civil, Arquitetura e Urbanismo (Cintec) \u2013 com cinco palestras e cinco minicursos &#8211; e o 1\u00ba Sal\u00e3o Imobili\u00e1rio Clube do Im\u00f3vel. O Cintec tamb\u00e9m abrir\u00e1 hoje, 21, \u00e0s 19h30 com a palestra &#8220;Constru\u00e7\u00e3o Civil: conceito x mercado&#8221; por Cl\u00f3vis Steffen de Albuquerque Filho, da Construtora San Remo (Curitiba).<\/span><\/p>\n<p align=\"JUSTIFY\"><span style=\"color: #000000;\">A entrada na Intercon \u00e9 gratuita. Para credenciamento antecipado e mais informa\u00e7\u00f5es, visite o site da feira <span style=\"color: #000080;\"><a style=\"color: #000080;\" href=\"http:\/\/www.feiraintercon.com.br\/\"><u><span lang=\"\">www.feiraintercon.com.br<\/span><\/u><\/a><\/span><span lang=\"\"><span style=\"color: #000080;\">.<\/span> O estacionamento da Expoville custar\u00e1 R$ 10,00. Em caso de d\u00favidas, entre em contato com a Messe Brasil atrav\u00e9s do telefone (47) 3451-3000.<\/span><\/span><\/p>\n<p><span style=\"color: #000000;\">Servi\u00e7o<\/span><\/p>\n<p><span style=\"color: #000000;\">Intercon 2015 \u2013 Feira e Congresso da Constru\u00e7\u00e3o Civil<\/span><\/p>\n<p><span style=\"color: #000000;\"><u><\/u><a style=\"color: #000000;\" href=\"http:\/\/www.feiraintercon.com.br\/\"><u><span lang=\"\">www.feiraintercon.com.br<\/span><\/u><\/a><\/span><\/p>\n<p><span style=\"color: #000000;\">Data: 21 a 24 de outubro de 2015<\/span><\/p>\n<p><span style=\"color: #000000;\">Hor\u00e1rio: 15h \u00e0s 22h (s\u00e1bado das 13h \u00e0s 19h)<\/span><\/p>\n<p><span style=\"color: #000000;\">Local: Expoville \u2013 Joinville\/SC<\/span><\/p>\n<p><span style=\"color: #000000;\">Organiza\u00e7\u00e3o: Messe Brasil<\/span><\/p>\n<p align=\"JUSTIFY\">\n","protected":false},"excerpt":{"rendered":"<p>Tudo pronto para a feira de constru\u00e7\u00e3o civil mais representativa dos estados de Santa Catarina e Paran\u00e1 Voltada para um p\u00fablico bem qualificado do segmento, como revendas, construtores, arquitetos, engenheiros, profissionais e consumidor final, a Intercon 2015 ter\u00e1 80 marcas expositoras apresentando tend\u00eancias e lan\u00e7amentos em acess\u00f3rios, metais, m\u00f3veis, automa\u00e7\u00e3o, ilumina\u00e7\u00e3o, geradores, m\u00e1quinas e equipamentos [&hellip;]<\/p>\n","protected":false},"author":1,"featured_media":0,"comment_status":"open","ping_status":"open","sticky":false,"template":"","format":"quote","meta":{"_uag_custom_page_level_css":"","footnotes":""},"categories":[27],"tags":[2302,2825,4777,6271],"class_list":["post-226","post","type-post","status-publish","format-quote","hentry","category-acontece","tag-cintec","tag-construcao-ciivl","tag-expoville","tag-intercom","post_format-post-format-quote"],"blocksy_meta":[],"spectra_blocks_featured_image_url":null,"spectra_blocks_author_info":{"display_name":"Jornal da Constru\u00e7\u00e3o Civil","avatar_url":"https:\/\/secure.gravatar.com\/avatar\/973c9774fd44ddaceb026973c4962faa70fc512bc4c9da68e8ebb40fecee6540?s=96&d=mm&r=g","author_link":"https:\/\/construcaocivil.siriusmarketingedesign.com.br\/?author=1","description":"Desde de 2013, levando muitas informa\u00e7\u00f5es, lan\u00e7amentos e produtos de qualidade para toda cadeia produtiva da constru\u00e7\u00e3o. O Futuro da constru\u00e7\u00e3o passa por aqui,"},"uagb_featured_image_src":{"full":false,"thumbnail":false,"medium":false,"medium_large":false,"large":false,"1536x1536":false,"2048x2048":false},"uagb_author_info":{"display_name":"Jornal da Constru\u00e7\u00e3o Civil","author_link":"https:\/\/construcaocivil.siriusmarketingedesign.com.br\/?author=1"},"uagb_comment_info":0,"uagb_excerpt":"Tudo pronto para a feira de constru\u00e7\u00e3o civil mais representativa dos estados de Santa Catarina e Paran\u00e1 Voltada para um p\u00fablico bem qualificado do segmento, como revendas, construtores, arquitetos, engenheiros, profissionais e consumidor final, a Intercon 2015 ter\u00e1 80 marcas expositoras apresentando tend\u00eancias e lan\u00e7amentos em acess\u00f3rios, metais, m\u00f3veis, automa\u00e7\u00e3o, ilumina\u00e7\u00e3o, geradores, m\u00e1quinas e equipamentos&hellip;","_links":{"self":[{"href":"https:\/\/construcaocivil.siriusmarketingedesign.com.br\/index.php?rest_route=\/wp\/v2\/posts\/226","targetHints":{"allow":["GET"]}}],"collection":[{"href":"https:\/\/construcaocivil.siriusmarketingedesign.com.br\/index.php?rest_route=\/wp\/v2\/posts"}],"about":[{"href":"https:\/\/construcaocivil.siriusmarketingedesign.com.br\/index.php?rest_route=\/wp\/v2\/types\/post"}],"author":[{"embeddable":true,"href":"https:\/\/construcaocivil.siriusmarketingedesign.com.br\/index.php?rest_route=\/wp\/v2\/users\/1"}],"replies":[{"embeddable":true,"href":"https:\/\/construcaocivil.siriusmarketingedesign.com.br\/index.php?rest_route=%2Fwp%2Fv2%2Fcomments&post=226"}],"version-history":[{"count":0,"href":"https:\/\/construcaocivil.siriusmarketingedesign.com.br\/index.php?rest_route=\/wp\/v2\/posts\/226\/revisions"}],"wp:attachment":[{"href":"https:\/\/construcaocivil.siriusmarketingedesign.com.br\/index.php?rest_route=%2Fwp%2Fv2%2Fmedia&parent=226"}],"wp:term":[{"taxonomy":"category","embeddable":true,"href":"https:\/\/construcaocivil.siriusmarketingedesign.com.br\/index.php?rest_route=%2Fwp%2Fv2%2Fcategories&post=226"},{"taxonomy":"post_tag","embeddable":true,"href":"https:\/\/construcaocivil.siriusmarketingedesign.com.br\/index.php?rest_route=%2Fwp%2Fv2%2Ftags&post=226"}],"curies":[{"name":"wp","href":"https:\/\/api.w.org\/{rel}","templated":true}]}}