{"id":22600,"date":"2023-10-27T09:47:13","date_gmt":"2023-10-27T12:47:13","guid":{"rendered":"https:\/\/www.jornaldaconstrucaocivil.com.br\/?p=22600"},"modified":"2023-10-27T09:47:13","modified_gmt":"2023-10-27T12:47:13","slug":"de-olho-no-novopac-saiba-como-participar","status":"publish","type":"post","link":"https:\/\/construcaocivil.siriusmarketingedesign.com.br\/?p=22600","title":{"rendered":"De olho no #NOVOPAC: saiba como participar!"},"content":{"rendered":"<div class=\"documentDescription\" style=\"text-align: justify;\"><em><strong>Munic\u00edpios e Estados devem cumprir todos os requisitos, crit\u00e9rios e objetivos de cada \u00e1rea<\/strong><\/em><\/div>\n<p style=\"text-align: justify;\">\n<div class=\"\" style=\"text-align: justify;\">\n<div id=\"content\">\n<article>\n<div id=\"content-core\">\n<div id=\"parent-fieldname-text\" class=\"\">\n<div>\n<p><span style=\"color: #0000ff;\">Bras\u00edlia<\/span> &#8211; At\u00e9 o pr\u00f3ximo dia 10 de novembro, o Novo PAC Sele\u00e7\u00f5es recebe as inscri\u00e7\u00f5es de projetos para a realiza\u00e7\u00e3o de obras com recursos destinados pelo Governo Federal. Os Governos Municipais e Estaduais de todo o Brasil podem enviar suas propostas, de acordo com os editais abertos pelos Minist\u00e9rios da Educa\u00e7\u00e3o, da Sa\u00fade, das Cidades, da Cultura, dos Esportes e da Justi\u00e7a e Seguran\u00e7a P\u00fablica.<\/p>\n<p>Os editais j\u00e1 t\u00eam reservado R$ 136 bilh\u00f5es para as obras. Na primeira etapa de sele\u00e7\u00e3o, ser\u00e3o R$ 65,2 bilh\u00f5es e, na segunda, R$ 70,8 bilh\u00f5es. Para al\u00e9m dos valores j\u00e1 garantidos, h\u00e1 a possibilidade de amplia\u00e7\u00e3o de recursos por meio de emendas parlamentares.<\/p>\n<p>Para submeter os projetos \u00e0 avalia\u00e7\u00e3o dos Minist\u00e9rios, as prefeituras e governos estaduais devem se atentar para todos os requisitos, crit\u00e9rios e objetivos de cada eixo. Todas as informa\u00e7\u00f5es e orienta\u00e7\u00f5es est\u00e3o reunidas na p\u00e1gina gov.br\/casacivil\/novopac\/sele\u00e7\u00f5es.<\/p>\n<p>Abaixo, seguem os links para acesso aos manuais, editais, portarias e instru\u00e7\u00f5es normativas e e-mails disponibilizados por cada minist\u00e9rio para esclarecimentos e d\u00favidas.<\/p>\n<p>&nbsp;<\/p>\n<p><strong>Editais e manuais por \u00e1reas e eixos<\/strong><\/p>\n<p>&nbsp;<\/p>\n<p><strong>\u00c1gua para Todos<\/strong><\/p>\n<p>Abastecimento de \u00c1gua \u2013 Urbano<\/p>\n<p><a href=\"https:\/\/www.gov.br\/casacivil\/novopac\/selecoes\/eixos\/arquivos\/instrucao-normativa-39-2012_propostas-fgts\" target=\"_blank\" rel=\"noopener\">Instru\u00e7\u00e3o Normativa 39 2012_Propostas FGTS<\/a><\/p>\n<p><a href=\"https:\/\/www.gov.br\/casacivil\/novopac\/selecoes\/eixos\/arquivos\/manual-propostas-ogu_abastecimento-de-agua-urbano\" target=\"_blank\" rel=\"noopener\" data-tippreview-image=\"\" data-tippreview-title=\"\" data-tippreview-enabled=\"true\" data-tippy=\"\">Manual Propostas OGU_Abastecimento de \u00c1gua &#8211; Urbano<\/a><\/p>\n<p><a href=\"https:\/\/www.gov.br\/casacivil\/novopac\/selecoes\/eixos\/arquivos\/portaria-mcid-1273-selecao-novo-pac-2023\" target=\"_blank\" rel=\"noopener\" data-tippreview-image=\"\" data-tippreview-title=\"\" data-tippreview-enabled=\"true\" data-tippy=\"\">Portaria MCID 1273 &#8211; Sele\u00e7\u00e3o Novo PAC 2023<\/a><\/p>\n<p>&nbsp;<\/p>\n<p>Abastecimento de \u00c1gua &#8211; Rural &#8211; Sistemas Simplificados<\/p>\n<p><a href=\"https:\/\/www.gov.br\/casacivil\/novopac\/selecoes\/eixos\/arquivos\/manual-propostas-ogu_abastecimento-de-agua-rural\" target=\"_blank\" rel=\"noopener\">Manual Propostas OGU_Abastecimento de \u00c1gua &#8211; Rural<\/a><\/p>\n<p><a href=\"https:\/\/www.gov.br\/casacivil\/novopac\/selecoes\/eixos\/arquivos\/portaria-mcid-1273-selecao-novo-pac-2023\" target=\"_blank\" rel=\"noopener\" data-tippreview-image=\"\" data-tippreview-title=\"\" data-tippreview-enabled=\"false\">Portaria MCID 1273 &#8211; Sele\u00e7\u00e3o Novo PAC 2023<\/a><\/p>\n<p>&nbsp;<\/p>\n<p><strong>Cidades Sustent\u00e1veis e Resilientes<\/strong><\/p>\n<p>Esgotamento Sanit\u00e1rio \u2013 Cidades<\/p>\n<p><a href=\"https:\/\/www.gov.br\/casacivil\/novopac\/selecoes\/eixos\/arquivos\/instrucao-normativa-39-2012_propostas-fgts\" target=\"_blank\" rel=\"noopener\">Instru\u00e7\u00e3o Normativa 39 2012_Propostas FGTS<\/a><\/p>\n<p><a href=\"https:\/\/www.gov.br\/casacivil\/novopac\/selecoes\/eixos\/arquivos\/manual-propostas-ogu_esgotamento-sanitario\" target=\"_blank\" rel=\"noopener\" data-tippreview-image=\"\" data-tippreview-title=\"\" data-tippreview-enabled=\"false\">Manual Propostas OGU_Esgotamento Sanit\u00e1rio<\/a><\/p>\n<p><a href=\"https:\/\/www.gov.br\/casacivil\/novopac\/selecoes\/eixos\/arquivos\/portaria-mcid-1273-selecao-novo-pac-2023\" target=\"_blank\" rel=\"noopener\" data-tippreview-image=\"\" data-tippreview-title=\"\" data-tippreview-enabled=\"false\">Portaria MCID 1273 &#8211; Sele\u00e7\u00e3o Novo PAC 2023<\/a><\/p>\n<p>&nbsp;<\/p>\n<p>Mobilidade Urbana &#8211; Grandes e M\u00e9dias Cidades<\/p>\n<p><a href=\"https:\/\/www.gov.br\/casacivil\/novopac\/selecoes\/eixos\/arquivos\/manual-propostas-ogu-e-fgts_grandes-e-medias-cidades\" target=\"_blank\" rel=\"noopener\">Manual Propostas OGU e FGTS_Grandes e M\u00e9dias Cidades<\/a><\/p>\n<p><a href=\"https:\/\/www.gov.br\/casacivil\/novopac\/selecoes\/eixos\/arquivos\/portaria-mcid-1273-selecao-novo-pac-2023\" target=\"_blank\" rel=\"noopener\" data-tippreview-image=\"\" data-tippreview-title=\"\" data-tippreview-enabled=\"false\">Portaria MCID 1273 &#8211; Sele\u00e7\u00e3o Novo PAC 2023<\/a><\/p>\n<p>&nbsp;<\/p>\n<p>Periferia Viva &#8211; Urbaniza\u00e7\u00e3o de Favelas<\/p>\n<p><a href=\"https:\/\/www.gov.br\/casacivil\/novopac\/selecoes\/eixos\/arquivos\/manual-propostas_periferia-viva\" target=\"_blank\" rel=\"noopener\">Manual Propostas_Periferia Viva<\/a><\/p>\n<p><a href=\"https:\/\/www.gov.br\/casacivil\/novopac\/selecoes\/eixos\/arquivos\/portaria-mcid-1273-selecao-novo-pac-2023\" target=\"_blank\" rel=\"noopener\" data-tippreview-image=\"\" data-tippreview-title=\"\" data-tippreview-enabled=\"false\">Portaria MCID 1273 &#8211; Sele\u00e7\u00e3o Novo PAC 2023<\/a><\/p>\n<p>&nbsp;<\/p>\n<p>Preven\u00e7\u00e3o a Desastres Naturais: Drenagem Urbana<\/p>\n<p><a href=\"https:\/\/www.gov.br\/casacivil\/novopac\/selecoes\/eixos\/arquivos\/instrucao-normativa-39-2012_propostas-fgts\" target=\"_blank\" rel=\"noopener\">Instru\u00e7\u00e3o Normativa 39 2012_Propostas FGTS<\/a><\/p>\n<p><a href=\"https:\/\/www.gov.br\/casacivil\/novopac\/selecoes\/eixos\/arquivos\/manual-propostas-ogu_drenagem-urbana\" target=\"_blank\" rel=\"noopener\" data-tippreview-image=\"\" data-tippreview-title=\"\" data-tippreview-enabled=\"false\">Manual Propostas OGU_Drenagem Urbana<\/a><\/p>\n<p><a href=\"https:\/\/www.gov.br\/casacivil\/novopac\/selecoes\/eixos\/arquivos\/portaria-mcid-1273-selecao-novo-pac-2023\" target=\"_blank\" rel=\"noopener\" data-tippreview-image=\"\" data-tippreview-title=\"\" data-tippreview-enabled=\"false\">Portaria MCID 1273 &#8211; Sele\u00e7\u00e3o Novo PAC 2023<\/a><\/p>\n<p>&nbsp;<\/p>\n<p>Preven\u00e7\u00e3o a Desastres Naturais: Conten\u00e7\u00e3o de Encostas<\/p>\n<p><a href=\"https:\/\/www.gov.br\/casacivil\/novopac\/selecoes\/eixos\/arquivos\/manual-propostas_contecao-de-encostas\" target=\"_blank\" rel=\"noopener\">Manual Propostas_Conte\u00e7\u00e3o de Encostas<\/a><\/p>\n<p><a href=\"https:\/\/www.gov.br\/casacivil\/novopac\/selecoes\/eixos\/arquivos\/portaria-mcid-1273-selecao-novo-pac-2023\" target=\"_blank\" rel=\"noopener\" data-tippreview-image=\"\" data-tippreview-title=\"\" data-tippreview-enabled=\"false\">Portaria MCID 1273 &#8211; Sele\u00e7\u00e3o Novo PAC 2023<\/a><\/p>\n<p>&nbsp;<\/p>\n<p>Regulariza\u00e7\u00e3o Fundi\u00e1ria<\/p>\n<p><a href=\"https:\/\/www.gov.br\/casacivil\/novopac\/selecoes\/eixos\/arquivos\/manual-propostas_regularizacao-fundiaria\" target=\"_blank\" rel=\"noopener\">Manual Propostas_Regulariza\u00e7\u00e3o Fundi\u00e1ria<\/a><\/p>\n<p><a href=\"https:\/\/www.gov.br\/casacivil\/novopac\/selecoes\/eixos\/arquivos\/portaria-mcid-1273-selecao-novo-pac-2023\" target=\"_blank\" rel=\"noopener\" data-tippreview-image=\"\" data-tippreview-title=\"\" data-tippreview-enabled=\"false\">Portaria MCID 1273 &#8211; Sele\u00e7\u00e3o Novo PAC 2023<\/a><\/p>\n<p>&nbsp;<\/p>\n<p>Renova\u00e7\u00e3o de Frota<\/p>\n<p><a href=\"https:\/\/www.gov.br\/casacivil\/novopac\/selecoes\/eixos\/arquivos\/manual-propostas-fgts_renovacao-de-frota\" target=\"_blank\" rel=\"noopener\">Manual Propostas FGTS_Renova\u00e7\u00e3o de Frota<\/a><\/p>\n<p><a href=\"https:\/\/www.gov.br\/casacivil\/novopac\/selecoes\/eixos\/arquivos\/portaria-mcid-1273-selecao-novo-pac-2023\" target=\"_blank\" rel=\"noopener\" data-tippreview-image=\"\" data-tippreview-title=\"\" data-tippreview-enabled=\"false\">Portaria MCID 1273 &#8211; Sele\u00e7\u00e3o Novo PAC 2023<\/a><\/p>\n<p>&nbsp;<\/p>\n<p>Res\u00edduos S\u00f3lidos<\/p>\n<p><a href=\"https:\/\/www.gov.br\/casacivil\/novopac\/selecoes\/eixos\/arquivos\/instrucao-normativa-39-2012_propostas-fgts\" target=\"_blank\" rel=\"noopener\">Instru\u00e7\u00e3o Normativa 39 2012_Propostas FGTS<\/a><\/p>\n<p><a href=\"https:\/\/www.gov.br\/casacivil\/novopac\/selecoes\/eixos\/arquivos\/manual-propostas-ogu_gestao-de-residuos-solidos\" target=\"_blank\" rel=\"noopener\" data-tippreview-image=\"\" data-tippreview-title=\"\" data-tippreview-enabled=\"false\">Manual Propostas OGU_Gest\u00e3o de Res\u00edduos S\u00f3lidos<\/a><\/p>\n<p><a href=\"https:\/\/www.gov.br\/casacivil\/novopac\/selecoes\/eixos\/arquivos\/portaria-mcid-1273-selecao-novo-pac-2023\" target=\"_blank\" rel=\"noopener\" data-tippreview-image=\"\" data-tippreview-title=\"\" data-tippreview-enabled=\"false\">Portaria MCID 1273 &#8211; Sele\u00e7\u00e3o Novo PAC 2023<\/a><\/p>\n<p>&nbsp;<\/p>\n<p><strong>Educa\u00e7\u00e3o, Ci\u00eancia e Tecnologia<\/strong><\/p>\n<p>Creches e Escolas de Educa\u00e7\u00e3o Infantil<\/p>\n<p><a href=\"https:\/\/www.gov.br\/casacivil\/novopac\/selecoes\/eixos\/arquivos\/manual-de-selecao_creches-e-pre-escolas\" target=\"_blank\" rel=\"noopener\">Manual de Sele\u00e7\u00e3o_Creches e Pr\u00e9-escolas<\/a><\/p>\n<p><a href=\"https:\/\/www.gov.br\/casacivil\/novopac\/selecoes\/eixos\/arquivos\/resolucao-mec-fnde-20-selecao-novo-pac-2023\" target=\"_blank\" rel=\"noopener\" data-tippreview-image=\"\" data-tippreview-title=\"\" data-tippreview-enabled=\"false\">Resolu\u00e7\u00e3o MEC FNDE 20 &#8211; Sele\u00e7\u00e3o Novo PAC 2023<\/a><\/p>\n<p>&nbsp;<\/p>\n<p>Escolas em Tempo Integral<\/p>\n<p><a href=\"https:\/\/www.gov.br\/casacivil\/novopac\/selecoes\/eixos\/arquivos\/manual-de-selecao_escolas-tempo-integral\" target=\"_blank\" rel=\"noopener\">Manual de Sele\u00e7\u00e3o_Escolas Tempo Integral<\/a><\/p>\n<p><a href=\"https:\/\/www.gov.br\/casacivil\/novopac\/selecoes\/eixos\/arquivos\/resolucao-mec-fnde-20-selecao-novo-pac-2023\" target=\"_blank\" rel=\"noopener\" data-tippreview-image=\"\" data-tippreview-title=\"\" data-tippreview-enabled=\"false\">Resolu\u00e7\u00e3o MEC FNDE 20 &#8211; Sele\u00e7\u00e3o Novo PAC 2023<\/a><\/p>\n<p>&nbsp;<\/p>\n<p>Transporte Escolar<\/p>\n<p><a href=\"https:\/\/www.gov.br\/casacivil\/novopac\/selecoes\/eixos\/arquivos\/manual-de-selecao_transporte-escolar\" target=\"_blank\" rel=\"noopener\">Manual de Sele\u00e7\u00e3o_Transporte Escolar<\/a><\/p>\n<p><a href=\"https:\/\/www.gov.br\/casacivil\/novopac\/selecoes\/eixos\/arquivos\/resolucao-mec-fnde-20-selecao-novo-pac-2023\" target=\"_blank\" rel=\"noopener\" data-tippreview-image=\"\" data-tippreview-title=\"\" data-tippreview-enabled=\"false\">Resolu\u00e7\u00e3o MEC FNDE 20 &#8211; Sele\u00e7\u00e3o Novo PAC 2023<\/a><\/p>\n<p>&nbsp;<\/p>\n<p>&nbsp;<\/p>\n<p><strong>Infraestrutura Social Inclusiva<\/strong><\/p>\n<p>CONVIVE &#8211; Centro Comunit\u00e1rio pela Vida<\/p>\n<p><a href=\"https:\/\/www.gov.br\/casacivil\/novopac\/selecoes\/eixos\/arquivos\/manual-de-selecao_convive\" target=\"_blank\" rel=\"noopener\">Manual de Sele\u00e7\u00e3o_CONVIVE<\/a><\/p>\n<p><a href=\"https:\/\/www.gov.br\/casacivil\/novopac\/selecoes\/eixos\/arquivos\/edital-mjsp-48-2023-selecao-novo-pac-2023\" target=\"_blank\" rel=\"noopener\" data-tippreview-image=\"\" data-tippreview-title=\"\" data-tippreview-enabled=\"false\">Edital MJSP 48 2023 &#8211; Sele\u00e7\u00e3o Novo PAC 2023<\/a><\/p>\n<p>&nbsp;<\/p>\n<p>CEU da Cultura\u200b\u200b\u200b<\/p>\n<p><a href=\"https:\/\/www.gov.br\/casacivil\/novopac\/selecoes\/eixos\/arquivos\/manual-de-selecao_ceus-da-cultura\" target=\"_blank\" rel=\"noopener\">Manual de Sele\u00e7\u00e3o_C\u00e9us da Cultura<\/a><\/p>\n<p><a href=\"https:\/\/www.gov.br\/casacivil\/novopac\/selecoes\/eixos\/arquivos\/portaria-minc-74-selecao-novo-pac-2023\" target=\"_blank\" rel=\"noopener\" data-tippreview-image=\"\" data-tippreview-title=\"\" data-tippreview-enabled=\"false\">Portaria MINC 74 &#8211; Sele\u00e7\u00e3o Novo PAC 2023<\/a><\/p>\n<p>&nbsp;<\/p>\n<p>Espa\u00e7os Esportivos Comunit\u00e1rios<\/p>\n<p><a href=\"https:\/\/www.gov.br\/casacivil\/novopac\/selecoes\/eixos\/arquivos\/manual-de-selecao_-espacos-esportivos\" target=\"_blank\" rel=\"noopener\">Manual de Sele\u00e7\u00e3o_ Espa\u00e7os Esportivos<\/a><\/p>\n<p><a href=\"https:\/\/www.gov.br\/casacivil\/novopac\/selecoes\/eixos\/arquivos\/portaria-mesp-66-selecao-novo-pac-2023\" target=\"_blank\" rel=\"noopener\" data-tippreview-image=\"\" data-tippreview-title=\"\" data-tippreview-enabled=\"false\">Portaria MESP 66 &#8211; Sele\u00e7\u00e3o Novo PAC 2023<\/a><\/p>\n<p>&nbsp;<\/p>\n<p>Patrim\u00f4nio Hist\u00f3rico\u200b &#8211; Projetos de engenharia<\/p>\n<p><a href=\"https:\/\/www.gov.br\/casacivil\/novopac\/selecoes\/eixos\/arquivos\/edital-09-selecao-novo-pac-2023\" target=\"_blank\" rel=\"noopener\">Edital 09 &#8211; Sele\u00e7\u00e3o Novo PAC 2023<\/a><\/p>\n<p>&nbsp;<\/p>\n<p><strong>Sa\u00fade<\/strong><\/p>\n<p>Novas Ambul\u00e2ncias\u00a0 \u2013 SAMU\u200b<\/p>\n<p><a href=\"https:\/\/www.gov.br\/casacivil\/novopac\/selecoes\/eixos\/arquivos\/manual-de-selecao_saude\" target=\"_blank\" rel=\"noopener\">Manual de Sele\u00e7\u00e3o_Sa\u00fade<\/a><\/p>\n<p><a href=\"https:\/\/www.gov.br\/casacivil\/novopac\/selecoes\/eixos\/arquivos\/portaria-gm-ms-1517-selecao-novo-pac-2023\" target=\"_blank\" rel=\"noopener\" data-tippreview-image=\"\" data-tippreview-title=\"\" data-tippreview-enabled=\"false\">Portaria GM MS 1517 &#8211; Sele\u00e7\u00e3o Novo PAC 2023<\/a><\/p>\n<p>&nbsp;<\/p>\n<p>Centrais de Regula\u00e7\u00e3o \u2013 Ambul\u00e2ncias do SAMU\u200b<\/p>\n<p><a href=\"https:\/\/www.gov.br\/casacivil\/novopac\/selecoes\/eixos\/arquivos\/manual-de-selecao_saude\" target=\"_blank\" rel=\"noopener\">Manual de Sele\u00e7\u00e3o_Sa\u00fade<\/a><\/p>\n<p><a href=\"https:\/\/www.gov.br\/casacivil\/novopac\/selecoes\/eixos\/arquivos\/portaria-gm-ms-1517-selecao-novo-pac-2023\" target=\"_blank\" rel=\"noopener\" data-tippreview-image=\"\" data-tippreview-title=\"\" data-tippreview-enabled=\"false\">Portaria GM MS 1517 &#8211; Sele\u00e7\u00e3o Novo PAC 2023<\/a><\/p>\n<p>&nbsp;<\/p>\n<p>Centros de Aten\u00e7\u00e3o Psicossocial<\/p>\n<p><a href=\"https:\/\/www.gov.br\/casacivil\/novopac\/selecoes\/eixos\/arquivos\/manual-de-selecao_saude\" target=\"_blank\" rel=\"noopener\">Manual de Sele\u00e7\u00e3o_Sa\u00fade<\/a><\/p>\n<p><a href=\"https:\/\/www.gov.br\/casacivil\/novopac\/selecoes\/eixos\/arquivos\/portaria-gm-ms-1517-selecao-novo-pac-2023\" target=\"_blank\" rel=\"noopener\" data-tippreview-image=\"\" data-tippreview-title=\"\" data-tippreview-enabled=\"false\">Portaria GM MS 1517 &#8211; Sele\u00e7\u00e3o Novo PAC 2023<\/a><\/p>\n<p>&nbsp;<\/p>\n<p>Centros Especializados em Reabilita\u00e7\u00e3o (CER)<\/p>\n<p><a href=\"https:\/\/www.gov.br\/casacivil\/novopac\/selecoes\/eixos\/arquivos\/manual-de-selecao_saude\" target=\"_blank\" rel=\"noopener\">Manual de Sele\u00e7\u00e3o_Sa\u00fade<\/a><\/p>\n<p><a href=\"https:\/\/www.gov.br\/casacivil\/novopac\/selecoes\/eixos\/arquivos\/portaria-gm-ms-1517-selecao-novo-pac-2023\" target=\"_blank\" rel=\"noopener\" data-tippreview-image=\"\" data-tippreview-title=\"\" data-tippreview-enabled=\"false\">Portaria GM MS 1517 &#8211; Sele\u00e7\u00e3o Novo PAC 2023<\/a><\/p>\n<p>&nbsp;<\/p>\n<p>Centros de Parto Normal<\/p>\n<p><a href=\"https:\/\/www.gov.br\/casacivil\/novopac\/selecoes\/eixos\/arquivos\/manual-de-selecao_saude\" target=\"_blank\" rel=\"noopener\">Manual de Sele\u00e7\u00e3o_Sa\u00fade<\/a><\/p>\n<p><a href=\"https:\/\/www.gov.br\/casacivil\/novopac\/selecoes\/eixos\/arquivos\/portaria-gm-ms-1517-selecao-novo-pac-2023\" target=\"_blank\" rel=\"noopener\" data-tippreview-image=\"\" data-tippreview-title=\"\" data-tippreview-enabled=\"false\">Portaria GM MS 1517 &#8211; Sele\u00e7\u00e3o Novo PAC 2023<\/a><\/p>\n<p>&nbsp;<\/p>\n<p>Maternidades<\/p>\n<p><a href=\"https:\/\/www.gov.br\/casacivil\/novopac\/selecoes\/eixos\/arquivos\/manual-de-selecao_saude\" target=\"_blank\" rel=\"noopener\">Manual de Sele\u00e7\u00e3o_Sa\u00fade<\/a><\/p>\n<p><a href=\"https:\/\/www.gov.br\/casacivil\/novopac\/selecoes\/eixos\/arquivos\/portaria-gm-ms-1517-selecao-novo-pac-2023\" target=\"_blank\" rel=\"noopener\" data-tippreview-image=\"\" data-tippreview-title=\"\" data-tippreview-enabled=\"false\">Portaria GM MS 1517 &#8211; Sele\u00e7\u00e3o Novo PAC 2023<\/a><\/p>\n<p>&nbsp;<\/p>\n<p>Policl\u00ednicas<\/p>\n<p><a href=\"https:\/\/www.gov.br\/casacivil\/novopac\/selecoes\/eixos\/arquivos\/manual-de-selecao_saude\" target=\"_blank\" rel=\"noopener\">Manual de Sele\u00e7\u00e3o_Sa\u00fade<\/a><\/p>\n<p><a href=\"https:\/\/www.gov.br\/casacivil\/novopac\/selecoes\/eixos\/arquivos\/portaria-gm-ms-1517-selecao-novo-pac-2023\" target=\"_blank\" rel=\"noopener\" data-tippreview-image=\"\" data-tippreview-title=\"\" data-tippreview-enabled=\"false\">Portaria GM MS 1517 &#8211; Sele\u00e7\u00e3o Novo PAC 2023<\/a><\/p>\n<p>&nbsp;<\/p>\n<p>Oficinas Ortop\u00e9dicas<\/p>\n<p><a href=\"https:\/\/www.gov.br\/casacivil\/novopac\/selecoes\/eixos\/arquivos\/manual-de-selecao_saude\" target=\"_blank\" rel=\"noopener\">Manual de Sele\u00e7\u00e3o_Sa\u00fade<\/a><\/p>\n<p><a href=\"https:\/\/www.gov.br\/casacivil\/novopac\/selecoes\/eixos\/arquivos\/portaria-gm-ms-1517-selecao-novo-pac-2023\" target=\"_blank\" rel=\"noopener\" data-tippreview-image=\"\" data-tippreview-title=\"\" data-tippreview-enabled=\"false\">Portaria GM MS 1517 &#8211; Sele\u00e7\u00e3o Novo PAC 2023<\/a><\/p>\n<p>&nbsp;<\/p>\n<p>Unidades B\u00e1sicas de Sa\u00fade\u200b<\/p>\n<p><a href=\"https:\/\/www.gov.br\/casacivil\/novopac\/selecoes\/eixos\/arquivos\/manual-de-selecao_saude\" target=\"_blank\" rel=\"noopener\">Manual de Sele\u00e7\u00e3o_Sa\u00fade<\/a><\/p>\n<p><a href=\"https:\/\/www.gov.br\/casacivil\/novopac\/selecoes\/eixos\/arquivos\/portaria-gm-ms-1517-selecao-novo-pac-2023\" target=\"_blank\" rel=\"noopener\" data-tippreview-image=\"\" data-tippreview-title=\"\" data-tippreview-enabled=\"false\">Portaria GM MS 1517 &#8211; Sele\u00e7\u00e3o Novo PAC 2023<\/a><\/p>\n<p>&nbsp;<\/p>\n<p>Unidades Odontol\u00f3gicas M\u00f3veis\u200b<\/p>\n<p><a href=\"https:\/\/www.gov.br\/casacivil\/novopac\/selecoes\/eixos\/arquivos\/manual-de-selecao_saude\" target=\"_blank\" rel=\"noopener\">Manual de Sele\u00e7\u00e3o_Sa\u00fade<\/a><\/p>\n<p><a href=\"https:\/\/www.gov.br\/casacivil\/novopac\/selecoes\/eixos\/arquivos\/portaria-gm-ms-1517-selecao-novo-pac-2023\" target=\"_blank\" rel=\"noopener\" data-tippreview-image=\"\" data-tippreview-title=\"\" data-tippreview-enabled=\"false\">Portaria GM MS 1517 &#8211; Sele\u00e7\u00e3o Novo PAC 2023<\/a><\/p>\n<p>&nbsp;<\/p>\n<p><strong>Contatos para tirar d\u00favidas<\/strong><\/p>\n<p>Canal de Atendimento da Casa Civil<\/p>\n<p>Telefone: (61) 3411-4290<\/p>\n<p>E-mail: agenda.sam@presidencia.gov.br<\/p>\n<p>&nbsp;<\/p>\n<p><strong>Minist\u00e9rio das Cidades<\/strong>: novopac.cidades@mdr.gov.br<\/p>\n<p><strong>Minist\u00e9rio dos Esportes<\/strong>: die.seesporte@esporte.gov.br<\/p>\n<p><strong>Minist\u00e9rio da Educa\u00e7\u00e3o<\/strong>: presidente@fnde.gov.br<\/p>\n<p><strong>Minist\u00e9rio da Justi\u00e7a e Seguran\u00e7a P\u00fablica<\/strong>: editalmjsp.pac@mj.gov.br<\/p>\n<p><strong>Minist\u00e9rio da Cultura<\/strong><\/p>\n<p>CEU: ceudacultura@cultura.gov.br<\/p>\n<p>Patrim\u00f4nio Hist\u00f3rico\u200b: novopac@iphan.gov.br<\/p>\n<p><strong>Minist\u00e9rio da Sa\u00fade<\/strong><\/p>\n<p>CER e Oficina Ortop\u00e9dica: pessoacomdeficiencia@saude.gov.br<\/p>\n<p>Maternidades e CPNs: cgah@saude.gov.br<\/p>\n<p>Policl\u00ednicas: cgae@saude.gov.br<\/p>\n<p>CAPS: saudemental@saude.gov.br<\/p>\n<p>SAMU e CRUs: cgurg@saude.gov.br<\/p>\n<p>UOM: cosab@saude.gov.br<\/p>\n<p>UBS: investimento.saps@saude.gov.br<\/p>\n<\/div>\n<\/div>\n<\/div>\n<div class=\"visualClear\"><\/div>\n<div class=\"documentActions\">Fonte: Gov.Federal<\/div>\n<\/article>\n<\/div>\n<\/div>\n<div id=\"viewlet-below-content\" style=\"text-align: justify;\"><\/div>\n<p style=\"text-align: justify;\">\n","protected":false},"excerpt":{"rendered":"<p>Munic\u00edpios e Estados devem cumprir todos os requisitos, crit\u00e9rios e objetivos de cada \u00e1rea Bras\u00edlia &#8211; At\u00e9 o pr\u00f3ximo dia 10 de novembro, o Novo PAC Sele\u00e7\u00f5es recebe as inscri\u00e7\u00f5es de projetos para a realiza\u00e7\u00e3o de obras com recursos destinados pelo Governo Federal. Os Governos Municipais e Estaduais de todo o Brasil podem enviar suas [&hellip;]<\/p>\n","protected":false},"author":1,"featured_media":22601,"comment_status":"open","ping_status":"open","sticky":false,"template":"","format":"standard","meta":{"_uag_custom_page_level_css":"","footnotes":""},"categories":[33],"tags":[25630,3881,25844,5554,25843],"class_list":["post-22600","post","type-post","status-publish","format-standard","has-post-thumbnail","hentry","category-mercado","tag-novopac","tag-economia-fraca","tag-empregos-travados","tag-governo-federal","tag-projetos-infraestrutura"],"blocksy_meta":[],"spectra_blocks_featured_image_url":{"thumbnail":{"url":"https:\/\/construcaocivil.siriusmarketingedesign.com.br\/wp-content\/uploads\/2023\/10\/OBRAS-JCC-NOVA-2022-150x150.jpg","width":150,"height":150},"medium":{"url":"https:\/\/construcaocivil.siriusmarketingedesign.com.br\/wp-content\/uploads\/2023\/10\/OBRAS-JCC-NOVA-2022-300x200.jpg","width":300,"height":200},"medium_large":{"url":"https:\/\/construcaocivil.siriusmarketingedesign.com.br\/wp-content\/uploads\/2023\/10\/OBRAS-JCC-NOVA-2022-768x512.jpg","width":768,"height":512},"large":{"url":"https:\/\/construcaocivil.siriusmarketingedesign.com.br\/wp-content\/uploads\/2023\/10\/OBRAS-JCC-NOVA-2022-1024x683.jpg","width":1024,"height":683},"full":{"url":"https:\/\/construcaocivil.siriusmarketingedesign.com.br\/wp-content\/uploads\/2023\/10\/OBRAS-JCC-NOVA-2022-scaled.jpg","width":2560,"height":1707}},"spectra_blocks_author_info":{"display_name":"Jornal da Constru\u00e7\u00e3o Civil","avatar_url":"https:\/\/secure.gravatar.com\/avatar\/973c9774fd44ddaceb026973c4962faa70fc512bc4c9da68e8ebb40fecee6540?s=96&d=mm&r=g","author_link":"https:\/\/construcaocivil.siriusmarketingedesign.com.br\/?author=1","description":"Desde de 2013, levando muitas informa\u00e7\u00f5es, lan\u00e7amentos e produtos de qualidade para toda cadeia produtiva da constru\u00e7\u00e3o. O Futuro da constru\u00e7\u00e3o passa por aqui,"},"uagb_featured_image_src":{"full":["https:\/\/construcaocivil.siriusmarketingedesign.com.br\/wp-content\/uploads\/2023\/10\/OBRAS-JCC-NOVA-2022-scaled.jpg",2560,1707,false],"thumbnail":["https:\/\/construcaocivil.siriusmarketingedesign.com.br\/wp-content\/uploads\/2023\/10\/OBRAS-JCC-NOVA-2022-150x150.jpg",150,150,true],"medium":["https:\/\/construcaocivil.siriusmarketingedesign.com.br\/wp-content\/uploads\/2023\/10\/OBRAS-JCC-NOVA-2022-300x200.jpg",300,200,true],"medium_large":["https:\/\/construcaocivil.siriusmarketingedesign.com.br\/wp-content\/uploads\/2023\/10\/OBRAS-JCC-NOVA-2022-768x512.jpg",768,512,true],"large":["https:\/\/construcaocivil.siriusmarketingedesign.com.br\/wp-content\/uploads\/2023\/10\/OBRAS-JCC-NOVA-2022-1024x683.jpg",1024,683,true],"1536x1536":["https:\/\/construcaocivil.siriusmarketingedesign.com.br\/wp-content\/uploads\/2023\/10\/OBRAS-JCC-NOVA-2022-1536x1024.jpg",1536,1024,true],"2048x2048":["https:\/\/construcaocivil.siriusmarketingedesign.com.br\/wp-content\/uploads\/2023\/10\/OBRAS-JCC-NOVA-2022-2048x1365.jpg",2048,1365,true]},"uagb_author_info":{"display_name":"Jornal da Constru\u00e7\u00e3o Civil","author_link":"https:\/\/construcaocivil.siriusmarketingedesign.com.br\/?author=1"},"uagb_comment_info":0,"uagb_excerpt":"Munic\u00edpios e Estados devem cumprir todos os requisitos, crit\u00e9rios e objetivos de cada \u00e1rea Bras\u00edlia &#8211; At\u00e9 o pr\u00f3ximo dia 10 de novembro, o Novo PAC Sele\u00e7\u00f5es recebe as inscri\u00e7\u00f5es de projetos para a realiza\u00e7\u00e3o de obras com recursos destinados pelo Governo Federal. Os Governos Municipais e Estaduais de todo o Brasil podem enviar suas&hellip;","_links":{"self":[{"href":"https:\/\/construcaocivil.siriusmarketingedesign.com.br\/index.php?rest_route=\/wp\/v2\/posts\/22600","targetHints":{"allow":["GET"]}}],"collection":[{"href":"https:\/\/construcaocivil.siriusmarketingedesign.com.br\/index.php?rest_route=\/wp\/v2\/posts"}],"about":[{"href":"https:\/\/construcaocivil.siriusmarketingedesign.com.br\/index.php?rest_route=\/wp\/v2\/types\/post"}],"author":[{"embeddable":true,"href":"https:\/\/construcaocivil.siriusmarketingedesign.com.br\/index.php?rest_route=\/wp\/v2\/users\/1"}],"replies":[{"embeddable":true,"href":"https:\/\/construcaocivil.siriusmarketingedesign.com.br\/index.php?rest_route=%2Fwp%2Fv2%2Fcomments&post=22600"}],"version-history":[{"count":0,"href":"https:\/\/construcaocivil.siriusmarketingedesign.com.br\/index.php?rest_route=\/wp\/v2\/posts\/22600\/revisions"}],"wp:featuredmedia":[{"embeddable":true,"href":"https:\/\/construcaocivil.siriusmarketingedesign.com.br\/index.php?rest_route=\/wp\/v2\/media\/22601"}],"wp:attachment":[{"href":"https:\/\/construcaocivil.siriusmarketingedesign.com.br\/index.php?rest_route=%2Fwp%2Fv2%2Fmedia&parent=22600"}],"wp:term":[{"taxonomy":"category","embeddable":true,"href":"https:\/\/construcaocivil.siriusmarketingedesign.com.br\/index.php?rest_route=%2Fwp%2Fv2%2Fcategories&post=22600"},{"taxonomy":"post_tag","embeddable":true,"href":"https:\/\/construcaocivil.siriusmarketingedesign.com.br\/index.php?rest_route=%2Fwp%2Fv2%2Ftags&post=22600"}],"curies":[{"name":"wp","href":"https:\/\/api.w.org\/{rel}","templated":true}]}}