{"id":22603,"date":"2023-10-29T18:14:58","date_gmt":"2023-10-29T21:14:58","guid":{"rendered":"https:\/\/www.jornaldaconstrucaocivil.com.br\/?p=22603"},"modified":"2023-10-29T18:14:58","modified_gmt":"2023-10-29T21:14:58","slug":"arquitetura-nao-e-sinonimo-de-luxo-mas-de-necessidade-diz-renata-pocztaruk-da-arqexpress-em-evento-da-balaroti","status":"publish","type":"post","link":"https:\/\/construcaocivil.siriusmarketingedesign.com.br\/?p=22603","title":{"rendered":"&#8220;Arquitetura n\u00e3o \u00e9 sin\u00f4nimo de luxo, mas de necessidade&#8221;, diz Renata Pocztaruk, da ArqExpress, em evento da Balaroti"},"content":{"rendered":"<p style=\"text-align: justify;\"><span style=\"color: #993300;\"><strong><i>Empresa reuniu mais de 100 profissionais do seu Programa de Parceiros para discutir tend\u00eancias e empreendedorismo e refor\u00e7ar campanha que levar\u00e1 arquitetos, designers e engenheiros para viagens em destinos internacionais, como o Sal\u00e3o do M\u00f3vel de Mil\u00e3o, na It\u00e1lia<\/i><\/strong><\/span><\/p>\n<p style=\"text-align: justify;\">Um bate-papo sobre tend\u00eancias de arquitetura e a import\u00e2ncia do empreendedorismo para os profissionais da \u00e1rea com uma dos nomes mais relevantes do setor no pa\u00eds. Com a presen\u00e7a de Renata Pocztaruk, fundadora da ArqExpress, a Balaroti realizou, na \u00faltima quinta-feira (26\/10), um evento que reuniu arquitetos e designers em sua loja no bairro Barigui, em Curitiba (PR). Al\u00e9m de promover a troca de conhecimentos e o relacionamento com os participantes de seu Programa de Parceiros, a iniciativa tamb\u00e9m refor\u00e7ou a campanha <strong>&#8220;Decole com o Grupo Balaroti&#8221;<\/strong>, que premiar\u00e1 os profissionais com viagens internacionais, dentre elas, para o Sal\u00e3o do M\u00f3vel de Mil\u00e3o.<\/p>\n<p style=\"text-align: justify;\">\n<p style=\"text-align: justify;\"><span style=\"color: #993300;\"><em><strong>&#8220;Arquitetura n\u00e3o \u00e9 sin\u00f4nimo de luxo, mas de necessidade&#8221;<\/strong><\/em><\/span>, ressaltou Renata em sua fala durante o evento. Um dos nomes mais importantes do setor no pa\u00eds, a profissional \u00e9 a fundadora da ArqExpress &#8211; empresa que revolucionou o mercado de arquitetura e decora\u00e7\u00e3o ao oferecer aos consumidores uma solu\u00e7\u00e3o focada em projetos r\u00e1pidos, nos quais os clientes definem de antem\u00e3o quanto desejam gastar.<\/p>\n<figure id=\"attachment_22605\" aria-describedby=\"caption-attachment-22605\" style=\"width: 300px\" class=\"wp-caption alignleft\"><img loading=\"lazy\" decoding=\"async\" class=\"size-medium wp-image-22605\" src=\"https:\/\/www.jornaldaconstrucaocivil.com.br\/wp-content\/uploads\/2023\/10\/Arq-2-300x196.jpg\" alt=\"\" width=\"300\" height=\"196\" srcset=\"https:\/\/construcaocivil.siriusmarketingedesign.com.br\/wp-content\/uploads\/2023\/10\/Arq-2-300x196.jpg 300w, https:\/\/construcaocivil.siriusmarketingedesign.com.br\/wp-content\/uploads\/2023\/10\/Arq-2-768x502.jpg 768w, https:\/\/construcaocivil.siriusmarketingedesign.com.br\/wp-content\/uploads\/2023\/10\/Arq-2-200x131.jpg 200w, https:\/\/construcaocivil.siriusmarketingedesign.com.br\/wp-content\/uploads\/2023\/10\/Arq-2.jpg 800w\" sizes=\"auto, (max-width: 300px) 100vw, 300px\" \/><figcaption id=\"caption-attachment-22605\" class=\"wp-caption-text\">Evento reuniu mais de 100 profissionais em uma das lojas da Balaroti em Curitiba (PR). Foto: Raquel Lima<\/figcaption><\/figure>\n<p style=\"text-align: justify;\">Segundo ela, a pandemia inevitavelmente proporcionou uma reconex\u00e3o das pessoas com os seus lares, o que representou uma grande oportunidade para o mercado de arquitetura. Mas para que os projetos sejam bem-sucedidos, os profissionais precisam garantir que eles sejam simultaneamente funcionais, est\u00e9ticos e acess\u00edveis ao or\u00e7amento de cada cliente.<\/p>\n<p style=\"text-align: justify;\">Al\u00e9m de empreendedora, a arquiteta tamb\u00e9m atua como influencer e, nas redes sociais, j\u00e1 acumula mais de 1 milh\u00e3o de seguidores apenas nos seus perfis do Instagram, nos quais mostra o seu dia a dia e oferece conte\u00fados e dicas de decora\u00e7\u00e3o e empreendedorismo. Para Renata, o segredo para empreender passa por fatores como o autoconhecimento, com a identifica\u00e7\u00e3o das habilidades e fraquezas de cada profissional. Saber delegar fun\u00e7\u00f5es e construir uma equipe com colaboradores que se complementam \u00e9 o que garantir\u00e1 o crescimento de um empreendimento.<\/p>\n<p style=\"text-align: justify;\">\n<p style=\"text-align: justify;\">A partir disso, \u00e9 a busca pelo desenvolvimento cont\u00ednuo que vai definir o sucesso de um arquiteto em um mercado altamente competitivo, mas que, segundo Renata, possui espa\u00e7o para todos: &#8220;O que diferencia um profissional do outro \u00e9 a bagagem, o repert\u00f3rio e as experi\u00eancias por ele acumuladas. O profissional de sucesso prospera porque o seu grande diferencial \u00e9 o poder do conhecimento&#8221;, afirmou.<\/p>\n<figure id=\"attachment_22606\" aria-describedby=\"caption-attachment-22606\" style=\"width: 300px\" class=\"wp-caption alignright\"><img loading=\"lazy\" decoding=\"async\" class=\"size-medium wp-image-22606\" src=\"https:\/\/www.jornaldaconstrucaocivil.com.br\/wp-content\/uploads\/2023\/10\/Arq-3-300x200.jpg\" alt=\"\" width=\"300\" height=\"200\" srcset=\"https:\/\/construcaocivil.siriusmarketingedesign.com.br\/wp-content\/uploads\/2023\/10\/Arq-3-300x200.jpg 300w, https:\/\/construcaocivil.siriusmarketingedesign.com.br\/wp-content\/uploads\/2023\/10\/Arq-3-768x513.jpg 768w, https:\/\/construcaocivil.siriusmarketingedesign.com.br\/wp-content\/uploads\/2023\/10\/Arq-3-200x134.jpg 200w, https:\/\/construcaocivil.siriusmarketingedesign.com.br\/wp-content\/uploads\/2023\/10\/Arq-3.jpg 800w\" sizes=\"auto, (max-width: 300px) 100vw, 300px\" \/><figcaption id=\"caption-attachment-22606\" class=\"wp-caption-text\">Equipe Balaroti respons\u00e1vel pela organiza\u00e7\u00e3o do evento. Foto: Raquel Lima<\/figcaption><\/figure>\n<p style=\"text-align: justify;\">Com a presen\u00e7a de mais de 100 profissionais de Curitiba e outras cidades do Paran\u00e1 e Santa Catarina, como Cascavel, Guarapuava, Blumenau e Florian\u00f3polis, o evento foi mais uma iniciativa que integra as a\u00e7\u00f5es do Programa de Parceiros criado pela Balaroti para valorizar o relacionamento com arquitetos, designers e engenheiros.<\/p>\n<p style=\"text-align: justify;\">\n<p style=\"text-align: justify;\">Na mesma dire\u00e7\u00e3o, com o objetivo de estreitar o relacionamento com esses profissionais, especialmente os de outras localidades distantes de Curitiba, a empresa tamb\u00e9m promoveu o chamado\u00a0<strong>Tour Balaroti<\/strong>, com o apoio e patroc\u00ednio de marcas como Philips, Schneider, Deca, Hydra, Portinari, Ceusa, e Durafloor. Neste m\u00eas, al\u00e9m do evento, a empresa tamb\u00e9m levou seus parceiros para conhecer diversos pontos tur\u00edsticos da capital paranaense, a sua boutique na Kinta Acabamentos e, tamb\u00e9m, ofereceu um almo\u00e7o exclusivo com o chef Rafael Albino.<\/p>\n<p style=\"text-align: justify;\">\n<p style=\"text-align: justify;\">&#8220;Mais do que dar vida ao projeto no papel, esses profissionais transformam sonhos em realidade. Foi a partir do reconhecimento da import\u00e2ncia de seus trabalhos na realiza\u00e7\u00e3o dos sonhos de nossos clientes que desenvolvemos um programa espec\u00edfico para nos aproximarmos e valorizarmos ainda mais esse p\u00fablico.&#8221;, ressalta Bianca Santos, respons\u00e1vel pelo Programa de Parceiros da empresa.<\/p>\n<p style=\"text-align: justify;\"><strong>Pr\u00f3xima parada: Mil\u00e3o. A campanha &#8220;Decole com o Grupo Balaroti&#8221;<\/strong><\/p>\n<p style=\"text-align: justify;\">Outro grande benef\u00edcio para os participantes do Programa de Parceiros da empresa, est\u00e1 a campanha\u00a0<strong>&#8220;Decole com o Grupo Balaroti&#8221;<\/strong>, que oferece aos profissionais a chance de visitar no ano que vem (e com todas as despesas essenciais pagas), tr\u00eas cobi\u00e7ados destinos internacionais:\u00a0<strong>Mil\u00e3o<\/strong>,<strong>\u00a0Lisboa\u00a0<\/strong>e<strong>\u00a0Mendoza<\/strong>.<\/p>\n<p style=\"text-align: justify;\">\n<p style=\"text-align: justify;\">O primeiro deles, na It\u00e1lia, \u00e9 sede do principal evento de design do mundo, o\u00a0<strong>Sal\u00e3o do M\u00f3vel de Mil\u00e3o<\/strong>, cuja 61\u00aa edi\u00e7\u00e3o aconteceu mais cedo neste ano, em abril, trazendo as principais novidades e tend\u00eancias diretamente da capital mundial do setor. A edi\u00e7\u00e3o de 2024 j\u00e1 tem data marcada, com previs\u00e3o para acontecer entre os dias 16 e 21 de abril.\n<\/p>\n<p style=\"text-align: justify;\"><strong>Quem pode participar?<\/strong><\/p>\n<p style=\"text-align: justify;\">Todos os profissionais da \u00e1rea de Arquitetura, Design de Interiores e Engenharia, devidamente registrados no CAU, CREA ou ABD, respectivamente, e\/ou que possuam certificado\/diploma de conclus\u00e3o de curso nas \u00e1reas.<\/p>\n<p style=\"text-align: justify;\">\n<p style=\"text-align: justify;\"><strong>Como participar?<\/strong><\/p>\n<p style=\"text-align: justify;\">A campanha Decole \u00e9 uma\u00a0<strong>a\u00e7\u00e3o exclusiva para os profissionais integrantes do Programa de Parceiros da Balaroti<\/strong>. Portanto, para ter a chance de embarcar para um dos tr\u00eas destinos, bem como ter acesso aos demais benef\u00edcios, \u00e9 imprescind\u00edvel que o profissional realize o seu cadastro pelo\u00a0<span style=\"color: #0000ff;\"><strong><a style=\"color: #0000ff;\" href=\"https:\/\/s2310.pr-agencia.com\/link.php?code=bDpodHRwcyUzQSUyRiUyRnByb2dyYW1hZGVwYXJjZWlyb3MuYmFsYXJvdGkuY29tLmJyJTJGOjE0NDYwMjE2Mjk6c2V2ZXJpYW5Aam9ybmFsZGFjb25zdHJ1Y2FvY2l2aWwuY29tLmJyOmViYTBiZjo1ZQ==\" target=\"_blank\" rel=\"noopener noreferrer\"><u>site<\/u><\/a><\/strong><\/span>.\n<\/p>\n<p style=\"text-align: justify;\">Todo cadastro passa por uma aprova\u00e7\u00e3o interna, mas, segundo a empresa, se o profissional j\u00e1 possui o registro\/certificado em conformidade, o processo costuma ser bem \u00e1gil. Uma vez aprovado, j\u00e1 \u00e9 poss\u00edvel desfrutar de todos os benef\u00edcios, bem como ter acesso a todas as novidades. O Programa de Parceiros \u00e9 v\u00e1lido para todo o Grupo, ou seja, para as 33 lojas da rede.<\/p>\n","protected":false},"excerpt":{"rendered":"<p>Empresa reuniu mais de 100 profissionais do seu Programa de Parceiros para discutir tend\u00eancias e empreendedorismo e refor\u00e7ar campanha que levar\u00e1 arquitetos, designers e engenheiros para viagens em destinos internacionais, como o Sal\u00e3o do M\u00f3vel de Mil\u00e3o, na It\u00e1lia Um bate-papo sobre tend\u00eancias de arquitetura e a import\u00e2ncia do empreendedorismo para os profissionais da \u00e1rea [&hellip;]<\/p>\n","protected":false},"author":1,"featured_media":22604,"comment_status":"open","ping_status":"open","sticky":false,"template":"","format":"standard","meta":{"_uag_custom_page_level_css":"","footnotes":""},"categories":[28],"tags":[25847,24665,25846,1933,18585,3269,25845],"class_list":["post-22603","post","type-post","status-publish","format-standard","has-post-thumbnail","hentry","category-arquitetura","tag-arqexpress","tag-materialdeconstrucao","tag-arquitetura-para-todos","tag-casa-e-decoracao","tag-cozinha-e-banheiro","tag-curitiba-pr","tag-grupo-balaroti"],"blocksy_meta":[],"spectra_blocks_featured_image_url":{"thumbnail":{"url":"https:\/\/construcaocivil.siriusmarketingedesign.com.br\/wp-content\/uploads\/2023\/10\/Arq-1-150x150.jpg","width":150,"height":150},"medium":{"url":"https:\/\/construcaocivil.siriusmarketingedesign.com.br\/wp-content\/uploads\/2023\/10\/Arq-1-300x200.jpg","width":300,"height":200},"medium_large":{"url":"https:\/\/construcaocivil.siriusmarketingedesign.com.br\/wp-content\/uploads\/2023\/10\/Arq-1-768x513.jpg","width":768,"height":513},"large":{"url":"https:\/\/construcaocivil.siriusmarketingedesign.com.br\/wp-content\/uploads\/2023\/10\/Arq-1.jpg","width":800,"height":534},"full":{"url":"https:\/\/construcaocivil.siriusmarketingedesign.com.br\/wp-content\/uploads\/2023\/10\/Arq-1.jpg","width":800,"height":534}},"spectra_blocks_author_info":{"display_name":"Jornal da Constru\u00e7\u00e3o Civil","avatar_url":"https:\/\/secure.gravatar.com\/avatar\/973c9774fd44ddaceb026973c4962faa70fc512bc4c9da68e8ebb40fecee6540?s=96&d=mm&r=g","author_link":"https:\/\/construcaocivil.siriusmarketingedesign.com.br\/?author=1","description":"Desde de 2013, levando muitas informa\u00e7\u00f5es, lan\u00e7amentos e produtos de qualidade para toda cadeia produtiva da constru\u00e7\u00e3o. O Futuro da constru\u00e7\u00e3o passa por aqui,"},"uagb_featured_image_src":{"full":["https:\/\/construcaocivil.siriusmarketingedesign.com.br\/wp-content\/uploads\/2023\/10\/Arq-1.jpg",800,534,false],"thumbnail":["https:\/\/construcaocivil.siriusmarketingedesign.com.br\/wp-content\/uploads\/2023\/10\/Arq-1-150x150.jpg",150,150,true],"medium":["https:\/\/construcaocivil.siriusmarketingedesign.com.br\/wp-content\/uploads\/2023\/10\/Arq-1-300x200.jpg",300,200,true],"medium_large":["https:\/\/construcaocivil.siriusmarketingedesign.com.br\/wp-content\/uploads\/2023\/10\/Arq-1-768x513.jpg",768,513,true],"large":["https:\/\/construcaocivil.siriusmarketingedesign.com.br\/wp-content\/uploads\/2023\/10\/Arq-1.jpg",800,534,false],"1536x1536":["https:\/\/construcaocivil.siriusmarketingedesign.com.br\/wp-content\/uploads\/2023\/10\/Arq-1.jpg",800,534,false],"2048x2048":["https:\/\/construcaocivil.siriusmarketingedesign.com.br\/wp-content\/uploads\/2023\/10\/Arq-1.jpg",800,534,false]},"uagb_author_info":{"display_name":"Jornal da Constru\u00e7\u00e3o Civil","author_link":"https:\/\/construcaocivil.siriusmarketingedesign.com.br\/?author=1"},"uagb_comment_info":0,"uagb_excerpt":"Empresa reuniu mais de 100 profissionais do seu Programa de Parceiros para discutir tend\u00eancias e empreendedorismo e refor\u00e7ar campanha que levar\u00e1 arquitetos, designers e engenheiros para viagens em destinos internacionais, como o Sal\u00e3o do M\u00f3vel de Mil\u00e3o, na It\u00e1lia Um bate-papo sobre tend\u00eancias de arquitetura e a import\u00e2ncia do empreendedorismo para os profissionais da \u00e1rea&hellip;","_links":{"self":[{"href":"https:\/\/construcaocivil.siriusmarketingedesign.com.br\/index.php?rest_route=\/wp\/v2\/posts\/22603","targetHints":{"allow":["GET"]}}],"collection":[{"href":"https:\/\/construcaocivil.siriusmarketingedesign.com.br\/index.php?rest_route=\/wp\/v2\/posts"}],"about":[{"href":"https:\/\/construcaocivil.siriusmarketingedesign.com.br\/index.php?rest_route=\/wp\/v2\/types\/post"}],"author":[{"embeddable":true,"href":"https:\/\/construcaocivil.siriusmarketingedesign.com.br\/index.php?rest_route=\/wp\/v2\/users\/1"}],"replies":[{"embeddable":true,"href":"https:\/\/construcaocivil.siriusmarketingedesign.com.br\/index.php?rest_route=%2Fwp%2Fv2%2Fcomments&post=22603"}],"version-history":[{"count":0,"href":"https:\/\/construcaocivil.siriusmarketingedesign.com.br\/index.php?rest_route=\/wp\/v2\/posts\/22603\/revisions"}],"wp:featuredmedia":[{"embeddable":true,"href":"https:\/\/construcaocivil.siriusmarketingedesign.com.br\/index.php?rest_route=\/wp\/v2\/media\/22604"}],"wp:attachment":[{"href":"https:\/\/construcaocivil.siriusmarketingedesign.com.br\/index.php?rest_route=%2Fwp%2Fv2%2Fmedia&parent=22603"}],"wp:term":[{"taxonomy":"category","embeddable":true,"href":"https:\/\/construcaocivil.siriusmarketingedesign.com.br\/index.php?rest_route=%2Fwp%2Fv2%2Fcategories&post=22603"},{"taxonomy":"post_tag","embeddable":true,"href":"https:\/\/construcaocivil.siriusmarketingedesign.com.br\/index.php?rest_route=%2Fwp%2Fv2%2Ftags&post=22603"}],"curies":[{"name":"wp","href":"https:\/\/api.w.org\/{rel}","templated":true}]}}