{"id":22610,"date":"2023-10-30T23:59:49","date_gmt":"2023-10-31T02:59:49","guid":{"rendered":"https:\/\/www.jornaldaconstrucaocivil.com.br\/?p=22610"},"modified":"2023-10-30T23:59:49","modified_gmt":"2023-10-31T02:59:49","slug":"edicao-especial-do-trofeu-ademi-premia-os-empreendimentos-imobiliarios-mais-modernos-de-pernambuco","status":"publish","type":"post","link":"https:\/\/construcaocivil.siriusmarketingedesign.com.br\/?p=22610","title":{"rendered":"Edi\u00e7\u00e3o Especial do Trof\u00e9u Ademi premia os empreendimentos imobili\u00e1rios mais modernos de Pernambuco"},"content":{"rendered":"<p dir=\"ltr\" style=\"text-align: justify;\"><em><strong>Entrega dos trof\u00e9us ser\u00e1 no dia 30 de novembro, no Mirante do Pa\u00e7o, contemplando os anos de 2020, 2021, 2022 e 2023<\/strong><\/em><\/p>\n<p dir=\"ltr\" style=\"text-align: justify;\">A Associa\u00e7\u00e3o das Empresas do Mercado Imobili\u00e1rio de Pernambuco (Ademi-PE) entregar\u00e1, no dia 30 de novembro, a Edi\u00e7\u00e3o Especial do Trof\u00e9u Ademi, um dos mais tradicionais do mercado imobili\u00e1rio do Estado. Sem acontecer desde 2020, devido \u00e0s restri\u00e7\u00f5es sociais necess\u00e1rias decorrentes da pandemia de covid-19, a Edi\u00e7\u00e3o Especial vai contemplar os empreendimentos relativos aos anos de 2020, 2021, 2022 e 2023. E a entrega ser\u00e1 uma grande noite de confraterniza\u00e7\u00e3o do setor no Mirante do Pa\u00e7o, no Bairro do Recife. No total, ser\u00e3o entregues 28 trof\u00e9us. A Edi\u00e7\u00e3o Especial recebeu 60 inscritos. Os n\u00fameros contemplam os quatro anos de entregas.<\/p>\n<p dir=\"ltr\" style=\"text-align: justify;\">A principal marca desta Edi\u00e7\u00e3o Especial do Trof\u00e9u Ademi \u00e9 a uni\u00e3o de temas como tecnologia, sustentabilidade e gest\u00e3o. Essa \u00e9 uma das marcas implementadas pela nova gest\u00e3o da Associa\u00e7\u00e3o, que se iniciou em abril deste ano. &#8220;O Pr\u00eamio, com sua edi\u00e7\u00e3o especial, busca valorizar o que h\u00e1 de mais moderno no setor imobili\u00e1rio, seguindo essas diretrizes. Al\u00e9m disso, queremos mostrar como \u00e9 importante para a \u00e1rea urbana receber esses empreendimentos, que ganham um selo de qualidade com o Pr\u00eamio Ademi. Mostra como a nova gest\u00e3o imobili\u00e1ria est\u00e1 cada vez mais preocupada com a integra\u00e7\u00e3o das cidades&#8221;, afirma o presidente da Ademi-PE, Rafael Sim\u00f5es.<\/p>\n<p dir=\"ltr\" style=\"text-align: justify;\">A Edi\u00e7\u00e3o Especial do Trof\u00e9u Ademi ter\u00e1 um corpo de jurados formado por membros de institui\u00e7\u00f5es que contribuem de maneira relevante para o desenvolvimento do setor imobili\u00e1rio. Integram o j\u00fari representantes do Sindicato da Ind\u00fastria da Constru\u00e7\u00e3o Civil no Estado de Pernambuco (Sinduscon-PE); do Conselho de Arquitetura e Urbanismo de Pernambuco (CAU-PE); dos Departamentos de Engenharia da Escola Polit\u00e9cnica, da Universidade Federal de Pernambuco e da Universidade Cat\u00f3lica de Pernambuco; do Conselho Regional de Engenharia e Agronomia de Pernambuco (Crea-PE); do Sindicato da Habita\u00e7\u00e3o (Secovi-PE); da Federa\u00e7\u00e3o das Ind\u00fastrias do Estado de Pernambuco (Fiepe); al\u00e9m de membros da diretoria ou associados da Ademi-PE que n\u00e3o estejam concorrendo ao Trof\u00e9u e profissionais de experi\u00eancia reconhecida no mercado imobili\u00e1rio, a convite da diretoria da Ademi-PE.<\/p>\n<p dir=\"ltr\" style=\"text-align: justify;\">&#8220;Essa \u00e9 uma premia\u00e7\u00e3o de empreendimentos que receberam destaque a partir da avalia\u00e7\u00e3o dos principais atores do setor imobili\u00e1rio de Pernambuco, o que confere relev\u00e2ncia ao Trof\u00e9u e demonstra clareza por parte da Ademi-PE&#8221;, pontua Carol Boxwell, vice-presidente da Ademi-PE.<\/p>\n<p dir=\"ltr\" style=\"text-align: justify;\">O corpo de jurados ir\u00e1 avaliar os empreendimentos inscritos da Edi\u00e7\u00e3o Especial do Trof\u00e9u Ademi-PE seguindo tr\u00eas crit\u00e9rios. O primeiro \u00e9 o de Posicionamento Imobili\u00e1rio, onde ser\u00e3o analisadas quest\u00f5es ligadas \u00e0 inser\u00e7\u00e3o do empreendimento na regi\u00e3o. O segundo crit\u00e9rio \u00e9 o de Concep\u00e7\u00e3o do Empreendimento, onde ser\u00e3o avaliados, entre outros itens, pontos como concep\u00e7\u00e3o arquitet\u00f4nica e urban\u00edstica,\u00a0funcionalidade e versatilidade e inova\u00e7\u00e3o e sustentabilidade na opera\u00e7\u00e3o do empreendimento. O terceiro e \u00faltimo crit\u00e9rio est\u00e1 ligado \u00e0 Execu\u00e7\u00e3o da Obra, com itens como planejamento e gerenciamento, diferenciais de tecnologia, seguran\u00e7a do trabalho e inova\u00e7\u00e3o e sustentabilidade na execu\u00e7\u00e3o da obra.<\/p>\n<p dir=\"ltr\" style=\"text-align: justify;\">&#8220;Entendemos que o Trof\u00e9u Ademi \u00e9 um est\u00edmulo para as construtoras oferecerem bons produtos ao mercado, com foco na inova\u00e7\u00e3o, sustentabilidade e qualidade de vida&#8221;, acrescenta Rafael Sim\u00f5es, presidente da Ademi-PE. Os crit\u00e9rios de avalia\u00e7\u00e3o est\u00e3o em sintonia com as metas da nova gest\u00e3o, mais moderna, mais participativa e mais engajada em pautas atuais.<\/p>\n","protected":false},"excerpt":{"rendered":"<p>Entrega dos trof\u00e9us ser\u00e1 no dia 30 de novembro, no Mirante do Pa\u00e7o, contemplando os anos de 2020, 2021, 2022 e 2023 A Associa\u00e7\u00e3o das Empresas do Mercado Imobili\u00e1rio de Pernambuco (Ademi-PE) entregar\u00e1, no dia 30 de novembro, a Edi\u00e7\u00e3o Especial do Trof\u00e9u Ademi, um dos mais tradicionais do mercado imobili\u00e1rio do Estado. Sem acontecer [&hellip;]<\/p>\n","protected":false},"author":1,"featured_media":22611,"comment_status":"open","ping_status":"open","sticky":false,"template":"","format":"standard","meta":{"_uag_custom_page_level_css":"","footnotes":""},"categories":[30],"tags":[24675,24624,14386,2826,25848,9946],"class_list":["post-22610","post","type-post","status-publish","format-standard","has-post-thumbnail","hentry","category-imoveis","tag-minhacasaminhavida","tag-servicosdeobras","tag-ademi-pe","tag-construcao-civil","tag-marcado-imobiliario","tag-recife-pe"],"blocksy_meta":[],"spectra_blocks_featured_image_url":{"thumbnail":{"url":"https:\/\/construcaocivil.siriusmarketingedesign.com.br\/wp-content\/uploads\/2023\/10\/obras_construcao_mcajr_ABr-150x150.webp","width":150,"height":150},"medium":{"url":"https:\/\/construcaocivil.siriusmarketingedesign.com.br\/wp-content\/uploads\/2023\/10\/obras_construcao_mcajr_ABr-300x225.webp","width":300,"height":225},"medium_large":{"url":"https:\/\/construcaocivil.siriusmarketingedesign.com.br\/wp-content\/uploads\/2023\/10\/obras_construcao_mcajr_ABr-768x576.webp","width":768,"height":576},"large":{"url":"https:\/\/construcaocivil.siriusmarketingedesign.com.br\/wp-content\/uploads\/2023\/10\/obras_construcao_mcajr_ABr.webp","width":1024,"height":768},"full":{"url":"https:\/\/construcaocivil.siriusmarketingedesign.com.br\/wp-content\/uploads\/2023\/10\/obras_construcao_mcajr_ABr.webp","width":1024,"height":768}},"spectra_blocks_author_info":{"display_name":"Jornal da Constru\u00e7\u00e3o Civil","avatar_url":"https:\/\/secure.gravatar.com\/avatar\/973c9774fd44ddaceb026973c4962faa70fc512bc4c9da68e8ebb40fecee6540?s=96&d=mm&r=g","author_link":"https:\/\/construcaocivil.siriusmarketingedesign.com.br\/?author=1","description":"Desde de 2013, levando muitas informa\u00e7\u00f5es, lan\u00e7amentos e produtos de qualidade para toda cadeia produtiva da constru\u00e7\u00e3o. O Futuro da constru\u00e7\u00e3o passa por aqui,"},"uagb_featured_image_src":{"full":["https:\/\/construcaocivil.siriusmarketingedesign.com.br\/wp-content\/uploads\/2023\/10\/obras_construcao_mcajr_ABr.webp",1024,768,false],"thumbnail":["https:\/\/construcaocivil.siriusmarketingedesign.com.br\/wp-content\/uploads\/2023\/10\/obras_construcao_mcajr_ABr-150x150.webp",150,150,true],"medium":["https:\/\/construcaocivil.siriusmarketingedesign.com.br\/wp-content\/uploads\/2023\/10\/obras_construcao_mcajr_ABr-300x225.webp",300,225,true],"medium_large":["https:\/\/construcaocivil.siriusmarketingedesign.com.br\/wp-content\/uploads\/2023\/10\/obras_construcao_mcajr_ABr-768x576.webp",768,576,true],"large":["https:\/\/construcaocivil.siriusmarketingedesign.com.br\/wp-content\/uploads\/2023\/10\/obras_construcao_mcajr_ABr.webp",1024,768,false],"1536x1536":["https:\/\/construcaocivil.siriusmarketingedesign.com.br\/wp-content\/uploads\/2023\/10\/obras_construcao_mcajr_ABr.webp",1024,768,false],"2048x2048":["https:\/\/construcaocivil.siriusmarketingedesign.com.br\/wp-content\/uploads\/2023\/10\/obras_construcao_mcajr_ABr.webp",1024,768,false]},"uagb_author_info":{"display_name":"Jornal da Constru\u00e7\u00e3o Civil","author_link":"https:\/\/construcaocivil.siriusmarketingedesign.com.br\/?author=1"},"uagb_comment_info":0,"uagb_excerpt":"Entrega dos trof\u00e9us ser\u00e1 no dia 30 de novembro, no Mirante do Pa\u00e7o, contemplando os anos de 2020, 2021, 2022 e 2023 A Associa\u00e7\u00e3o das Empresas do Mercado Imobili\u00e1rio de Pernambuco (Ademi-PE) entregar\u00e1, no dia 30 de novembro, a Edi\u00e7\u00e3o Especial do Trof\u00e9u Ademi, um dos mais tradicionais do mercado imobili\u00e1rio do Estado. Sem acontecer&hellip;","_links":{"self":[{"href":"https:\/\/construcaocivil.siriusmarketingedesign.com.br\/index.php?rest_route=\/wp\/v2\/posts\/22610","targetHints":{"allow":["GET"]}}],"collection":[{"href":"https:\/\/construcaocivil.siriusmarketingedesign.com.br\/index.php?rest_route=\/wp\/v2\/posts"}],"about":[{"href":"https:\/\/construcaocivil.siriusmarketingedesign.com.br\/index.php?rest_route=\/wp\/v2\/types\/post"}],"author":[{"embeddable":true,"href":"https:\/\/construcaocivil.siriusmarketingedesign.com.br\/index.php?rest_route=\/wp\/v2\/users\/1"}],"replies":[{"embeddable":true,"href":"https:\/\/construcaocivil.siriusmarketingedesign.com.br\/index.php?rest_route=%2Fwp%2Fv2%2Fcomments&post=22610"}],"version-history":[{"count":0,"href":"https:\/\/construcaocivil.siriusmarketingedesign.com.br\/index.php?rest_route=\/wp\/v2\/posts\/22610\/revisions"}],"wp:featuredmedia":[{"embeddable":true,"href":"https:\/\/construcaocivil.siriusmarketingedesign.com.br\/index.php?rest_route=\/wp\/v2\/media\/22611"}],"wp:attachment":[{"href":"https:\/\/construcaocivil.siriusmarketingedesign.com.br\/index.php?rest_route=%2Fwp%2Fv2%2Fmedia&parent=22610"}],"wp:term":[{"taxonomy":"category","embeddable":true,"href":"https:\/\/construcaocivil.siriusmarketingedesign.com.br\/index.php?rest_route=%2Fwp%2Fv2%2Fcategories&post=22610"},{"taxonomy":"post_tag","embeddable":true,"href":"https:\/\/construcaocivil.siriusmarketingedesign.com.br\/index.php?rest_route=%2Fwp%2Fv2%2Ftags&post=22610"}],"curies":[{"name":"wp","href":"https:\/\/api.w.org\/{rel}","templated":true}]}}