{"id":22619,"date":"2023-11-01T14:32:11","date_gmt":"2023-11-01T17:32:11","guid":{"rendered":"https:\/\/www.jornaldaconstrucaocivil.com.br\/?p=22619"},"modified":"2023-11-01T14:33:48","modified_gmt":"2023-11-01T17:33:48","slug":"na-america-latina-producao-de-aco-bruto-cai-78-em-agosto-exportacoes-diminuem-273-nos-primeiros-7-meses-de-2023","status":"publish","type":"post","link":"https:\/\/construcaocivil.siriusmarketingedesign.com.br\/?p=22619","title":{"rendered":"Na Am\u00e9rica Latina, produ\u00e7\u00e3o de a\u00e7o bruto cai 7,8% em agosto; exporta\u00e7\u00f5es diminuem 27,3% nos primeiros 7 meses de 2023"},"content":{"rendered":"<p style=\"text-align: center;\"><strong><em>Alacero defende que defesa comercial e nearshoring s\u00e3o fundamentais<\/em><\/strong><\/p>\n<p>&nbsp;<\/p>\n<p class=\"v1ql-align-justify\"><span style=\"color: #0000ff;\">S\u00e3o Paulo, outubro de 2023<\/span> &#8211; Dados da Alacero, Associa\u00e7\u00e3o Latino-Americana do A\u00e7o, indicam que, em agosto de 2023, a produ\u00e7\u00e3o de a\u00e7o bruto foi 7,8% inferior \u00e0 de agosto anterior, totalizando 4,9 Mt, e 3,7% superior \u00e0 de julho de 2023. No acumulado dos primeiros 8 meses de 2023, a produ\u00e7\u00e3o ficou 8,5% abaixo do mesmo per\u00edodo do ano anterior.<\/p>\n<p class=\"v1ql-align-justify\">Quanto \u00e0 produ\u00e7\u00e3o de laminados, em agosto de 2023 foi de 4,4 Mt, dado 6,2% inferior a agosto de 2022 e 1,6% superior ao m\u00eas anterior. As cifras s\u00e3o explicadas pelos a\u00e7os planos, com alta de 2,6% no m\u00eas, a\u00e7os longos com 1,4% a mais e os tubos sem costura 13,0% abaixo do m\u00eas anterior. No acumulado dos 8 primeiros meses de 2023, a produ\u00e7\u00e3o ficou 5,4% abaixo do mesmo per\u00edodo do ano anterior.<\/p>\n<p class=\"v1ql-align-justify\"><strong>Comercializa\u00e7\u00e3o e consumo de a\u00e7o:<\/strong><\/p>\n<p class=\"v1ql-align-justify\">Com rela\u00e7\u00e3o ao com\u00e9rcio de produtos laminados, em julho de 2023, as importa\u00e7\u00f5es totalizaram 2,5 Mt, 39,4% acima de julho de 2022 e 3,3% superior ao m\u00eas anterior. Nos primeiros 7 meses de 2023, ficou 8,7% acima do mesmo per\u00edodo do ano anterior, com 15,7 Mt total.<\/p>\n<p class=\"v1ql-align-justify\">As exporta\u00e7\u00f5es, por sua vez, somaram 4,8 Mt nos primeiros 7 meses de 2023, n\u00famero que ficou 27,3% abaixo do mesmo per\u00edodo do ano anterior. Na compara\u00e7\u00e3o mensal, com 598 mil toneladas exportadas em julho de 2023, ficou 31,7% abaixo do mesmo m\u00eas de 2022 e 8,8% inferior ao m\u00eas anterior.<\/p>\n<p class=\"v1ql-align-justify\">Com rela\u00e7\u00e3o ao consumo de laminados, em julho de 2023, foram consumidas 6,1 Mt, valor que \u00e9 9,8% superior ao m\u00eas de julho de 2022 e 0,6% superior ao m\u00eas anterior. Destaque para os a\u00e7os planos, que aumentaram 3,3% no m\u00eas, enquanto os produtos longos diminu\u00edram 2,3% e, por sua vez, os tubos sem costura com 17,7% a menos. Com 41,9 Mt totais, os primeiros 7 meses de 2023 trouxeram um n\u00famero de 2,9% acima do mesmo per\u00edodo do ano anterior.<\/p>\n<p class=\"v1ql-align-justify\">&#8220;Em julho, na Am\u00e9rica Latina, 94% das importa\u00e7\u00f5es foram extrarregionais, em compara\u00e7\u00e3o com a m\u00e9dia de 91% dos primeiros 6 meses, o que aponta um maior n\u00edvel de aten\u00e7\u00e3o \u00e0 promo\u00e7\u00e3o da colabora\u00e7\u00e3o entre os pa\u00edses latino-americanos. Mesmo com 41% das exporta\u00e7\u00f5es intrarregionais, em compara\u00e7\u00e3o com a m\u00e9dia de 26% dos primeiros 6 meses, o mercado interno ainda n\u00e3o suporta toda a procura interna. Isto \u00e9, apesar do aumento nas exporta\u00e7\u00f5es intrarregionais, a regi\u00e3o n\u00e3o conseguiu conter a entrada de a\u00e7o de fora da regi\u00e3o, resultando em uma menor competitividade nas exporta\u00e7\u00f5es internas em compara\u00e7\u00e3o com as externas. Assim, cada vez mais se faz necess\u00e1ria a comercializa\u00e7\u00e3o entre os pa\u00edses da regi\u00e3o e a defesa do nearshoring, n\u00e3o somente por uma quest\u00e3o de regionaliza\u00e7\u00e3o, mas tamb\u00e9m de sustentabilidade, uma vez que o a\u00e7o produzido na Am\u00e9rica Latina emite menos CO2\u00a0do que o na China.&#8221;, analisa Alejandro Wagner, diretor executivo da Alacero.<\/p>\n<p class=\"v1ql-align-justify\"><strong>Term\u00f4metro do consumo setorial:<\/strong><\/p>\n<ul>\n<li class=\"v1ql-align-justify\"><em><strong><span style=\"color: #993300;\">A heterogeneidade foi observada no desempenho dos principais setores consumidores de a\u00e7o durante julho de 2023. Enquanto a constru\u00e7\u00e3o permaneceu em territ\u00f3rio positivo, a ind\u00fastria a maquinaria aprofundou a sua queda. A produ\u00e7\u00e3o de eletrodom\u00e9sticos e a ind\u00fastria automotiva tamb\u00e9m cresceram, embora tenham vindo de din\u00e2micas diferentes nos meses anteriores: o primeiro se recuperou ap\u00f3s treze recordes negativos, enquanto o segundo voltou a crescer ap\u00f3s uma ligeira queda em julho;<\/span><\/strong><\/em><\/li>\n<li class=\"v1ql-align-justify\"><strong><em><span style=\"color: #993300;\">A constru\u00e7\u00e3o acelerou seu crescimento, tendo avan\u00e7ado 12,0% a\/a durante o s\u00e9timo m\u00eas do ano (de +7,8% a\/a em junho-23), registrando o terceiro recorde positivo consecutivo na compara\u00e7\u00e3o anual, algo que n\u00e3o acontecia desde o primeiro semestre de 2022. Durante o s\u00e9timo m\u00eas do ano, a melhora foi impulsionada pela expans\u00e3o do M\u00e9xico (+25,6% a\/a), o que foi mais do que suficiente para compensar um decl\u00ednio geral no resto dos pa\u00edses: Peru e Chile lideraram as quedas interanuais, de 8,8% e 8,3% respectivamente, seguidas pela Col\u00f4mbia (-6,5%) e Argentina (-5,8%).<\/span><\/em><\/strong><\/li>\n<\/ul>\n<p class=\"v1ql-align-justify\"><span style=\"color: #800000;\"><strong>Oportunidade de discutir o desempenho e os desafios do setor:<\/strong><\/span><\/p>\n<p class=\"v1ql-align-justify\">Para impulsionar as discuss\u00f5es sobre a import\u00e2ncia do setor de a\u00e7o para as economias mundiais, principalmente da Am\u00e9rica Latina, a Alacero, realiza, h\u00e1 mais de 60 anos, o congresso Alacero Summit. A edi\u00e7\u00e3o de 2023 acontece nos dias\u00a0<strong>08 a 09 de Novembro, das 8h \u00e0s 15h, no Transam\u00e9rica Expocenter, em S\u00e3o Paulo, Brasil<\/strong>, e recebe executivos de empresas como ArcelorMittal, DeAcero, Gerdau, Ternium, Primetals, Danieli, Vale, entre outras. Interessados podem conferir a programa\u00e7\u00e3o completa\u00a0<a href=\"https:\/\/click.cse360.com.br\/Click\/AddCampaignEmailClick\/266e6264-c569-4e5f-e45e-08dbd981b3c9\/https%253a%252f%252fsummit.alacero.org%252fpt%252f\/e5a1d2fa-94bb-4a21-b332-08d7c5ff26d1\/redacao@jornaldaconstrucaocivil.com.br\/True\" target=\"_blank\" rel=\"noopener noreferrer\">neste link.<\/a><\/p>\n","protected":false},"excerpt":{"rendered":"<p>Alacero defende que defesa comercial e nearshoring s\u00e3o fundamentais &nbsp; S\u00e3o Paulo, outubro de 2023 &#8211; Dados da Alacero, Associa\u00e7\u00e3o Latino-Americana do A\u00e7o, indicam que, em agosto de 2023, a produ\u00e7\u00e3o de a\u00e7o bruto foi 7,8% inferior \u00e0 de agosto anterior, totalizando 4,9 Mt, e 3,7% superior \u00e0 de julho de 2023. No acumulado dos [&hellip;]<\/p>\n","protected":false},"author":1,"featured_media":22620,"comment_status":"open","ping_status":"open","sticky":false,"template":"","format":"standard","meta":{"_uag_custom_page_level_css":"","footnotes":""},"categories":[33],"tags":[24757,17180,19250,25854],"class_list":["post-22619","post","type-post","status-publish","format-standard","has-post-thumbnail","hentry","category-mercado","tag-servicosdeengenharia","tag-aco-na-obra","tag-alacero","tag-consumo-de-aco"],"blocksy_meta":[],"spectra_blocks_featured_image_url":{"thumbnail":{"url":"https:\/\/construcaocivil.siriusmarketingedesign.com.br\/wp-content\/uploads\/2023\/11\/ACO-NOVEMBRO-150x150.jpg","width":150,"height":150},"medium":{"url":"https:\/\/construcaocivil.siriusmarketingedesign.com.br\/wp-content\/uploads\/2023\/11\/ACO-NOVEMBRO-300x244.jpg","width":300,"height":244},"medium_large":{"url":"https:\/\/construcaocivil.siriusmarketingedesign.com.br\/wp-content\/uploads\/2023\/11\/ACO-NOVEMBRO.jpg","width":749,"height":608},"large":{"url":"https:\/\/construcaocivil.siriusmarketingedesign.com.br\/wp-content\/uploads\/2023\/11\/ACO-NOVEMBRO.jpg","width":749,"height":608},"full":{"url":"https:\/\/construcaocivil.siriusmarketingedesign.com.br\/wp-content\/uploads\/2023\/11\/ACO-NOVEMBRO.jpg","width":749,"height":608}},"spectra_blocks_author_info":{"display_name":"Jornal da Constru\u00e7\u00e3o Civil","avatar_url":"https:\/\/secure.gravatar.com\/avatar\/973c9774fd44ddaceb026973c4962faa70fc512bc4c9da68e8ebb40fecee6540?s=96&d=mm&r=g","author_link":"https:\/\/construcaocivil.siriusmarketingedesign.com.br\/?author=1","description":"Desde de 2013, levando muitas informa\u00e7\u00f5es, lan\u00e7amentos e produtos de qualidade para toda cadeia produtiva da constru\u00e7\u00e3o. O Futuro da constru\u00e7\u00e3o passa por aqui,"},"uagb_featured_image_src":{"full":["https:\/\/construcaocivil.siriusmarketingedesign.com.br\/wp-content\/uploads\/2023\/11\/ACO-NOVEMBRO.jpg",749,608,false],"thumbnail":["https:\/\/construcaocivil.siriusmarketingedesign.com.br\/wp-content\/uploads\/2023\/11\/ACO-NOVEMBRO-150x150.jpg",150,150,true],"medium":["https:\/\/construcaocivil.siriusmarketingedesign.com.br\/wp-content\/uploads\/2023\/11\/ACO-NOVEMBRO-300x244.jpg",300,244,true],"medium_large":["https:\/\/construcaocivil.siriusmarketingedesign.com.br\/wp-content\/uploads\/2023\/11\/ACO-NOVEMBRO.jpg",749,608,false],"large":["https:\/\/construcaocivil.siriusmarketingedesign.com.br\/wp-content\/uploads\/2023\/11\/ACO-NOVEMBRO.jpg",749,608,false],"1536x1536":["https:\/\/construcaocivil.siriusmarketingedesign.com.br\/wp-content\/uploads\/2023\/11\/ACO-NOVEMBRO.jpg",749,608,false],"2048x2048":["https:\/\/construcaocivil.siriusmarketingedesign.com.br\/wp-content\/uploads\/2023\/11\/ACO-NOVEMBRO.jpg",749,608,false]},"uagb_author_info":{"display_name":"Jornal da Constru\u00e7\u00e3o Civil","author_link":"https:\/\/construcaocivil.siriusmarketingedesign.com.br\/?author=1"},"uagb_comment_info":0,"uagb_excerpt":"Alacero defende que defesa comercial e nearshoring s\u00e3o fundamentais &nbsp; S\u00e3o Paulo, outubro de 2023 &#8211; Dados da Alacero, Associa\u00e7\u00e3o Latino-Americana do A\u00e7o, indicam que, em agosto de 2023, a produ\u00e7\u00e3o de a\u00e7o bruto foi 7,8% inferior \u00e0 de agosto anterior, totalizando 4,9 Mt, e 3,7% superior \u00e0 de julho de 2023. No acumulado dos&hellip;","_links":{"self":[{"href":"https:\/\/construcaocivil.siriusmarketingedesign.com.br\/index.php?rest_route=\/wp\/v2\/posts\/22619","targetHints":{"allow":["GET"]}}],"collection":[{"href":"https:\/\/construcaocivil.siriusmarketingedesign.com.br\/index.php?rest_route=\/wp\/v2\/posts"}],"about":[{"href":"https:\/\/construcaocivil.siriusmarketingedesign.com.br\/index.php?rest_route=\/wp\/v2\/types\/post"}],"author":[{"embeddable":true,"href":"https:\/\/construcaocivil.siriusmarketingedesign.com.br\/index.php?rest_route=\/wp\/v2\/users\/1"}],"replies":[{"embeddable":true,"href":"https:\/\/construcaocivil.siriusmarketingedesign.com.br\/index.php?rest_route=%2Fwp%2Fv2%2Fcomments&post=22619"}],"version-history":[{"count":0,"href":"https:\/\/construcaocivil.siriusmarketingedesign.com.br\/index.php?rest_route=\/wp\/v2\/posts\/22619\/revisions"}],"wp:featuredmedia":[{"embeddable":true,"href":"https:\/\/construcaocivil.siriusmarketingedesign.com.br\/index.php?rest_route=\/wp\/v2\/media\/22620"}],"wp:attachment":[{"href":"https:\/\/construcaocivil.siriusmarketingedesign.com.br\/index.php?rest_route=%2Fwp%2Fv2%2Fmedia&parent=22619"}],"wp:term":[{"taxonomy":"category","embeddable":true,"href":"https:\/\/construcaocivil.siriusmarketingedesign.com.br\/index.php?rest_route=%2Fwp%2Fv2%2Fcategories&post=22619"},{"taxonomy":"post_tag","embeddable":true,"href":"https:\/\/construcaocivil.siriusmarketingedesign.com.br\/index.php?rest_route=%2Fwp%2Fv2%2Ftags&post=22619"}],"curies":[{"name":"wp","href":"https:\/\/api.w.org\/{rel}","templated":true}]}}