{"id":22625,"date":"2023-11-02T17:58:41","date_gmt":"2023-11-02T20:58:41","guid":{"rendered":"https:\/\/www.jornaldaconstrucaocivil.com.br\/?p=22625"},"modified":"2023-11-02T17:58:41","modified_gmt":"2023-11-02T20:58:41","slug":"trienal-de-arquitetura-de-sharjah-2023-anuncia-tema-de-abertura-a-beleza-da-impermanencia-uma-arquitetura-de-adaptabilidade","status":"publish","type":"post","link":"https:\/\/construcaocivil.siriusmarketingedesign.com.br\/?p=22625","title":{"rendered":"Trienal de Arquitetura de Sharjah 2023 anuncia tema de abertura: A Beleza da Imperman\u00eancia: Uma Arquitetura de Adaptabilidade"},"content":{"rendered":"<p style=\"text-align: justify;\">\n<p style=\"text-align: justify;\">A segunda edi\u00e7\u00e3o da Trienal de Arquitetura de Sharjah,\u00a0<em><span style=\"color: #ff0000;\"><strong>A<\/strong><strong> Beleza da Imperman\u00eancia<\/strong><\/span><\/em><span style=\"color: #ff0000;\"><strong>,<\/strong><\/span> estreia ao p\u00fablico na pr\u00f3xima semana com um programa de abertura de tr\u00eas dias de palestras, passeios, proje\u00e7\u00f5es, oficinas e performances. A decorrer de 11 a 13 de novembro, este programa de eventos ir\u00e1 imergir os visitantes num di\u00e1logo din\u00e2mico em toda a cidade em torno do potencial das solu\u00e7\u00f5es contextuais, da partilha de recursos e da reutiliza\u00e7\u00e3o de res\u00edduos para mudar o futuro da arquitetura e do design a n\u00edvel global.<\/p>\n<p>Com curadoria do arquiteto\u00a0<strong>Tosin Oshinowo<\/strong>, de Lagos, esta edi\u00e7\u00e3o destacar\u00e1 solu\u00e7\u00f5es de design criativas, inovadoras e engenhosas nascidas de condi\u00e7\u00f5es de escassez em todo o Sul Global, exemplificada no trabalho de 29 participantes. O programa come\u00e7ar\u00e1 com uma conversa entre\u00a0<strong>Lesley Lokko<\/strong>\u00a0(curador, arquiteto e fundador do African Futures Institute em Acra) e\u00a0<strong>Rahul Mehrotra<\/strong>\u00a0(fundador da RMA Architects e professor da Harvard Graduate School of Design), refletindo sobre arquitetos e designers que navegaram por restri\u00e7\u00f5es contextuais para transformar escassez em oportunidade. Esse tema recorrente forma a base de uma nova e importante publica\u00e7\u00e3o que acompanha a Trienal,\u00a0<em>Notas de Campo sobre a Escassez<\/em>, que apresenta poemas, ensaios e di\u00e1logos de 60 estudiosos e profissionais de todo o Sul Global e ser\u00e1 lan\u00e7ada em uma apresenta\u00e7\u00e3o moderada por sua coeditora\u00a0<strong>Julie Cirelli<\/strong>.<\/p>\n<figure id=\"attachment_22627\" aria-describedby=\"caption-attachment-22627\" style=\"width: 300px\" class=\"wp-caption alignleft\"><img loading=\"lazy\" decoding=\"async\" class=\"size-medium wp-image-22627\" src=\"https:\/\/www.jornaldaconstrucaocivil.com.br\/wp-content\/uploads\/2023\/11\/Al-Borde-Concept-rendering-of-Raw-Threshold-\u00a9-Pinxcel-300x167.jpg\" alt=\"\" width=\"300\" height=\"167\" srcset=\"https:\/\/construcaocivil.siriusmarketingedesign.com.br\/wp-content\/uploads\/2023\/11\/Al-Borde-Concept-rendering-of-Raw-Threshold-\u00a9-Pinxcel-300x167.jpg 300w, https:\/\/construcaocivil.siriusmarketingedesign.com.br\/wp-content\/uploads\/2023\/11\/Al-Borde-Concept-rendering-of-Raw-Threshold-\u00a9-Pinxcel-1024x569.jpg 1024w, https:\/\/construcaocivil.siriusmarketingedesign.com.br\/wp-content\/uploads\/2023\/11\/Al-Borde-Concept-rendering-of-Raw-Threshold-\u00a9-Pinxcel-768x427.jpg 768w, https:\/\/construcaocivil.siriusmarketingedesign.com.br\/wp-content\/uploads\/2023\/11\/Al-Borde-Concept-rendering-of-Raw-Threshold-\u00a9-Pinxcel-1536x854.jpg 1536w, https:\/\/construcaocivil.siriusmarketingedesign.com.br\/wp-content\/uploads\/2023\/11\/Al-Borde-Concept-rendering-of-Raw-Threshold-\u00a9-Pinxcel-2048x1139.jpg 2048w, https:\/\/construcaocivil.siriusmarketingedesign.com.br\/wp-content\/uploads\/2023\/11\/Al-Borde-Concept-rendering-of-Raw-Threshold-\u00a9-Pinxcel-200x111.jpg 200w\" sizes=\"auto, (max-width: 300px) 100vw, 300px\" \/><figcaption id=\"caption-attachment-22627\" class=\"wp-caption-text\">Al Borde, Concept rendering of Raw Threshold \u00a9 Pinxcel<\/figcaption><\/figure>\n<p style=\"text-align: justify;\">Uma s\u00e9rie de pain\u00e9is convidar\u00e1 os participantes do SAT para discutir seus projetos, com f\u00f3runs girando em torno das tr\u00eas vertentes curatoriais que sustentam o tema de Oshinowo. Isso inclui discuss\u00f5es em torno de abordagens contextuais para a arquitetura, a import\u00e2ncia de abra\u00e7ar o ciclo de vida dos materiais e o significado socioecon\u00f4mico da poeira. Estes ser\u00e3o moderados por <strong>Matthew Barac<\/strong>\u00a0(Professor de Arquitetura e Cultura Urbana na London Metropolitan University),\u00a0<strong>Seetal Solanki<\/strong>\u00a0(Fundador e Diretor da Ma-tt-er) e\u00a0<strong>Mpho Matsipa<\/strong>\u00a0(Professor Assistente Visitante na GSAPP, Columbia University), respectivamente.<\/p>\n<p>Apresentando aos visitantes os principais locais da Trienal, Oshinowo conduzir\u00e1 um passo a passo curatorial na Escola Al Qasimiyah, com outras visitas guiadas ocorrendo durante o fim de semana. Entre elas, a exposi\u00e7\u00e3o da\u00a0<strong>Funda\u00e7\u00e3o Hunnarshala<\/strong>, liderada pelo fundador\u00a0<strong>Sandeep Virmani<\/strong>, e a instala\u00e7\u00e3o de\u00a0<strong>Cave_bureau<\/strong>\u00a0no Matadouro Antigo de Sharjah, que reflete sobre estados de imperman\u00eancia por meio de sons e proje\u00e7\u00f5es ambientais. Uma visita externa \u00e0 aldeia abandonada de Al Madame tamb\u00e9m convidar\u00e1 os visitantes a descobrir a instala\u00e7\u00e3o\u00a0<em>Tenda de Concreto<\/em>\u00a0(2023) do\u00a0<strong>DAAR \u2013 Sandi Hilal e Alessandro Petti<\/strong>. Originalmente localizado no campo de refugiados de Dheisheh, em Bel\u00e9m, proporcionar\u00e1 um espa\u00e7o de reflex\u00e3o compartilhada sobre a condi\u00e7\u00e3o de permanente provisoriedade vivida pelas popula\u00e7\u00f5es migrantes de hoje e um ref\u00fagio para o luto coletivo. A instala\u00e7\u00e3o estar\u00e1 aberta ao p\u00fablico durante os tr\u00eas dias de programa\u00e7\u00e3o p\u00fablica, e ser\u00e1 acompanhada por uma performance em tr\u00eas atos intitulada\u00a0<em>Osagbaye\u00a0<\/em>(esp\u00edritos ocupando espa\u00e7os mundanos), montada pelo participante do SAT\u00a0<strong>Bubu Ogisi.<\/strong><\/p>\n<figure id=\"attachment_22628\" aria-describedby=\"caption-attachment-22628\" style=\"width: 300px\" class=\"wp-caption alignright\"><img loading=\"lazy\" decoding=\"async\" class=\"size-medium wp-image-22628\" src=\"https:\/\/www.jornaldaconstrucaocivil.com.br\/wp-content\/uploads\/2023\/11\/Placement-of-wooden-structural-roof-La-Balsanera-Floating-Productive-House.-Credit-\u00a9-Natura-Futura-300x225.jpg\" alt=\"\" width=\"300\" height=\"225\" srcset=\"https:\/\/construcaocivil.siriusmarketingedesign.com.br\/wp-content\/uploads\/2023\/11\/Placement-of-wooden-structural-roof-La-Balsanera-Floating-Productive-House.-Credit-\u00a9-Natura-Futura-300x225.jpg 300w, https:\/\/construcaocivil.siriusmarketingedesign.com.br\/wp-content\/uploads\/2023\/11\/Placement-of-wooden-structural-roof-La-Balsanera-Floating-Productive-House.-Credit-\u00a9-Natura-Futura-1024x768.jpg 1024w, https:\/\/construcaocivil.siriusmarketingedesign.com.br\/wp-content\/uploads\/2023\/11\/Placement-of-wooden-structural-roof-La-Balsanera-Floating-Productive-House.-Credit-\u00a9-Natura-Futura-768x576.jpg 768w, https:\/\/construcaocivil.siriusmarketingedesign.com.br\/wp-content\/uploads\/2023\/11\/Placement-of-wooden-structural-roof-La-Balsanera-Floating-Productive-House.-Credit-\u00a9-Natura-Futura-1536x1152.jpg 1536w, https:\/\/construcaocivil.siriusmarketingedesign.com.br\/wp-content\/uploads\/2023\/11\/Placement-of-wooden-structural-roof-La-Balsanera-Floating-Productive-House.-Credit-\u00a9-Natura-Futura-2048x1536.jpg 2048w, https:\/\/construcaocivil.siriusmarketingedesign.com.br\/wp-content\/uploads\/2023\/11\/Placement-of-wooden-structural-roof-La-Balsanera-Floating-Productive-House.-Credit-\u00a9-Natura-Futura-200x150.jpg 200w\" sizes=\"auto, (max-width: 300px) 100vw, 300px\" \/><figcaption id=\"caption-attachment-22628\" class=\"wp-caption-text\">Placement of wooden structural roof &#8211; La Balsanera &#8211; Floating Productive House. Credit \u00a9 Natura Futura<\/figcaption><\/figure>\n<p style=\"text-align: justify;\">Um workshop sobre t\u00e9cnicas de upcycling ser\u00e1 conduzido por\u00a0<strong>Thomas Egoumenides<\/strong>, cuja instala\u00e7\u00e3o\u00a0<em>Ship of Theseus<\/em>\u00a0(2023) aproveita o potencial est\u00e9tico dos materiais descartados, enquanto\u00a0<strong>Collab: Henry Glogau e Aleksander Kongshaug<\/strong>, sediar\u00e3o um workshop sobre filtros de ar salgado. Focada em solu\u00e7\u00f5es de baixa tecnologia, ecoconscientes e adapt\u00e1veis, sua instala\u00e7\u00e3o\u00a0<em>Autonomia de Recursos<\/em>\u00a0(2023) &#8211; composta por tr\u00eas pavilh\u00f5es de bambu &#8211; demonstrar\u00e1 o potencial de cria\u00e7\u00e3o de recursos a partir de desafios ambientais, como o uso de dessaliniza\u00e7\u00e3o solar para \u00e1gua limpa e salmoura para purifica\u00e7\u00e3o do ar.<\/p>\n<p style=\"text-align: justify;\">Defendendo um design que abra\u00e7a a ecologia, um evento de palestras explorar\u00e1 a conex\u00e3o entre humanos e formas n\u00e3o humanas de vida, apresentando performances que incorporam som, visuais e o corpo. O Mirage City Cinema sediar\u00e1 uma exibi\u00e7\u00e3o de\u00a0<em>Tropical Modernism: Architecture and Power in West Africa<\/em>\u00a0(2023), um filme que oferece informa\u00e7\u00f5es sobre a intera\u00e7\u00e3o entre arquitetura moderna e colonialismo no rec\u00e9m-independente Gana, acompanhado por um painel de discuss\u00e3o moderado por\u00a0<strong>Olorunfemi Adewuyi<\/strong>\u00a0(Architectural Associate do Studio Contra).\u00a0<strong>Wale Lawal<\/strong>\u00a0(Fundador de A Rep\u00fablica) tamb\u00e9m moderar\u00e1 uma palestra sobre o poder da imagina\u00e7\u00e3o para repensar o futuro da arquitetura e do design.<\/p>\n<p style=\"text-align: justify;\">Oshinowo comentou: &#8220;A import\u00e2ncia de abra\u00e7ar o contexto no design e na arquitetura tem informado e inspirado minha pr\u00e1tica por mais de uma d\u00e9cada, e tenho o prazer de apresentar essa incr\u00edvel gama de profissionais que s\u00e3o guiados por princ\u00edpios e ideias semelhantes. Neste momento cr\u00edtico para o planeta e sua popula\u00e7\u00e3o, espero que os visitantes saiam com um senso de esperan\u00e7a e possibilidade enquanto celebramos abordagens e comunidades criativas, inovadoras e orientadas para solu\u00e7\u00f5es de todo o Sul Global, e seu potencial para mudar o futuro de como vivemos.&#8221;<\/p>\n","protected":false},"excerpt":{"rendered":"<p>A segunda edi\u00e7\u00e3o da Trienal de Arquitetura de Sharjah,\u00a0A Beleza da Imperman\u00eancia, estreia ao p\u00fablico na pr\u00f3xima semana com um programa de abertura de tr\u00eas dias de palestras, passeios, proje\u00e7\u00f5es, oficinas e performances. A decorrer de 11 a 13 de novembro, este programa de eventos ir\u00e1 imergir os visitantes num di\u00e1logo din\u00e2mico em toda a [&hellip;]<\/p>\n","protected":false},"author":1,"featured_media":22626,"comment_status":"open","ping_status":"open","sticky":false,"template":"","format":"standard","meta":{"_uag_custom_page_level_css":"","footnotes":""},"categories":[28],"tags":[25856,1933,25255,25855],"class_list":["post-22625","post","type-post","status-publish","format-standard","has-post-thumbnail","hentry","category-arquitetura","tag-african-futures-institute","tag-casa-e-decoracao","tag-emirados-arabes-unidos","tag-sharjah-architecture-2023"],"blocksy_meta":[],"spectra_blocks_featured_image_url":{"thumbnail":{"url":"https:\/\/construcaocivil.siriusmarketingedesign.com.br\/wp-content\/uploads\/2023\/11\/Hunnarshala-Campus-Bhuj.-Image-Courtesy-of-Andreas-Deffner-150x150.jpg","width":150,"height":150},"medium":{"url":"https:\/\/construcaocivil.siriusmarketingedesign.com.br\/wp-content\/uploads\/2023\/11\/Hunnarshala-Campus-Bhuj.-Image-Courtesy-of-Andreas-Deffner-300x193.jpg","width":300,"height":193},"medium_large":{"url":"https:\/\/construcaocivil.siriusmarketingedesign.com.br\/wp-content\/uploads\/2023\/11\/Hunnarshala-Campus-Bhuj.-Image-Courtesy-of-Andreas-Deffner-768x494.jpg","width":768,"height":494},"large":{"url":"https:\/\/construcaocivil.siriusmarketingedesign.com.br\/wp-content\/uploads\/2023\/11\/Hunnarshala-Campus-Bhuj.-Image-Courtesy-of-Andreas-Deffner-1024x659.jpg","width":1024,"height":659},"full":{"url":"https:\/\/construcaocivil.siriusmarketingedesign.com.br\/wp-content\/uploads\/2023\/11\/Hunnarshala-Campus-Bhuj.-Image-Courtesy-of-Andreas-Deffner-scaled.jpg","width":2560,"height":1647}},"spectra_blocks_author_info":{"display_name":"Jornal da Constru\u00e7\u00e3o Civil","avatar_url":"https:\/\/secure.gravatar.com\/avatar\/973c9774fd44ddaceb026973c4962faa70fc512bc4c9da68e8ebb40fecee6540?s=96&d=mm&r=g","author_link":"https:\/\/construcaocivil.siriusmarketingedesign.com.br\/?author=1","description":"Desde de 2013, levando muitas informa\u00e7\u00f5es, lan\u00e7amentos e produtos de qualidade para toda cadeia produtiva da constru\u00e7\u00e3o. O Futuro da constru\u00e7\u00e3o passa por aqui,"},"uagb_featured_image_src":{"full":["https:\/\/construcaocivil.siriusmarketingedesign.com.br\/wp-content\/uploads\/2023\/11\/Hunnarshala-Campus-Bhuj.-Image-Courtesy-of-Andreas-Deffner-scaled.jpg",2560,1647,false],"thumbnail":["https:\/\/construcaocivil.siriusmarketingedesign.com.br\/wp-content\/uploads\/2023\/11\/Hunnarshala-Campus-Bhuj.-Image-Courtesy-of-Andreas-Deffner-150x150.jpg",150,150,true],"medium":["https:\/\/construcaocivil.siriusmarketingedesign.com.br\/wp-content\/uploads\/2023\/11\/Hunnarshala-Campus-Bhuj.-Image-Courtesy-of-Andreas-Deffner-300x193.jpg",300,193,true],"medium_large":["https:\/\/construcaocivil.siriusmarketingedesign.com.br\/wp-content\/uploads\/2023\/11\/Hunnarshala-Campus-Bhuj.-Image-Courtesy-of-Andreas-Deffner-768x494.jpg",768,494,true],"large":["https:\/\/construcaocivil.siriusmarketingedesign.com.br\/wp-content\/uploads\/2023\/11\/Hunnarshala-Campus-Bhuj.-Image-Courtesy-of-Andreas-Deffner-1024x659.jpg",1024,659,true],"1536x1536":["https:\/\/construcaocivil.siriusmarketingedesign.com.br\/wp-content\/uploads\/2023\/11\/Hunnarshala-Campus-Bhuj.-Image-Courtesy-of-Andreas-Deffner-1536x988.jpg",1536,988,true],"2048x2048":["https:\/\/construcaocivil.siriusmarketingedesign.com.br\/wp-content\/uploads\/2023\/11\/Hunnarshala-Campus-Bhuj.-Image-Courtesy-of-Andreas-Deffner-2048x1318.jpg",2048,1318,true]},"uagb_author_info":{"display_name":"Jornal da Constru\u00e7\u00e3o Civil","author_link":"https:\/\/construcaocivil.siriusmarketingedesign.com.br\/?author=1"},"uagb_comment_info":0,"uagb_excerpt":"A segunda edi\u00e7\u00e3o da Trienal de Arquitetura de Sharjah,\u00a0A Beleza da Imperman\u00eancia, estreia ao p\u00fablico na pr\u00f3xima semana com um programa de abertura de tr\u00eas dias de palestras, passeios, proje\u00e7\u00f5es, oficinas e performances. A decorrer de 11 a 13 de novembro, este programa de eventos ir\u00e1 imergir os visitantes num di\u00e1logo din\u00e2mico em toda a&hellip;","_links":{"self":[{"href":"https:\/\/construcaocivil.siriusmarketingedesign.com.br\/index.php?rest_route=\/wp\/v2\/posts\/22625","targetHints":{"allow":["GET"]}}],"collection":[{"href":"https:\/\/construcaocivil.siriusmarketingedesign.com.br\/index.php?rest_route=\/wp\/v2\/posts"}],"about":[{"href":"https:\/\/construcaocivil.siriusmarketingedesign.com.br\/index.php?rest_route=\/wp\/v2\/types\/post"}],"author":[{"embeddable":true,"href":"https:\/\/construcaocivil.siriusmarketingedesign.com.br\/index.php?rest_route=\/wp\/v2\/users\/1"}],"replies":[{"embeddable":true,"href":"https:\/\/construcaocivil.siriusmarketingedesign.com.br\/index.php?rest_route=%2Fwp%2Fv2%2Fcomments&post=22625"}],"version-history":[{"count":0,"href":"https:\/\/construcaocivil.siriusmarketingedesign.com.br\/index.php?rest_route=\/wp\/v2\/posts\/22625\/revisions"}],"wp:featuredmedia":[{"embeddable":true,"href":"https:\/\/construcaocivil.siriusmarketingedesign.com.br\/index.php?rest_route=\/wp\/v2\/media\/22626"}],"wp:attachment":[{"href":"https:\/\/construcaocivil.siriusmarketingedesign.com.br\/index.php?rest_route=%2Fwp%2Fv2%2Fmedia&parent=22625"}],"wp:term":[{"taxonomy":"category","embeddable":true,"href":"https:\/\/construcaocivil.siriusmarketingedesign.com.br\/index.php?rest_route=%2Fwp%2Fv2%2Fcategories&post=22625"},{"taxonomy":"post_tag","embeddable":true,"href":"https:\/\/construcaocivil.siriusmarketingedesign.com.br\/index.php?rest_route=%2Fwp%2Fv2%2Ftags&post=22625"}],"curies":[{"name":"wp","href":"https:\/\/api.w.org\/{rel}","templated":true}]}}