{"id":22637,"date":"2023-11-06T00:42:22","date_gmt":"2023-11-06T03:42:22","guid":{"rendered":"https:\/\/www.jornaldaconstrucaocivil.com.br\/?p=22637"},"modified":"2023-11-06T00:42:22","modified_gmt":"2023-11-06T03:42:22","slug":"otis-abre-vagas-de-estagio-tecnico-em-todas-as-regioes-do-brasil","status":"publish","type":"post","link":"https:\/\/construcaocivil.siriusmarketingedesign.com.br\/?p=22637","title":{"rendered":"Otis abre vagas de est\u00e1gio t\u00e9cnico em todas as regi\u00f5es do Brasil"},"content":{"rendered":"<p class=\"v1MsoNormal\" style=\"text-align: justify;\" align=\"center\"><strong><span style=\"color: #993300;\"><i>Programa Rota Escola desenvolve talentos e forma for\u00e7a de trabalho diversa e qualificada para atuar com a manuten\u00e7\u00e3o de elevadores e escadas rolantes<\/i><\/span><\/strong><\/p>\n<p class=\"v1MsoNormal\" style=\"text-align: justify;\"><b>S\u00e3o Bernardo do Campo, 31 de outubro de 2023 \u2013\u00a0<\/b>A Otis anuncia hoje o in\u00edcio das inscri\u00e7\u00f5es para o Rota Escola, seu programa de est\u00e1gio t\u00e9cnico, que tem como objetivo formar profissionais para atuar com a manuten\u00e7\u00e3o de elevadores e escadas rolantes.<\/p>\n<p class=\"v1MsoNormal\" style=\"text-align: justify;\">\n<p class=\"v1MsoNormal\" style=\"text-align: justify;\">S\u00e3o mais de 50 vagas abertas nas cidades de Aracaju, Bel\u00e9m, Belo Horizonte, Bras\u00edlia, Campo Grande, Curitiba, Florian\u00f3polis, Fortaleza, Goi\u00e2nia, Itaja\u00ed, Jo\u00e3o Pessoa, Londrina, Manaus, Natal, Niter\u00f3i, Porto Alegre, Recife, Ribeir\u00e3o Preto, Rio de Janeiro, Salvador, Santos, S\u00e3o Luis, S\u00e3o Paulo, Teresina e Vit\u00f3ria. Para se candidatar, \u00e9 preciso ter, no m\u00ednimo, 18 anos e estar matriculado nos cursos t\u00e9cnicos e tecn\u00f3logos em el\u00e9trica, eletr\u00f4nica, eletrot\u00e9cnica, eletroeletr\u00f4nica, mecatr\u00f4nica, automa\u00e7\u00e3o e mec\u00e2nica. As inscri\u00e7\u00f5es est\u00e3o abertas at\u00e9 15 de dezembro\u00a0pelo site da\u00a0<a href=\"https:\/\/www.superestagios.com.br\/index\/processoSeletivo\/exibe_vagas.php?e=MjQzMzM=\" target=\"_blank\" rel=\"noopener noreferrer\">Super Est\u00e1gios<\/a>. \u00c9 necess\u00e1rio fazer o cadastro no site caso o candidato ainda n\u00e3o tenha.<\/p>\n<p class=\"v1MsoNormal\" style=\"text-align: justify;\">\n<p class=\"v1MsoNormal\" style=\"text-align: justify;\">\u201cOs profissionais t\u00e9cnicos representam mais da metade da nossa for\u00e7a de trabalho e s\u00e3o essenciais para o nosso sucesso em manter as pessoas em movimento por todo o Brasil\u201d, diz Cristiane Fiorezzi, Diretora de Recursos Humanos da Otis para a Am\u00e9rica Latina. \u201cO programa Rota Escola representa a import\u00e2ncia do desenvolvimento dos nossos colegas como um pilar fundamental na Otis. Oferecemos capacita\u00e7\u00e3o de primeiro n\u00edvel para que nossos colegas brilhem no trabalho que executam.\u201d<\/p>\n<p class=\"v1MsoNormal\" style=\"text-align: justify;\">\n<p class=\"v1MsoNormal\" style=\"text-align: justify;\">O programa inclui treinamento dos estagi\u00e1rios com dura\u00e7\u00e3o de oito meses, oferecendo mais de 1.200 horas de capacita\u00e7\u00e3o te\u00f3rica e pr\u00e1tica, realizada com acompanhamento de t\u00e9cnicos experientes, para que aprendam sobre o funcionamento de elevadores e escadas rolantes, al\u00e9m de desenvolverem habilidades comportamentais para atendimento ao cliente. Os estagi\u00e1rios passam por avali\u00e7\u00f5es trimestrais para, ao final do programa, serem eleg\u00edveis para uma poss\u00edvel efetiva\u00e7\u00e3o como t\u00e9cnicos e t\u00e9cnicas da Otis.<\/p>\n<p class=\"v1MsoNormal\" style=\"text-align: justify;\">\n<p class=\"v1MsoNormal\" style=\"text-align: justify;\"><b>Diversidade, equidade e inclus\u00e3o<\/b><\/p>\n<p class=\"v1MsoNormal\" style=\"text-align: justify;\">A diversidade, equidade e inclus\u00e3o s\u00e3o parte da cultura da Otis. \u201cGrande parte das profissionais mulheres que temos em campo chegam \u00e0 Otis pelo Rota Escola. Nossa meta \u00e9 que elas representem metade dos participantes do programa. Vimos o n\u00famero de candidatas interessadas crescer ano a ano e, na edi\u00e7\u00e3o do ano passado, as inscri\u00e7\u00f5es de mulheres bateram o recorde\u201d, conta Fiorezzi.<\/p>\n<p class=\"v1MsoNormal\" style=\"text-align: justify;\">\n<p class=\"v1MsoNormal\" style=\"text-align: justify;\">Adriane Silva, Supervisora de Servi\u00e7os da filial da Otis em Goi\u00e2nia, \u00e9 um exemplo de profissional que deu in\u00edcio \u00e0 sua carreira pelo Rota Escola. Silva entrou na empresa por meio da edi\u00e7\u00e3o de 2018 do programa e, ap\u00f3s sua conclus\u00e3o, foi a primeira t\u00e9cnica mulher a ser efetivada em sua filial. \u201cSempre fui muito bem recebida, tive o apoio de todos os colegas e isso fez a diferen\u00e7a em minha carreira. Uma das coisas que mais me deixam feliz \u00e9 ver como a Otis se preocupa em oferecer oportunidades de desenvolvimento e em dar mais espa\u00e7o \u00e0s mulheres. Eu participei do\u00a0<a href=\"https:\/\/www.otis.com\/pt\/br\/carreiras\/programa-bolsa-estudos\" target=\"_blank\" rel=\"noopener noreferrer\">Programa de Bolsas de Estudo para Funcion\u00e1rios<\/a>\u00a0e tamb\u00e9m fui mentorada, isso permitiu que eu descobrisse o que, de fato, queria para o futuro. E o resultado veio mais r\u00e1pido do que eu imaginava: fui a primeira mulher em nossa filial a ser promovida para o cargo de Supervisora de Servi\u00e7os\u201d, diz Silva.<\/p>\n","protected":false},"excerpt":{"rendered":"<p>Programa Rota Escola desenvolve talentos e forma for\u00e7a de trabalho diversa e qualificada para atuar com a manuten\u00e7\u00e3o de elevadores e escadas rolantes S\u00e3o Bernardo do Campo, 31 de outubro de 2023 \u2013\u00a0A Otis anuncia hoje o in\u00edcio das inscri\u00e7\u00f5es para o Rota Escola, seu programa de est\u00e1gio t\u00e9cnico, que tem como objetivo formar profissionais [&hellip;]<\/p>\n","protected":false},"author":1,"featured_media":22638,"comment_status":"open","ping_status":"open","sticky":false,"template":"","format":"standard","meta":{"_uag_custom_page_level_css":"","footnotes":""},"categories":[27],"tags":[24757,3919,22873,8543],"class_list":["post-22637","post","type-post","status-publish","format-standard","has-post-thumbnail","hentry","category-acontece","tag-servicosdeengenharia","tag-edificacoes","tag-estagio-e-empregos","tag-otis-elevadores"],"blocksy_meta":[],"spectra_blocks_featured_image_url":{"thumbnail":{"url":"https:\/\/construcaocivil.siriusmarketingedesign.com.br\/wp-content\/uploads\/2023\/11\/ProgramaRotaEscolaOtis2023-150x150.jpg","width":150,"height":150},"medium":{"url":"https:\/\/construcaocivil.siriusmarketingedesign.com.br\/wp-content\/uploads\/2023\/11\/ProgramaRotaEscolaOtis2023-300x200.jpg","width":300,"height":200},"medium_large":{"url":"https:\/\/construcaocivil.siriusmarketingedesign.com.br\/wp-content\/uploads\/2023\/11\/ProgramaRotaEscolaOtis2023-768x513.jpg","width":768,"height":513},"large":{"url":"https:\/\/construcaocivil.siriusmarketingedesign.com.br\/wp-content\/uploads\/2023\/11\/ProgramaRotaEscolaOtis2023-1024x684.jpg","width":1024,"height":684},"full":{"url":"https:\/\/construcaocivil.siriusmarketingedesign.com.br\/wp-content\/uploads\/2023\/11\/ProgramaRotaEscolaOtis2023-scaled.jpg","width":2560,"height":1709}},"spectra_blocks_author_info":{"display_name":"Jornal da Constru\u00e7\u00e3o Civil","avatar_url":"https:\/\/secure.gravatar.com\/avatar\/973c9774fd44ddaceb026973c4962faa70fc512bc4c9da68e8ebb40fecee6540?s=96&d=mm&r=g","author_link":"https:\/\/construcaocivil.siriusmarketingedesign.com.br\/?author=1","description":"Desde de 2013, levando muitas informa\u00e7\u00f5es, lan\u00e7amentos e produtos de qualidade para toda cadeia produtiva da constru\u00e7\u00e3o. O Futuro da constru\u00e7\u00e3o passa por aqui,"},"uagb_featured_image_src":{"full":["https:\/\/construcaocivil.siriusmarketingedesign.com.br\/wp-content\/uploads\/2023\/11\/ProgramaRotaEscolaOtis2023-scaled.jpg",2560,1709,false],"thumbnail":["https:\/\/construcaocivil.siriusmarketingedesign.com.br\/wp-content\/uploads\/2023\/11\/ProgramaRotaEscolaOtis2023-150x150.jpg",150,150,true],"medium":["https:\/\/construcaocivil.siriusmarketingedesign.com.br\/wp-content\/uploads\/2023\/11\/ProgramaRotaEscolaOtis2023-300x200.jpg",300,200,true],"medium_large":["https:\/\/construcaocivil.siriusmarketingedesign.com.br\/wp-content\/uploads\/2023\/11\/ProgramaRotaEscolaOtis2023-768x513.jpg",768,513,true],"large":["https:\/\/construcaocivil.siriusmarketingedesign.com.br\/wp-content\/uploads\/2023\/11\/ProgramaRotaEscolaOtis2023-1024x684.jpg",1024,684,true],"1536x1536":["https:\/\/construcaocivil.siriusmarketingedesign.com.br\/wp-content\/uploads\/2023\/11\/ProgramaRotaEscolaOtis2023-1536x1025.jpg",1536,1025,true],"2048x2048":["https:\/\/construcaocivil.siriusmarketingedesign.com.br\/wp-content\/uploads\/2023\/11\/ProgramaRotaEscolaOtis2023-2048x1367.jpg",2048,1367,true]},"uagb_author_info":{"display_name":"Jornal da Constru\u00e7\u00e3o Civil","author_link":"https:\/\/construcaocivil.siriusmarketingedesign.com.br\/?author=1"},"uagb_comment_info":0,"uagb_excerpt":"Programa Rota Escola desenvolve talentos e forma for\u00e7a de trabalho diversa e qualificada para atuar com a manuten\u00e7\u00e3o de elevadores e escadas rolantes S\u00e3o Bernardo do Campo, 31 de outubro de 2023 \u2013\u00a0A Otis anuncia hoje o in\u00edcio das inscri\u00e7\u00f5es para o Rota Escola, seu programa de est\u00e1gio t\u00e9cnico, que tem como objetivo formar profissionais&hellip;","_links":{"self":[{"href":"https:\/\/construcaocivil.siriusmarketingedesign.com.br\/index.php?rest_route=\/wp\/v2\/posts\/22637","targetHints":{"allow":["GET"]}}],"collection":[{"href":"https:\/\/construcaocivil.siriusmarketingedesign.com.br\/index.php?rest_route=\/wp\/v2\/posts"}],"about":[{"href":"https:\/\/construcaocivil.siriusmarketingedesign.com.br\/index.php?rest_route=\/wp\/v2\/types\/post"}],"author":[{"embeddable":true,"href":"https:\/\/construcaocivil.siriusmarketingedesign.com.br\/index.php?rest_route=\/wp\/v2\/users\/1"}],"replies":[{"embeddable":true,"href":"https:\/\/construcaocivil.siriusmarketingedesign.com.br\/index.php?rest_route=%2Fwp%2Fv2%2Fcomments&post=22637"}],"version-history":[{"count":0,"href":"https:\/\/construcaocivil.siriusmarketingedesign.com.br\/index.php?rest_route=\/wp\/v2\/posts\/22637\/revisions"}],"wp:featuredmedia":[{"embeddable":true,"href":"https:\/\/construcaocivil.siriusmarketingedesign.com.br\/index.php?rest_route=\/wp\/v2\/media\/22638"}],"wp:attachment":[{"href":"https:\/\/construcaocivil.siriusmarketingedesign.com.br\/index.php?rest_route=%2Fwp%2Fv2%2Fmedia&parent=22637"}],"wp:term":[{"taxonomy":"category","embeddable":true,"href":"https:\/\/construcaocivil.siriusmarketingedesign.com.br\/index.php?rest_route=%2Fwp%2Fv2%2Fcategories&post=22637"},{"taxonomy":"post_tag","embeddable":true,"href":"https:\/\/construcaocivil.siriusmarketingedesign.com.br\/index.php?rest_route=%2Fwp%2Fv2%2Ftags&post=22637"}],"curies":[{"name":"wp","href":"https:\/\/api.w.org\/{rel}","templated":true}]}}