{"id":22643,"date":"2023-11-06T15:31:13","date_gmt":"2023-11-06T18:31:13","guid":{"rendered":"https:\/\/www.jornaldaconstrucaocivil.com.br\/?p=22643"},"modified":"2023-11-06T15:31:13","modified_gmt":"2023-11-06T18:31:13","slug":"dor-de-cabeca-taxa-de-juros-elevada-e-o-principal-problema-da-construcao-ha-um-ano","status":"publish","type":"post","link":"https:\/\/construcaocivil.siriusmarketingedesign.com.br\/?p=22643","title":{"rendered":"Dor de cabe\u00e7a: Taxa de juros elevada \u00e9 o principal problema da constru\u00e7\u00e3o h\u00e1 um ano"},"content":{"rendered":"<p class=\"v1ql-align-center\" style=\"text-align: justify;\"><span style=\"color: #993300;\"><em>Outros entraves s\u00e3o a elevada carga tribut\u00e1ria e a falta ou alto custo de trabalhador qualificado. As condi\u00e7\u00f5es financeiras apresentaram avan\u00e7o, mas ainda mostram insatisfa\u00e7\u00e3o do empres\u00e1rio<\/em><\/span><\/p>\n<p class=\"v1ql-align-center\" style=\"text-align: justify;\"><em>\u00a0<\/em><\/p>\n<p class=\"v1ql-align-justify\" style=\"text-align: justify;\">A taxa de juros elevada passou a ocupar o primeiro lugar no ranking de principais problemas para os empres\u00e1rios da constru\u00e7\u00e3o h\u00e1 um ano. A informa\u00e7\u00e3o foi constatada pela\u00a0<a href=\"https:\/\/click.cse360.com.br\/Click\/AddCampaignEmailClick\/1df481d3-daa0-49f1-80e5-08dbd0fb43c7\/https%253a%252f%252fwww.portaldaindustria.com.br%252festatisticas%252fsondagem-industria-da-construcao%252f%253futm_source%253djor%2526utm_medium%253dcomunique%2526utm_campaign%253drelease%2526utm_content%253dtexto-fixo\/e5a1d2fa-94bb-4a21-b332-08d7c5ff26d1\/redacao@jornaldaconstrucaocivil.com.br\/True\" target=\"_blank\" rel=\"noopener noreferrer\"><em>Sondagem Ind\u00fastria da Constru\u00e7\u00e3o<\/em><\/a>, da\u00a0<a href=\"https:\/\/click.cse360.com.br\/Click\/AddCampaignEmailClick\/1df481d3-daa0-49f1-80e5-08dbd0fb43c7\/https%253a%252f%252fwww.portaldaindustria.com.br%252fcni%252f%253futm_source%253djor%2526utm_medium%253dcomunique%2526utm_campaign%253drelease%2526utm_content%253dtexto-fixo\/e5a1d2fa-94bb-4a21-b332-08d7c5ff26d1\/redacao@jornaldaconstrucaocivil.com.br\/True\" target=\"_blank\" rel=\"noopener noreferrer\">Confedera\u00e7\u00e3o Nacional da Ind\u00fastria (CNI)<\/a>.<\/p>\n<p class=\"v1ql-align-justify\" style=\"text-align: justify;\">\n<p class=\"v1ql-align-justify\" style=\"text-align: justify;\">Apesar de figurar como principal entrave para o setor nos \u00faltimos 12 meses, o percentual de assinala\u00e7\u00f5es (32,7%) para esse item diminuiu 8,1 pontos percentuais na passagem do segundo para o terceiro trimestre de 2023.<\/p>\n<p class=\"v1ql-align-justify\" style=\"text-align: justify;\">\n<p class=\"v1ql-align-justify\" style=\"text-align: justify;\">&#8220;Essa redu\u00e7\u00e3o pode sinalizar otimismo em rela\u00e7\u00e3o ao in\u00edcio do ciclo de cortes na taxa b\u00e1sica de juros, a Selic. J\u00e1 a elevada carga tribut\u00e1ria se manteve no ranking dos principais problemas, neste trimestre em segundo lugar, o que evidencia a necessidade de avan\u00e7o na reforma tribut\u00e1ria&#8221;, refor\u00e7a a economista da CNI, Paula Verlangeiro.<\/p>\n<p class=\"v1ql-align-justify\" style=\"text-align: justify;\">\n<p class=\"v1ql-align-justify\" style=\"text-align: justify;\"><strong>&gt;&gt;\u00a0<\/strong><a href=\"https:\/\/click.cse360.com.br\/Click\/AddCampaignEmailClick\/1df481d3-daa0-49f1-80e5-08dbd0fb43c7\/https%253a%252f%252fwww.bancodemidiadaindustria.com.br%252ffotoweb%252falbums%252fZTaK7GG27cgJ8cr6%252f\/e5a1d2fa-94bb-4a21-b332-08d7c5ff26d1\/redacao@jornaldaconstrucaocivil.com.br\/True\" target=\"_blank\" rel=\"noopener noreferrer\"><strong>Confira aqui a sonora da economista Paula Verlangeiro<\/strong><\/a><strong>.<\/strong><\/p>\n<p class=\"v1ql-align-justify\" style=\"text-align: justify;\"><em>\u00a0<\/em><\/p>\n<p class=\"v1ql-align-justify\" style=\"text-align: justify;\">Outro problema que aparece entre os principais para o setor \u00e9 a falta ou alto custo de trabalhador qualificado, que vem apresentando aumentos sucessivos de assinala\u00e7\u00f5es h\u00e1 dois anos. No \u00faltimo trimestre, essa quest\u00e3o ocupou o terceiro lugar e apresentou o terceiro maior percentual de assinala\u00e7\u00f5es (23,3%) da s\u00e9rie hist\u00f3rica para esse problema. \u00c9 solicitado que o empres\u00e1rio marque at\u00e9 tr\u00eas itens que constitu\u00edram problemas reais para a empresa no per\u00edodo perguntado.<\/p>\n<p class=\"v1ql-align-justify\" style=\"text-align: justify;\">\n<p class=\"v1ql-align-justify\" style=\"text-align: justify;\"><strong>Desempenho da ind\u00fastria da constru\u00e7\u00e3o recua em setembro<\/strong><\/p>\n<p class=\"v1ql-align-justify\" style=\"text-align: justify;\"><strong>\u00a0<\/strong><\/p>\n<p class=\"v1ql-align-justify\" style=\"text-align: justify;\">Em setembro de 2023, o desempenho da ind\u00fastria da constru\u00e7\u00e3o recuou, com queda do n\u00edvel de atividade e do emprego.<\/p>\n<p class=\"v1ql-align-justify\" style=\"text-align: justify;\">\n<p class=\"v1ql-align-justify\" style=\"text-align: justify;\">O \u00edndice do n\u00edvel de atividade registrou 46,2 pontos, queda de 2,5 pontos quando comparado com agosto. O recuo desse \u00edndice mostra que a queda do n\u00edvel de atividade na passagem de agosto para setembro foi particularmente intensa e disseminada pelas empresas. O indicador ficou abaixo da m\u00e9dia para meses de setembro (47,4 pontos).<\/p>\n<p class=\"v1ql-align-justify\" style=\"text-align: justify;\">\n<p class=\"v1ql-align-justify\" style=\"text-align: justify;\">Em linha com esses resultados, a Utiliza\u00e7\u00e3o da Capacidade Operacional (UCO) tamb\u00e9m diminuiu, de 68% para 67% de agosto para setembro.<\/p>\n<p class=\"v1ql-align-justify\" style=\"text-align: justify;\">\n<p class=\"v1ql-align-justify\" style=\"text-align: justify;\"><strong>Condi\u00e7\u00f5es financeiras avan\u00e7am, mas ainda sinalizam insatisfa\u00e7\u00e3o dos empres\u00e1rios<\/strong><\/p>\n<p class=\"v1ql-align-justify\" style=\"text-align: justify;\"><strong>\u00a0<\/strong><\/p>\n<p class=\"v1ql-align-justify\" style=\"text-align: justify;\">As condi\u00e7\u00f5es financeiras apresentaram avan\u00e7o, mas os \u00edndices de situa\u00e7\u00e3o financeira, de margem de lucro operacional e de acesso ao cr\u00e9dito ainda sinalizam insatisfa\u00e7\u00e3o dos empres\u00e1rios.<\/p>\n<p class=\"v1ql-align-justify\" style=\"text-align: justify;\">\n<p class=\"v1ql-align-justify\" style=\"text-align: justify;\">J\u00e1 o \u00cdndice de Confian\u00e7a do Empres\u00e1rio Industrial (ICEI) da ind\u00fastria da constru\u00e7\u00e3o apresentou otimismo mais moderado, sobretudo por conta da avalia\u00e7\u00e3o das condi\u00e7\u00f5es atuais, que se tornou mais negativa. As expectativas de n\u00edvel de atividade, de novos empreendimentos e servi\u00e7os e de n\u00famero de empregados melhoraram para os pr\u00f3ximos seis meses.<\/p>\n<p class=\"v1ql-align-justify\" style=\"text-align: justify;\">\n<p class=\"v1ql-align-justify\" style=\"text-align: justify;\"><span style=\"color: #993300;\"><strong>Sobre a Sondagem Ind\u00fastria da Constru\u00e7\u00e3o<\/strong><\/span><\/p>\n<p class=\"v1ql-align-justify\" style=\"text-align: justify;\"><strong>\u00a0<\/strong><\/p>\n<p class=\"v1ql-align-justify\" style=\"text-align: justify;\">A pesquisa Sondagem Ind\u00fastria da Constru\u00e7\u00e3o da CNI analisa a tend\u00eancia da atividade e as expectativas dos empres\u00e1rios da ind\u00fastria da constru\u00e7\u00e3o mensalmente.<\/p>\n<p class=\"v1ql-align-justify\" style=\"text-align: justify;\">\n<p class=\"v1ql-align-justify\" style=\"text-align: justify;\">Para esta edi\u00e7\u00e3o, foram entrevistadas cerca de 340 empresas do setor de todos os portes.<\/p>\n<p class=\"v1ql-align-justify\" style=\"text-align: justify;\">\n<p class=\"v1ql-align-justify\" style=\"text-align: justify;\">O levantamento \u00e9 feito em parceria com 23 Federa\u00e7\u00f5es de Ind\u00fastria e conta com o apoio da C\u00e2mara Brasileira da Ind\u00fastria da Constru\u00e7\u00e3o (<a href=\"https:\/\/click.cse360.com.br\/Click\/AddCampaignEmailClick\/1df481d3-daa0-49f1-80e5-08dbd0fb43c7\/https%253a%252f%252fcbic.org.br%252f\/e5a1d2fa-94bb-4a21-b332-08d7c5ff26d1\/redacao@jornaldaconstrucaocivil.com.br\/True\" target=\"_blank\" rel=\"noopener noreferrer\">CBIC<\/a>).<\/p>\n","protected":false},"excerpt":{"rendered":"<p>Outros entraves s\u00e3o a elevada carga tribut\u00e1ria e a falta ou alto custo de trabalhador qualificado. As condi\u00e7\u00f5es financeiras apresentaram avan\u00e7o, mas ainda mostram insatisfa\u00e7\u00e3o do empres\u00e1rio \u00a0 A taxa de juros elevada passou a ocupar o primeiro lugar no ranking de principais problemas para os empres\u00e1rios da constru\u00e7\u00e3o h\u00e1 um ano. A informa\u00e7\u00e3o foi [&hellip;]<\/p>\n","protected":false},"author":1,"featured_media":22644,"comment_status":"open","ping_status":"open","sticky":false,"template":"","format":"standard","meta":{"_uag_custom_page_level_css":"","footnotes":""},"categories":[33],"tags":[25866,2369,25865,25867,12305],"class_list":["post-22643","post","type-post","status-publish","format-standard","has-post-thumbnail","hentry","category-mercado","tag-brasileiros-sem-renda","tag-cni","tag-juros-altos-construcao-civil","tag-lojistas-e-industria","tag-vendas-de-produtos"],"blocksy_meta":[],"spectra_blocks_featured_image_url":{"thumbnail":{"url":"https:\/\/construcaocivil.siriusmarketingedesign.com.br\/wp-content\/uploads\/2023\/11\/IMG_20231019_1107053-150x150.jpg","width":150,"height":150},"medium":{"url":"https:\/\/construcaocivil.siriusmarketingedesign.com.br\/wp-content\/uploads\/2023\/11\/IMG_20231019_1107053-300x149.jpg","width":300,"height":149},"medium_large":{"url":"https:\/\/construcaocivil.siriusmarketingedesign.com.br\/wp-content\/uploads\/2023\/11\/IMG_20231019_1107053-768x381.jpg","width":768,"height":381},"large":{"url":"https:\/\/construcaocivil.siriusmarketingedesign.com.br\/wp-content\/uploads\/2023\/11\/IMG_20231019_1107053-1024x508.jpg","width":1024,"height":508},"full":{"url":"https:\/\/construcaocivil.siriusmarketingedesign.com.br\/wp-content\/uploads\/2023\/11\/IMG_20231019_1107053-scaled.jpg","width":2560,"height":1271}},"spectra_blocks_author_info":{"display_name":"Jornal da Constru\u00e7\u00e3o Civil","avatar_url":"https:\/\/secure.gravatar.com\/avatar\/973c9774fd44ddaceb026973c4962faa70fc512bc4c9da68e8ebb40fecee6540?s=96&d=mm&r=g","author_link":"https:\/\/construcaocivil.siriusmarketingedesign.com.br\/?author=1","description":"Desde de 2013, levando muitas informa\u00e7\u00f5es, lan\u00e7amentos e produtos de qualidade para toda cadeia produtiva da constru\u00e7\u00e3o. O Futuro da constru\u00e7\u00e3o passa por aqui,"},"uagb_featured_image_src":{"full":["https:\/\/construcaocivil.siriusmarketingedesign.com.br\/wp-content\/uploads\/2023\/11\/IMG_20231019_1107053-scaled.jpg",2560,1271,false],"thumbnail":["https:\/\/construcaocivil.siriusmarketingedesign.com.br\/wp-content\/uploads\/2023\/11\/IMG_20231019_1107053-150x150.jpg",150,150,true],"medium":["https:\/\/construcaocivil.siriusmarketingedesign.com.br\/wp-content\/uploads\/2023\/11\/IMG_20231019_1107053-300x149.jpg",300,149,true],"medium_large":["https:\/\/construcaocivil.siriusmarketingedesign.com.br\/wp-content\/uploads\/2023\/11\/IMG_20231019_1107053-768x381.jpg",768,381,true],"large":["https:\/\/construcaocivil.siriusmarketingedesign.com.br\/wp-content\/uploads\/2023\/11\/IMG_20231019_1107053-1024x508.jpg",1024,508,true],"1536x1536":["https:\/\/construcaocivil.siriusmarketingedesign.com.br\/wp-content\/uploads\/2023\/11\/IMG_20231019_1107053-1536x763.jpg",1536,763,true],"2048x2048":["https:\/\/construcaocivil.siriusmarketingedesign.com.br\/wp-content\/uploads\/2023\/11\/IMG_20231019_1107053-2048x1017.jpg",2048,1017,true]},"uagb_author_info":{"display_name":"Jornal da Constru\u00e7\u00e3o Civil","author_link":"https:\/\/construcaocivil.siriusmarketingedesign.com.br\/?author=1"},"uagb_comment_info":0,"uagb_excerpt":"Outros entraves s\u00e3o a elevada carga tribut\u00e1ria e a falta ou alto custo de trabalhador qualificado. As condi\u00e7\u00f5es financeiras apresentaram avan\u00e7o, mas ainda mostram insatisfa\u00e7\u00e3o do empres\u00e1rio \u00a0 A taxa de juros elevada passou a ocupar o primeiro lugar no ranking de principais problemas para os empres\u00e1rios da constru\u00e7\u00e3o h\u00e1 um ano. A informa\u00e7\u00e3o foi&hellip;","_links":{"self":[{"href":"https:\/\/construcaocivil.siriusmarketingedesign.com.br\/index.php?rest_route=\/wp\/v2\/posts\/22643","targetHints":{"allow":["GET"]}}],"collection":[{"href":"https:\/\/construcaocivil.siriusmarketingedesign.com.br\/index.php?rest_route=\/wp\/v2\/posts"}],"about":[{"href":"https:\/\/construcaocivil.siriusmarketingedesign.com.br\/index.php?rest_route=\/wp\/v2\/types\/post"}],"author":[{"embeddable":true,"href":"https:\/\/construcaocivil.siriusmarketingedesign.com.br\/index.php?rest_route=\/wp\/v2\/users\/1"}],"replies":[{"embeddable":true,"href":"https:\/\/construcaocivil.siriusmarketingedesign.com.br\/index.php?rest_route=%2Fwp%2Fv2%2Fcomments&post=22643"}],"version-history":[{"count":0,"href":"https:\/\/construcaocivil.siriusmarketingedesign.com.br\/index.php?rest_route=\/wp\/v2\/posts\/22643\/revisions"}],"wp:featuredmedia":[{"embeddable":true,"href":"https:\/\/construcaocivil.siriusmarketingedesign.com.br\/index.php?rest_route=\/wp\/v2\/media\/22644"}],"wp:attachment":[{"href":"https:\/\/construcaocivil.siriusmarketingedesign.com.br\/index.php?rest_route=%2Fwp%2Fv2%2Fmedia&parent=22643"}],"wp:term":[{"taxonomy":"category","embeddable":true,"href":"https:\/\/construcaocivil.siriusmarketingedesign.com.br\/index.php?rest_route=%2Fwp%2Fv2%2Fcategories&post=22643"},{"taxonomy":"post_tag","embeddable":true,"href":"https:\/\/construcaocivil.siriusmarketingedesign.com.br\/index.php?rest_route=%2Fwp%2Fv2%2Ftags&post=22643"}],"curies":[{"name":"wp","href":"https:\/\/api.w.org\/{rel}","templated":true}]}}