{"id":22666,"date":"2023-11-11T14:39:41","date_gmt":"2023-11-11T17:39:41","guid":{"rendered":"https:\/\/www.jornaldaconstrucaocivil.com.br\/?p=22666"},"modified":"2023-11-12T12:03:07","modified_gmt":"2023-11-12T15:03:07","slug":"vendas-de-aco-na-construcao-civil-no-brasil-e-destaque-em-2023importacao-da-china-ainda-e-a-grande-dor-de-cabeca-para-o-setor-do-aco","status":"publish","type":"post","link":"https:\/\/construcaocivil.siriusmarketingedesign.com.br\/?p=22666","title":{"rendered":"Vendas de a\u00e7o na constru\u00e7\u00e3o civil no Brasil \u00e9 destaque em 2023:Importa\u00e7\u00e3o da China ainda \u00e9 a grande &#8220;dor de cabe\u00e7a&#8221; para o setor do a\u00e7o."},"content":{"rendered":"<p style=\"text-align: justify;\"><span style=\"color: #993300;\"><em>Por severian Rocha<\/em><\/span><\/p>\n<p style=\"text-align: justify;\">Durante dois dias de novembro, &#8211; 08 e 09- , S\u00e3o Paulo recebeu o maior evento da Ind\u00fastria do A\u00e7o da Am\u00e9rica Latina o ALACERO SUMMIT 2023, promovido pela ALACERO(Associa\u00e7\u00e3o Latino-Americana de A\u00e7o), entidade que engloba mais de 60 empresas produtoras de a\u00e7o na regi\u00e3o latino americano.<\/p>\n<p style=\"text-align: justify;\">Discuss\u00f5es diversas sobre seguran\u00e7a do trabalho, sustentabilidade, transi\u00e7\u00e3o energ\u00e9tica, diversidade e inclus\u00e3o de g\u00eanero, tecnologia, cen\u00e1rio pol\u00edtico e, claro, neg\u00f3cios para o setor que engloba uma vasta cadeia produtiva comercial, como: constru\u00e7\u00e3o, automotivo, linha branca (geladeiras, fog\u00f5es, m\u00e1quinas de lavar) foram pautas debatidas no evento. O gigantismo do setor \u00e9 t\u00e3o enorme que hoje s\u00e3o mais de 1 milh\u00e3o de trabalhadores empregados.<\/p>\n<p style=\"text-align: justify;\">Presidido pelo CEO e Presidente da GERDAU, Gustavo Werneck,\u00a0 o ALACERO Summit 2023 tamb\u00e9m trouxe para um p\u00fablico composto por executivos, diretores, profissionais e t\u00e9cnicos os atuais cen\u00e1rios econ\u00f4micos e pol\u00edticos \u00e9\u00a0 expectativas futuras para a\u00e7o na Am\u00e9rica Latina nos pr\u00f3ximos anos.<\/p>\n<p style=\"text-align: justify;\">A reindustrializa\u00e7\u00e3o nos pa\u00edses latinos americanos al\u00e9m dos esfor\u00e7os para se alavancar novamente a ind\u00fastria brasileira, j\u00e1 que o setor industrial nacional responde por 40% dos impostos pagos, 25% das receitas previdenci\u00e1rias e de 70% das contribui\u00e7\u00e3o das exporta\u00e7\u00f5es industriais foi tema importante\u00a0 no encontro.<\/p>\n<p style=\"text-align: justify;\"><span style=\"color: #993300;\"><strong>A\u00e7o da CHINA: Dumping comercial<\/strong><\/span><\/p>\n<p style=\"text-align: justify;\">\u00c1sia sempre chama aten\u00e7\u00e3o. em especial \u00e0 China pela sua capacidade de &#8220;<span style=\"color: #0000ff;\"><strong>inundar<\/strong><\/span>&#8221; o mercado internacional com mais de 100 milh\u00f5es de toneladas de a\u00e7o, utilizando pr\u00e1ticas comerciais desfavor\u00e1veis quando relacionado aos concorrentes latinos- americanos. Para Gustavo Werneck, em fala durante o encontro ALACERO SUMMIT 2023, :<\/p>\n<p style=\"text-align: justify;\"><em><strong>&#8220;Importa\u00e7\u00f5es desleais da \u00c1sia e China tem aparecido e surgido cada vez mais na Am\u00e9rica Latina. No Brasil produtos,- em especial da China- chegam com pre\u00e7os menores do que o custo, pr\u00e1ticas comprovadamente desleais, onde n\u00e3o se considera o custo do dinheiro. Algo que n\u00e3o \u00e9 preocupante para os chineses diferente de n\u00f3s, que \u00e9 muito relevante&#8221;.\u00a0 <\/strong>Ainda o presidente da ALACERO chama aten\u00e7\u00e3o para a capacidade de produ\u00e7\u00e3o de a\u00e7o do pa\u00eds asi\u00e1tico<b>: &#8221; Neste ano \u00e0 China vai produzir mais de 100 milh\u00f5es de toneladas de a\u00e7o, duas vezes maior do que a nossa capacidade instalada de produ\u00e7\u00e3o de a\u00e7o que \u00e9 de 50 milh\u00f5es de toneladas. A China hoje \u00e9 o pa\u00eds que mais se implementa medidas de prote\u00e7\u00e3o comercial e de certa forma a Am\u00e9rica Latina continua aberta. Em setembro, n\u00f3s tivemos o incr\u00edvel 23% de importa\u00e7\u00e3o de a\u00e7o, Chile importou 45% \u00e9, o M\u00e9xico 40% de penetra\u00e7\u00e3o do a\u00e7o chin\u00eas; isso levou o M\u00e9xico a cobrar uma taxa de 25% de importa\u00e7\u00e3o para se combater essas importa\u00e7\u00f5es desleais&#8221;.<\/b><\/em><\/p>\n<p style=\"text-align: justify;\"><span style=\"color: #ff0000;\"><strong>Consumo aparente por setores<\/strong><\/span><br \/>\nO setor da constru\u00e7\u00e3o segue \u00e0 frente dos segmentos que mais consumiram a\u00e7o ao longo de 2023, com 48,5%; seguido pelo automotivo com 17,5%; produtos de metal com 14,5%; m\u00e1quinas mec\u00e2nicas com 13,3%; equipamentos eletr\u00f4nicos com 2,9%; uso dom\u00e9stico com 2,5% e outros transportes com 0,9%. Marco Polo, presidente do Instituto A\u00e7o Brasil afirmou durante coletiva de imprensa do evento: <strong><span style=\"color: #0000ff;\"><em>&#8221; Em rela\u00e7\u00e3o ao consumo espec\u00edfico de produtos para constru\u00e7\u00e3o no Brasil, n\u00e3o temos tido problemas. O Consumo de vergalh\u00f5es e outras estruturas de a\u00e7o est\u00e1 bem forte&#8221;.<\/em><\/span><\/strong><\/p>\n<p style=\"text-align: justify;\"><span style=\"color: #ff0000;\"><strong>Potencial de cria\u00e7\u00e3o de empregos<\/strong><\/span><\/p>\n<p style=\"text-align: justify;\">O evento Alacero Summit tamb\u00e9m destacou como a promo\u00e7\u00e3o da ind\u00fastria impacta o desenvolvimento econ\u00f4mico dos pa\u00edses. O setor sider\u00fargico na Am\u00e9rica Latina \u00e9 um importante motor de cria\u00e7\u00e3o de empregos, agregando 1,4 milh\u00e3o de funcion\u00e1rios em 2022: 230 mil diretos e 1,15 milh\u00e3o indiretos. Ou seja, para cada emprego na ind\u00fastria, s\u00e3o criados outros 5 na cadeia de valor. Por isso, os executivos salientam que, para que o mercado continue e prospere com o seu potencial de cria\u00e7\u00e3o de oportunidades, \u00e9 cada vez mais essencial tomar medidas contra o dom\u00ednio chin\u00eas e a favor da valoriza\u00e7\u00e3o da produ\u00e7\u00e3o e dos empregos locais.<\/p>\n<p style=\"text-align: justify;\"><span style=\"color: #ff6600;\"><strong>Vendas de A\u00e7o na Am\u00e9rica Latina<\/strong><\/span><\/p>\n<p style=\"text-align: justify;\">A Alacero estima que, ao longo de 2023, o consumo de laminados aumentar\u00e1 2,4% em rela\u00e7\u00e3o ao ano anterior, atingindo 71Mt, enquanto a produ\u00e7\u00e3o local registrar\u00e1 uma queda de 7,5%, totalizando 58Mt. O aumento do consumo ser\u00e1 impulsionado pelo crescimento da participa\u00e7\u00e3o das importa\u00e7\u00f5es extra-regionais, que em 2022 representou 31% (21,2 Mt) e dever\u00e1 ser de 34% (24,3 Mt) em 2023, registrando um crescimento de tr\u00eas pontos percentuais. Em rela\u00e7\u00e3o a 2022, o volume de exporta\u00e7\u00f5es apresentar\u00e1 uma redu\u00e7\u00e3o de 2,6 Mt, registrando 7,9 Mt, enquanto o volume de importa\u00e7\u00f5es aumentar\u00e1 2,1 Mt, totalizando 26,5 Mt. Os n\u00fameros mostram que ainda h\u00e1 forte atividade extrarregional na cadeia. De 2015 a 2023, 88% do a\u00e7o consumido na Am\u00e9rica Latina veio de importa\u00e7\u00f5es extra-regionais, devido a assimetrias competitivas que impactam a oferta local.\n<\/p>\n<p style=\"text-align: justify;\">Nesse sentido, durante o Alacero Summit 2023, foi destacado um risco iminente em rela\u00e7\u00e3o ao com\u00e9rcio desleal proveniente do mercado chin\u00eas: atualmente, a China continua a ser a principal origem do a\u00e7o extra-regional importado, representando 29%. Isso se reflete no n\u00famero de a\u00e7\u00f5es antidumping abertas na LATAM ao longo do primeiro semestre de 2023: 63% s\u00e3o dirigidas contra a China.\n<\/p>\n<p style=\"text-align: justify;\"><em><strong><span style=\"color: #ff0000;\">&#8220;Na Am\u00e9rica Latina, produzimos a\u00e7o com uma pegada de carbono 15% inferior \u00e0 m\u00e9dia global e 30% inferior \u00e0 da China. Por\u00e9m, hoje, boa parte do a\u00e7o consumido na regi\u00e3o vem direta e indiretamente do pa\u00eds, em condi\u00e7\u00f5es que n\u00e3o s\u00e3o de mercado justo, substituindo empregos de qualidade e afetando o meio ambiente&#8221;, <\/span><\/strong><span style=\"color: #ff0000;\"><span style=\"color: #000000;\">refor\u00e7a Alejandro Wagner, diretor executivo da Alacero.<\/span><\/span><\/em><\/p>\n<p>Fonte: ALACERO SUMMIT 2023<\/p>\n","protected":false},"excerpt":{"rendered":"<p>Por severian Rocha Durante dois dias de novembro, &#8211; 08 e 09- , S\u00e3o Paulo recebeu o maior evento da Ind\u00fastria do A\u00e7o da Am\u00e9rica Latina o ALACERO SUMMIT 2023, promovido pela ALACERO(Associa\u00e7\u00e3o Latino-Americana de A\u00e7o), entidade que engloba mais de 60 empresas produtoras de a\u00e7o na regi\u00e3o latino americano. Discuss\u00f5es diversas sobre seguran\u00e7a do [&hellip;]<\/p>\n","protected":false},"author":1,"featured_media":22668,"comment_status":"open","ping_status":"open","sticky":false,"template":"","format":"standard","meta":{"_uag_custom_page_level_css":"","footnotes":""},"categories":[33],"tags":[15920,19250,1130,25874,5418,25875,7577],"class_list":["post-22666","post","type-post","status-publish","format-standard","has-post-thumbnail","hentry","category-mercado","tag-aco-na-construcao","tag-alacero","tag-automotivo","tag-china-aco","tag-gerdau","tag-linha-branca","tag-mercado-internacional"],"blocksy_meta":[],"spectra_blocks_featured_image_url":{"thumbnail":{"url":"https:\/\/construcaocivil.siriusmarketingedesign.com.br\/wp-content\/uploads\/2023\/11\/ALACERO-2023-150x150.png","width":150,"height":150},"medium":{"url":"https:\/\/construcaocivil.siriusmarketingedesign.com.br\/wp-content\/uploads\/2023\/11\/ALACERO-2023-300x175.png","width":300,"height":175},"medium_large":{"url":"https:\/\/construcaocivil.siriusmarketingedesign.com.br\/wp-content\/uploads\/2023\/11\/ALACERO-2023-768x449.png","width":768,"height":449},"large":{"url":"https:\/\/construcaocivil.siriusmarketingedesign.com.br\/wp-content\/uploads\/2023\/11\/ALACERO-2023-1024x599.png","width":1024,"height":599},"full":{"url":"https:\/\/construcaocivil.siriusmarketingedesign.com.br\/wp-content\/uploads\/2023\/11\/ALACERO-2023.png","width":1252,"height":732}},"spectra_blocks_author_info":{"display_name":"Jornal da Constru\u00e7\u00e3o Civil","avatar_url":"https:\/\/secure.gravatar.com\/avatar\/973c9774fd44ddaceb026973c4962faa70fc512bc4c9da68e8ebb40fecee6540?s=96&d=mm&r=g","author_link":"https:\/\/construcaocivil.siriusmarketingedesign.com.br\/?author=1","description":"Desde de 2013, levando muitas informa\u00e7\u00f5es, lan\u00e7amentos e produtos de qualidade para toda cadeia produtiva da constru\u00e7\u00e3o. O Futuro da constru\u00e7\u00e3o passa por aqui,"},"uagb_featured_image_src":{"full":["https:\/\/construcaocivil.siriusmarketingedesign.com.br\/wp-content\/uploads\/2023\/11\/ALACERO-2023.png",1252,732,false],"thumbnail":["https:\/\/construcaocivil.siriusmarketingedesign.com.br\/wp-content\/uploads\/2023\/11\/ALACERO-2023-150x150.png",150,150,true],"medium":["https:\/\/construcaocivil.siriusmarketingedesign.com.br\/wp-content\/uploads\/2023\/11\/ALACERO-2023-300x175.png",300,175,true],"medium_large":["https:\/\/construcaocivil.siriusmarketingedesign.com.br\/wp-content\/uploads\/2023\/11\/ALACERO-2023-768x449.png",768,449,true],"large":["https:\/\/construcaocivil.siriusmarketingedesign.com.br\/wp-content\/uploads\/2023\/11\/ALACERO-2023-1024x599.png",1024,599,true],"1536x1536":["https:\/\/construcaocivil.siriusmarketingedesign.com.br\/wp-content\/uploads\/2023\/11\/ALACERO-2023.png",1252,732,false],"2048x2048":["https:\/\/construcaocivil.siriusmarketingedesign.com.br\/wp-content\/uploads\/2023\/11\/ALACERO-2023.png",1252,732,false]},"uagb_author_info":{"display_name":"Jornal da Constru\u00e7\u00e3o Civil","author_link":"https:\/\/construcaocivil.siriusmarketingedesign.com.br\/?author=1"},"uagb_comment_info":0,"uagb_excerpt":"Por severian Rocha Durante dois dias de novembro, &#8211; 08 e 09- , S\u00e3o Paulo recebeu o maior evento da Ind\u00fastria do A\u00e7o da Am\u00e9rica Latina o ALACERO SUMMIT 2023, promovido pela ALACERO(Associa\u00e7\u00e3o Latino-Americana de A\u00e7o), entidade que engloba mais de 60 empresas produtoras de a\u00e7o na regi\u00e3o latino americano. Discuss\u00f5es diversas sobre seguran\u00e7a do&hellip;","_links":{"self":[{"href":"https:\/\/construcaocivil.siriusmarketingedesign.com.br\/index.php?rest_route=\/wp\/v2\/posts\/22666","targetHints":{"allow":["GET"]}}],"collection":[{"href":"https:\/\/construcaocivil.siriusmarketingedesign.com.br\/index.php?rest_route=\/wp\/v2\/posts"}],"about":[{"href":"https:\/\/construcaocivil.siriusmarketingedesign.com.br\/index.php?rest_route=\/wp\/v2\/types\/post"}],"author":[{"embeddable":true,"href":"https:\/\/construcaocivil.siriusmarketingedesign.com.br\/index.php?rest_route=\/wp\/v2\/users\/1"}],"replies":[{"embeddable":true,"href":"https:\/\/construcaocivil.siriusmarketingedesign.com.br\/index.php?rest_route=%2Fwp%2Fv2%2Fcomments&post=22666"}],"version-history":[{"count":0,"href":"https:\/\/construcaocivil.siriusmarketingedesign.com.br\/index.php?rest_route=\/wp\/v2\/posts\/22666\/revisions"}],"wp:featuredmedia":[{"embeddable":true,"href":"https:\/\/construcaocivil.siriusmarketingedesign.com.br\/index.php?rest_route=\/wp\/v2\/media\/22668"}],"wp:attachment":[{"href":"https:\/\/construcaocivil.siriusmarketingedesign.com.br\/index.php?rest_route=%2Fwp%2Fv2%2Fmedia&parent=22666"}],"wp:term":[{"taxonomy":"category","embeddable":true,"href":"https:\/\/construcaocivil.siriusmarketingedesign.com.br\/index.php?rest_route=%2Fwp%2Fv2%2Fcategories&post=22666"},{"taxonomy":"post_tag","embeddable":true,"href":"https:\/\/construcaocivil.siriusmarketingedesign.com.br\/index.php?rest_route=%2Fwp%2Fv2%2Ftags&post=22666"}],"curies":[{"name":"wp","href":"https:\/\/api.w.org\/{rel}","templated":true}]}}