{"id":2267,"date":"2016-06-23T20:50:09","date_gmt":"2016-06-23T20:50:09","guid":{"rendered":"http:\/\/www.jornaldaconstrucaocivil.com.br\/?p=2267"},"modified":"2016-06-23T20:50:09","modified_gmt":"2016-06-23T20:50:09","slug":"criacao-de-zpe-no-porto-do-acu-e-tema-de-reunioes-em-brasilia","status":"publish","type":"post","link":"https:\/\/construcaocivil.siriusmarketingedesign.com.br\/?p=2267","title":{"rendered":"Cria\u00e7\u00e3o de ZPE no Porto do A\u00e7u \u00e9 tema de reuni\u00f5es em Bras\u00edlia"},"content":{"rendered":"<p><span style=\"color: #000000;\">Rio de Janeiro, junho de 2016 \u2013 A cria\u00e7\u00e3o de uma ZPE (Zona de Processamento de Exporta\u00e7\u00e3o) no Distrito Industrial de S\u00e3o Jo\u00e3o, anexo ao Porto do A\u00e7u, foi tema de diversos encontros no dia 21, em Bras\u00edlia. Pela manh\u00e3, o assunto foi debatido na sess\u00e3o da Comiss\u00e3o de Via\u00e7\u00e3o e Transportes da C\u00e2mara dos Deputados.<\/span><\/p>\n<figure id=\"attachment_2268\" aria-describedby=\"caption-attachment-2268\" style=\"width: 300px\" class=\"wp-caption alignleft\"><a href=\"http:\/\/www.jornaldaconstrucaocivil.com.br\/wp-content\/uploads\/2016\/06\/encontro-com-ministro.jpg\"><img loading=\"lazy\" decoding=\"async\" class=\"wp-image-2268 size-medium\" src=\"http:\/\/www.jornaldaconstrucaocivil.com.br\/wp-content\/uploads\/2016\/06\/encontro-com-ministro-300x165.jpg\" alt=\"encontro com ministro\" width=\"300\" height=\"165\" \/><\/a><figcaption id=\"caption-attachment-2268\" class=\"wp-caption-text\"><span style=\"color: #ff0000;\">Encontro com ministro Marcos Pereira.<\/span><\/figcaption><\/figure>\n<p><span style=\"color: #000000;\">Solicitada pelo deputado federal Julio Lopes, a reuni\u00e3o abordou os diferenciais que fazem do Porto do A\u00e7u um excelente local para a cria\u00e7\u00e3o de uma ZPE. A zona ser\u00e1 a segunda do estado do Rio de Janeiro, e a primeira da regi\u00e3o norte fluminense.<\/span><\/p>\n<p><span style=\"color: #000000;\">\u201cO Porto do A\u00e7u tem todas as condi\u00e7\u00f5es para sediar uma ZPE. Nosso porto est\u00e1 operacional, localizado pr\u00f3ximo aos maiores mercados consumidores e possui acesso log\u00edstico. A infraestrutura do porto est\u00e1 pronta, e agora vamos desenvolver o distrito industrial. E a ZPE \u00e9 o elemento para alavancar isso\u201d, afirmou Jos\u00e9 Magela Bernardes, presidente da Prumo.<\/span><\/p>\n<p><span style=\"color: #000000;\">Para a Secret\u00e1ria-Executiva do Conselho Nacional das ZPE\u2019s, Thaise Dutra, essas \u00e1reas trazem incremento na pauta exportadora brasileira. Ela tamb\u00e9m destacou que atraem investimentos, criam empregos e geram difus\u00e3o tecnol\u00f3gica. Ela tamb\u00e9m informou que atualmente no Pa\u00eds existem 25 ZPE\u2019s e que, dessas, 19 est\u00e3o em fase de implementa\u00e7\u00e3o com infraestrutura constru\u00edda. As ZPE\u2019s s\u00e3o \u00e1reas de livre com\u00e9rcio, destinadas \u00e0 instala\u00e7\u00e3o de empresas, com 80% de sua produ\u00e7\u00e3o voltada para a exporta\u00e7\u00e3o.<\/span><\/p>\n<p><span style=\"color: #000000;\">O deputado Washington Reis, presidente da Comiss\u00e3o, tamb\u00e9m destacou as caracter\u00edsticas do empreendimento e sua capacidade para desenvolver a regi\u00e3o. \u201cA cria\u00e7\u00e3o da ZPE ir\u00e1 possibilitar n\u00e3o somente o crescimento do porto, mas de toda a regi\u00e3o norte fluminense\u201d, disse.<\/span><\/p>\n<p><span style=\"color: #000000;\">O prefeito de S\u00e3o Jo\u00e3o da Barra, Jos\u00e9 Amaro Martins de Souza, afirmou que o munic\u00edpio tem investido em qualifica\u00e7\u00e3o de trabalhadores e que o distrito industrial e o porto continuar\u00e3o necessitando de m\u00e3o-de- obra local.<\/span><\/p>\n<p><span style=\"color: #000000;\">O secret\u00e1rio de Desenvolvimento Econ\u00f4mico do Estado do Rio de Janeiro, Marcos Capute, e a presidente da Codin \u00a0(Companhia de Desenvolvimento Econ\u00f4mico do Estado do Rio de Janeiro), Concei\u00e7\u00e3o Ribeiro, tamb\u00e9m participaram da audi\u00eancia e apoiaram a institui\u00e7\u00e3o de ZPE no Estado do Rio de Janeiro, enfatizando que o Distrito Industrial de S\u00e3o Jo\u00e3o da Barra associado ao Porto do A\u00e7u, fazem daquela regi\u00e3o um excelente local para a instala\u00e7\u00e3o deste incentivo, que ir\u00e1 ser o catalisador do desenvolvimento do Norte Fluminense.<\/span><\/p>\n<p><span style=\"color: #000000;\"><strong>Encontro com Ministro<\/strong><\/span><\/p>\n<p><span style=\"color: #000000;\">\u00c0 tarde, a cria\u00e7\u00e3o da ZPE foi discutida em uma audi\u00eancia com o Ministro da Ind\u00fastria, Com\u00e9rcio Exterior e Servi\u00e7os, Marcos Pereira. No encontro, o deputado J\u00falio Lopes, ressaltou que o Porto do A\u00e7u \u00e9 o maior investimento em infraestrutura portu\u00e1ria da Am\u00e9rica. \u201cHoje os acessos ao porto s\u00e3o bons, a gest\u00e3o \u00e9 competente e h\u00e1 v\u00e1rios aspectos que permitem que isso possa avan\u00e7ar\u201d, afirmou.<\/span><\/p>\n<p><span style=\"color: #000000;\">Marcos Capute garantiu que o processo de instala\u00e7\u00e3o da ZPE ser\u00e1 acompanhado pelo governo estadual. \u201cTemos todo interesse na cria\u00e7\u00e3o da ZPE no Porto do A\u00e7u. Por meio da Codin j\u00e1 desenvolvemos um Distrito Industrial em \u00e1rea contigua ao porto. E a ZPE \u00e9 essencial para o seu desenvolvimento\u201d.<\/span><\/p>\n<p><span style=\"color: #000000;\">O ministro Marcos Pereira se comprometeu a acompanhar o desenvolvimento de todas as fases da cria\u00e7\u00e3o da ZPE. \u201cQueremos contribuir para o desenvolvimento da regi\u00e3o norte fluminense e de todo o estado do Rio de Janeiro\u201d, disse. A previs\u00e3o \u00e9 que a ZPE esteja constitu\u00edda em 18 meses.<\/span><\/p>\n<p><span style=\"color: #000000;\"><strong>\u00a0<\/strong><strong>CNI<\/strong><\/span><br \/>\n<span style=\"color: #000000;\"> O Porto do A\u00e7u tamb\u00e9m foi apresentado na Confedera\u00e7\u00e3o Nacional das Ind\u00fastrias (CNI), durante evento que contou com a participa\u00e7\u00e3o de diversos estados. Os participantes do evento puderam conhecer detalhes do empreendimento, que \u00e9 uma nova alternativa para o escoamento da produ\u00e7\u00e3o do Pa\u00eds.<\/span><\/p>\n<p><span style=\"color: #003300;\">Fonte: Assessoria de Imprensa Prumo Log\u00edstica\u00a0<\/span><\/p>\n","protected":false},"excerpt":{"rendered":"<p>Rio de Janeiro, junho de 2016 \u2013 A cria\u00e7\u00e3o de uma ZPE (Zona de Processamento de Exporta\u00e7\u00e3o) no Distrito Industrial de S\u00e3o Jo\u00e3o, anexo ao Porto do A\u00e7u, foi tema de diversos encontros no dia 21, em Bras\u00edlia. Pela manh\u00e3, o assunto foi debatido na sess\u00e3o da Comiss\u00e3o de Via\u00e7\u00e3o e Transportes da C\u00e2mara dos [&hellip;]<\/p>\n","protected":false},"author":1,"featured_media":0,"comment_status":"open","ping_status":"open","sticky":false,"template":"","format":"standard","meta":{"_uag_custom_page_level_css":"","footnotes":""},"categories":[1],"tags":[7757,9131,10115,10375,12572],"class_list":["post-2267","post","type-post","status-publish","format-standard","hentry","category-sem-categoria","tag-ministro-marcos-pereira","tag-porto-acu","tag-regiao-norte-fluminense","tag-rio-de-janeiro","tag-zona-de-processamento-de-exportacao"],"blocksy_meta":[],"spectra_blocks_featured_image_url":null,"spectra_blocks_author_info":{"display_name":"Jornal da Constru\u00e7\u00e3o Civil","avatar_url":"https:\/\/secure.gravatar.com\/avatar\/973c9774fd44ddaceb026973c4962faa70fc512bc4c9da68e8ebb40fecee6540?s=96&d=mm&r=g","author_link":"https:\/\/construcaocivil.siriusmarketingedesign.com.br\/?author=1","description":"Desde de 2013, levando muitas informa\u00e7\u00f5es, lan\u00e7amentos e produtos de qualidade para toda cadeia produtiva da constru\u00e7\u00e3o. O Futuro da constru\u00e7\u00e3o passa por aqui,"},"uagb_featured_image_src":{"full":false,"thumbnail":false,"medium":false,"medium_large":false,"large":false,"1536x1536":false,"2048x2048":false},"uagb_author_info":{"display_name":"Jornal da Constru\u00e7\u00e3o Civil","author_link":"https:\/\/construcaocivil.siriusmarketingedesign.com.br\/?author=1"},"uagb_comment_info":0,"uagb_excerpt":"Rio de Janeiro, junho de 2016 \u2013 A cria\u00e7\u00e3o de uma ZPE (Zona de Processamento de Exporta\u00e7\u00e3o) no Distrito Industrial de S\u00e3o Jo\u00e3o, anexo ao Porto do A\u00e7u, foi tema de diversos encontros no dia 21, em Bras\u00edlia. Pela manh\u00e3, o assunto foi debatido na sess\u00e3o da Comiss\u00e3o de Via\u00e7\u00e3o e Transportes da C\u00e2mara dos&hellip;","_links":{"self":[{"href":"https:\/\/construcaocivil.siriusmarketingedesign.com.br\/index.php?rest_route=\/wp\/v2\/posts\/2267","targetHints":{"allow":["GET"]}}],"collection":[{"href":"https:\/\/construcaocivil.siriusmarketingedesign.com.br\/index.php?rest_route=\/wp\/v2\/posts"}],"about":[{"href":"https:\/\/construcaocivil.siriusmarketingedesign.com.br\/index.php?rest_route=\/wp\/v2\/types\/post"}],"author":[{"embeddable":true,"href":"https:\/\/construcaocivil.siriusmarketingedesign.com.br\/index.php?rest_route=\/wp\/v2\/users\/1"}],"replies":[{"embeddable":true,"href":"https:\/\/construcaocivil.siriusmarketingedesign.com.br\/index.php?rest_route=%2Fwp%2Fv2%2Fcomments&post=2267"}],"version-history":[{"count":0,"href":"https:\/\/construcaocivil.siriusmarketingedesign.com.br\/index.php?rest_route=\/wp\/v2\/posts\/2267\/revisions"}],"wp:attachment":[{"href":"https:\/\/construcaocivil.siriusmarketingedesign.com.br\/index.php?rest_route=%2Fwp%2Fv2%2Fmedia&parent=2267"}],"wp:term":[{"taxonomy":"category","embeddable":true,"href":"https:\/\/construcaocivil.siriusmarketingedesign.com.br\/index.php?rest_route=%2Fwp%2Fv2%2Fcategories&post=2267"},{"taxonomy":"post_tag","embeddable":true,"href":"https:\/\/construcaocivil.siriusmarketingedesign.com.br\/index.php?rest_route=%2Fwp%2Fv2%2Ftags&post=2267"}],"curies":[{"name":"wp","href":"https:\/\/api.w.org\/{rel}","templated":true}]}}