{"id":22672,"date":"2023-11-12T12:39:09","date_gmt":"2023-11-12T15:39:09","guid":{"rendered":"https:\/\/www.jornaldaconstrucaocivil.com.br\/?p=22672"},"modified":"2023-11-12T12:39:09","modified_gmt":"2023-11-12T15:39:09","slug":"premio-anamaco-2023-destacou-as-melhores-marcas-e-personalidades-do-setor-da-construcao-que-segue-resiliente-e-em-crescimento","status":"publish","type":"post","link":"https:\/\/construcaocivil.siriusmarketingedesign.com.br\/?p=22672","title":{"rendered":"Pr\u00eamio Anamaco 2023 destacou as melhores  marcas e personalidades do setor da constru\u00e7\u00e3o, que segue resiliente e em crescimento"},"content":{"rendered":"<p><strong><em>O Pr\u00eamio, considerado o \u201cOscar da Constru\u00e7\u00e3o\u201d, reconheceu empresas e pessoas que se destacaram no mercado nacional ao longo do ano. Nesta 32\u00aa edi\u00e7\u00e3o, a entidade que representa 6% do PIB da economia, apresentou 59 ganhadores, escolhidos por meios de crit\u00e9rios como \u201cqualidade\u201d, \u201cpre\u00e7o\u201d, \u201catendimento ao ponto de venda\u201d, \u201corienta\u00e7\u00e3o t\u00e9cnica\u201d e \u201clog\u00edstica\u201d<\/em><\/strong><\/p>\n<p>&nbsp;<\/p>\n<p>A Associa\u00e7\u00e3o Nacional dos Comerciantes de Material de Constru\u00e7\u00e3o (Anamaco) premiou no dia 7 de novembro, 59 marcas e personalidades do setor da constru\u00e7\u00e3o, entre elas,\u00a0<strong>Tarc\u00edsio de Freitas,\u00a0<\/strong>governador do Estado de S\u00e3o Paulo, que recebeu a\u00a0<strong>\u201cP\u00e1 de Ouro\u201d,<\/strong>\u00a0que reconhece o\u00a0<strong>Oper\u00e1rio N\u00famero 1 da Constru\u00e7\u00e3o<\/strong>. Nesta data, a entidade reuniu cerca das\u00a0<strong>800<\/strong>\u00a0profissionais do setor para a realiza\u00e7\u00e3o do<strong>\u00a032\u00ba Pr\u00eamio Anamaco<\/strong>, considerado o\u00a0<strong>Oscar da Constru\u00e7\u00e3o<\/strong>. A celebra\u00e7\u00e3o aconteceu no Espa\u00e7o Unimed, em S\u00e3o Paulo.<\/p>\n<p>Reconhecida pelos varejistas de material de constru\u00e7\u00e3o de todo o pa\u00eds, por seus 32 anos de tradi\u00e7\u00e3o em defesa do setor, a Anamaco comemorou a ocasi\u00e3o com uma programa\u00e7\u00e3o especial que deixou, em evid\u00eancia, a qualidade das empresas e dos profissionais da \u00e1rea da constru\u00e7\u00e3o, gerando grande troca de informa\u00e7\u00e3o e networking.<\/p>\n<p>O evento reuniu cerca de 800 convidados, entre eles, os principais executivos e empres\u00e1rios da ind\u00fastria, com\u00e9rcio e varejo, al\u00e9m de representantes das principais revendas, das Associa\u00e7\u00f5es dos Comerciantes de Material de Constru\u00e7\u00e3o e das Fecomac e Acomacs de diversas regi\u00f5es do pa\u00eds, e entidades parceiras. Vale destacar, a presen\u00e7a e atua\u00e7\u00e3o da Deputada Dani Alonso, que atua na frente parlamentar em prol ao setor do varejo de material de constru\u00e7\u00e3o como uma de suas principais bandeiras pol\u00edticas.<\/p>\n<p>O tradicional encontro da constru\u00e7\u00e3o, marcou tamb\u00e9m a transi\u00e7\u00e3o da Presid\u00eancia da Anamaco, com Geraldo Defalco (dois bi\u00eanios de 2020 a 2023) encerrando seu mandato, sendo eleito para a gest\u00e3o 2024\/2025, C\u00e1ssio Tucunduva, que apresentou a promessa de que atuar\u00e1 com a premissa de uni\u00e3o e a\u00e7\u00f5es em prol do setor representado.<\/p>\n<p>\u201cO lojista \u00e9 o comandante da nossa associa\u00e7\u00e3o. S\u00e3o milhares de lojas no Brasil, s\u00f3 em S\u00e3o Paulo, algo em torno de 50.000 lojas de material de constru\u00e7\u00e3o de pequeno a grande porte. Trabalharemos em conjunto com as Acomacs e as Fecomacs com a miss\u00e3o de conduzir essa gest\u00e3o com a uni\u00e3o de todos\u201d. Destacou C\u00e1ssio Tucunduva.<\/p>\n<p>O Pr\u00eamio Anamaco anualmente destaca as melhores marcas do setor de materiais de constru\u00e7\u00e3o e presta homenagem, com a entrega da\u00a0<strong>P\u00e1 de Ouro Oper\u00e1rio N\u00famero 1 da Constru\u00e7\u00e3o<\/strong>, a uma personalidade de destaque no Brasil, por suas a\u00e7\u00f5es para o desenvolvimento do setor, nesta edi\u00e7\u00e3o recebida por\u00a0<strong>Tarc\u00edsio de Freitas<\/strong>, governador de S\u00e3o Paulo.<\/p>\n<p>\u201cEste setor da constru\u00e7\u00e3o \u00e9 muito importante para o pa\u00eds. Temos motivos para ter esperan\u00e7a, este setor atravessou a pandemia sendo conhecido como essencial. O principal neg\u00f3cio do setor de constru\u00e7\u00e3o, \u00e9 a venda de sonhos. A constru\u00e7\u00e3o e compra da casa pr\u00f3pria \u00e9 o sonho das pessoas, e isso movimenta o setor da constru\u00e7\u00e3o\u2019. Ressaltou Tarc\u00edsio.<\/p>\n<p>\u201cTemos muitos desafios do cen\u00e1rio econ\u00f4mico, cen\u00e1rio externo, acredito na criatividade de trazermos investimentos. O pr\u00eamio que recebi hoje, encaro como uma nota promiss\u00f3ria com o setor, tenho certeza de que seguiremos juntos, fazendo a diferen\u00e7a. Temos muitos sonhos para realizarmos! Finalizou.<\/p>\n<p>Tamb\u00e9m reconheceu tr\u00eas executivos, por seus relevantes pap\u00e9is na cadeia da constru\u00e7\u00e3o, premiando-os nas categorias: \u00a0<strong>Personalidade do Com\u00e9rcio \u2013\u00a0<em>Ant\u00f4nio Sander da Cassol Centerlar<\/em>; Personalidade da Ind\u00fastria \u2013\u00a0<em>Eduardo Coli da Lorenzetti<\/em>; e, Pr\u00eamio Sustentabilidade \u2013 Renato Holzheim da Saint Gobain<\/strong>.<\/p>\n<p>Durante meses, o Instituto de Pesquisa da Anamaco ouviu 1.650 varejistas, sendo 1.543 pequenos e m\u00e9dios e 107 de grande porte, entre revendas e home centers, em todos os estados brasileiros e no Distrito Federal, em 53 segmentos.<\/p>\n<p>Para este levantamento, foram consultados gerentes e respons\u00e1veis pelo departamento de compras das empresas, que avaliaram, de forma quantitativa, os quesitos \u201cQualidade Pre\u00e7o\u201d, \u201cAtendimento ao Ponto de Venda\u201d, \u201cOrienta\u00e7\u00e3o T\u00e9cnica\u201d e \u201cLog\u00edstica\u201d, na categoria \u201cPulveriza\u00e7\u00e3o\u201d, chegando assim aos \u201cMelhores de Material de Constru\u00e7\u00e3o\u201d.<\/p>\n<p>O resultado da pesquisa apresenta indicadores e informa\u00e7\u00f5es importantes sobre o varejo de constru\u00e7\u00e3o no Brasil, com apontamentos que podem contribuir com a tomada de decis\u00e3o do com\u00e9rcio para os pr\u00f3ximos meses e anos. Os principais pontos indicados na pesquisa podem ser conferidos na edi\u00e7\u00e3o especial da\u00a0<em>Revista Anamaco<\/em>.<\/p>\n<p>\u201cSupera\u00e7\u00e3o \u00e9 a palavra que define a realiza\u00e7\u00e3o desta edi\u00e7\u00e3o do Pr\u00eamio Anamaco. Cada detalhe como a decora\u00e7\u00e3o, o buffet e demais ativa\u00e7\u00f5es que aconteceram durante a noite de premia\u00e7\u00e3o, foi pensado com carinho. A cada edi\u00e7\u00e3o realizada, sabemos que ser\u00e1 preciso aumentar o n\u00edvel de acolhimento dos convidados no pr\u00f3ximo evento. Para a edi\u00e7\u00e3o deste ano, adotamos a linha cl\u00e1ssica soft, isto \u00e9, mantivemos o luxo dos pr\u00eamios dos anos anteriores, por\u00e9m com toques de leveza e modernidade. Descontra\u00e7\u00e3o e festa no palco foram os destaques desta noite memor\u00e1vel e especial do setor da constru\u00e7\u00e3o\u201d. Destacou, Welington Bezerra, diretor de eventos da Anamaco.<\/p>\n","protected":false},"excerpt":{"rendered":"<p>O Pr\u00eamio, considerado o \u201cOscar da Constru\u00e7\u00e3o\u201d, reconheceu empresas e pessoas que se destacaram no mercado nacional ao longo do ano. Nesta 32\u00aa edi\u00e7\u00e3o, a entidade que representa 6% do PIB da economia, apresentou 59 ganhadores, escolhidos por meios de crit\u00e9rios como \u201cqualidade\u201d, \u201cpre\u00e7o\u201d, \u201catendimento ao ponto de venda\u201d, \u201corienta\u00e7\u00e3o t\u00e9cnica\u201d e \u201clog\u00edstica\u201d &nbsp; A [&hellip;]<\/p>\n","protected":false},"author":1,"featured_media":22673,"comment_status":"open","ping_status":"open","sticky":false,"template":"","format":"standard","meta":{"_uag_custom_page_level_css":"","footnotes":""},"categories":[33],"tags":[25877,24665,25876,24757,705],"class_list":["post-22672","post","type-post","status-publish","format-standard","has-post-thumbnail","hentry","category-mercado","tag-esgnaconstrucao","tag-materialdeconstrucao","tag-premioanamaco2023","tag-servicosdeengenharia","tag-anamaco"],"blocksy_meta":[],"spectra_blocks_featured_image_url":{"thumbnail":{"url":"https:\/\/construcaocivil.siriusmarketingedesign.com.br\/wp-content\/uploads\/2023\/11\/todos-no-palco-2-150x150.jpg","width":150,"height":150},"medium":{"url":"https:\/\/construcaocivil.siriusmarketingedesign.com.br\/wp-content\/uploads\/2023\/11\/todos-no-palco-2-300x111.jpg","width":300,"height":111},"medium_large":{"url":"https:\/\/construcaocivil.siriusmarketingedesign.com.br\/wp-content\/uploads\/2023\/11\/todos-no-palco-2-768x285.jpg","width":768,"height":285},"large":{"url":"https:\/\/construcaocivil.siriusmarketingedesign.com.br\/wp-content\/uploads\/2023\/11\/todos-no-palco-2-1024x380.jpg","width":1024,"height":380},"full":{"url":"https:\/\/construcaocivil.siriusmarketingedesign.com.br\/wp-content\/uploads\/2023\/11\/todos-no-palco-2-scaled.jpg","width":2560,"height":950}},"spectra_blocks_author_info":{"display_name":"Jornal da Constru\u00e7\u00e3o Civil","avatar_url":"https:\/\/secure.gravatar.com\/avatar\/973c9774fd44ddaceb026973c4962faa70fc512bc4c9da68e8ebb40fecee6540?s=96&d=mm&r=g","author_link":"https:\/\/construcaocivil.siriusmarketingedesign.com.br\/?author=1","description":"Desde de 2013, levando muitas informa\u00e7\u00f5es, lan\u00e7amentos e produtos de qualidade para toda cadeia produtiva da constru\u00e7\u00e3o. O Futuro da constru\u00e7\u00e3o passa por aqui,"},"uagb_featured_image_src":{"full":["https:\/\/construcaocivil.siriusmarketingedesign.com.br\/wp-content\/uploads\/2023\/11\/todos-no-palco-2-scaled.jpg",2560,950,false],"thumbnail":["https:\/\/construcaocivil.siriusmarketingedesign.com.br\/wp-content\/uploads\/2023\/11\/todos-no-palco-2-150x150.jpg",150,150,true],"medium":["https:\/\/construcaocivil.siriusmarketingedesign.com.br\/wp-content\/uploads\/2023\/11\/todos-no-palco-2-300x111.jpg",300,111,true],"medium_large":["https:\/\/construcaocivil.siriusmarketingedesign.com.br\/wp-content\/uploads\/2023\/11\/todos-no-palco-2-768x285.jpg",768,285,true],"large":["https:\/\/construcaocivil.siriusmarketingedesign.com.br\/wp-content\/uploads\/2023\/11\/todos-no-palco-2-1024x380.jpg",1024,380,true],"1536x1536":["https:\/\/construcaocivil.siriusmarketingedesign.com.br\/wp-content\/uploads\/2023\/11\/todos-no-palco-2-1536x570.jpg",1536,570,true],"2048x2048":["https:\/\/construcaocivil.siriusmarketingedesign.com.br\/wp-content\/uploads\/2023\/11\/todos-no-palco-2-2048x760.jpg",2048,760,true]},"uagb_author_info":{"display_name":"Jornal da Constru\u00e7\u00e3o Civil","author_link":"https:\/\/construcaocivil.siriusmarketingedesign.com.br\/?author=1"},"uagb_comment_info":0,"uagb_excerpt":"O Pr\u00eamio, considerado o \u201cOscar da Constru\u00e7\u00e3o\u201d, reconheceu empresas e pessoas que se destacaram no mercado nacional ao longo do ano. Nesta 32\u00aa edi\u00e7\u00e3o, a entidade que representa 6% do PIB da economia, apresentou 59 ganhadores, escolhidos por meios de crit\u00e9rios como \u201cqualidade\u201d, \u201cpre\u00e7o\u201d, \u201catendimento ao ponto de venda\u201d, \u201corienta\u00e7\u00e3o t\u00e9cnica\u201d e \u201clog\u00edstica\u201d &nbsp; A&hellip;","_links":{"self":[{"href":"https:\/\/construcaocivil.siriusmarketingedesign.com.br\/index.php?rest_route=\/wp\/v2\/posts\/22672","targetHints":{"allow":["GET"]}}],"collection":[{"href":"https:\/\/construcaocivil.siriusmarketingedesign.com.br\/index.php?rest_route=\/wp\/v2\/posts"}],"about":[{"href":"https:\/\/construcaocivil.siriusmarketingedesign.com.br\/index.php?rest_route=\/wp\/v2\/types\/post"}],"author":[{"embeddable":true,"href":"https:\/\/construcaocivil.siriusmarketingedesign.com.br\/index.php?rest_route=\/wp\/v2\/users\/1"}],"replies":[{"embeddable":true,"href":"https:\/\/construcaocivil.siriusmarketingedesign.com.br\/index.php?rest_route=%2Fwp%2Fv2%2Fcomments&post=22672"}],"version-history":[{"count":0,"href":"https:\/\/construcaocivil.siriusmarketingedesign.com.br\/index.php?rest_route=\/wp\/v2\/posts\/22672\/revisions"}],"wp:featuredmedia":[{"embeddable":true,"href":"https:\/\/construcaocivil.siriusmarketingedesign.com.br\/index.php?rest_route=\/wp\/v2\/media\/22673"}],"wp:attachment":[{"href":"https:\/\/construcaocivil.siriusmarketingedesign.com.br\/index.php?rest_route=%2Fwp%2Fv2%2Fmedia&parent=22672"}],"wp:term":[{"taxonomy":"category","embeddable":true,"href":"https:\/\/construcaocivil.siriusmarketingedesign.com.br\/index.php?rest_route=%2Fwp%2Fv2%2Fcategories&post=22672"},{"taxonomy":"post_tag","embeddable":true,"href":"https:\/\/construcaocivil.siriusmarketingedesign.com.br\/index.php?rest_route=%2Fwp%2Fv2%2Ftags&post=22672"}],"curies":[{"name":"wp","href":"https:\/\/api.w.org\/{rel}","templated":true}]}}