{"id":22691,"date":"2023-11-14T11:53:22","date_gmt":"2023-11-14T14:53:22","guid":{"rendered":"https:\/\/www.jornaldaconstrucaocivil.com.br\/?p=22691"},"modified":"2023-11-15T15:45:39","modified_gmt":"2023-11-15T18:45:39","slug":"eleicoes-no-crea-sistema-confea-crea-e-mutua-realizam-eleicoes-nesta-sexta-feira-17","status":"publish","type":"post","link":"https:\/\/construcaocivil.siriusmarketingedesign.com.br\/?p=22691","title":{"rendered":"Sistema Confea\/Crea e M\u00fatua realizam elei\u00e7\u00f5es nesta sexta-feira (17)"},"content":{"rendered":"<p style=\"text-align: justify;\">Aten\u00e7\u00e3o profissionais da \u00e1rea tecnol\u00f3gica! As elei\u00e7\u00f5es do Sistema Confea\/Crea e M\u00fatua est\u00e3o chegando. Quem atua nas \u00e1reas de Engenharia, Agronomia, Geologia, Geografia e Meteorologia n\u00e3o pode ficar de fora. Nesta sexta-feira, dia 17, ser\u00e3o eleitos os novos representantes do Conselho Federal de Engenharia e Agronomia (Confea), dos Conselhos Regionais de Engenharia e Agronomia (Creas) e da Caixa de Assist\u00eancia dos Profissionais do Crea (M\u00fatua) para o tri\u00eanio 2024-2026.<\/p>\n<p style=\"text-align: justify;\">Para participar, o profissional deve acessar\u00a0<a href=\"https:\/\/s2311.imxsnd29.com\/link.php?code=bDpodHRwcyUzQSUyRiUyRnd3dy52b3RhY29uZmVhLmNvbS5iciUyRjoxNjEzOTQwOTU5OnJlZGFjYW9Aam9ybmFsZGFjb25zdHJ1Y2FvY2l2aWwuY29tLmJyOmY2OGYzZjo2MQ==\" target=\"_blank\" rel=\"noopener noreferrer\">o site da vota\u00e7\u00e3o online<\/a>\u00a0usando o seu CPF e a senha que ser\u00e3o enviados por e-mail ou SMS. Mas aten\u00e7\u00e3o: \u00e9 muito importante que o profissional mantenha seus dados cadastrais atualizados para receber as informa\u00e7\u00f5es e assim, fazer parte do processo eleitoral.<\/p>\n<p style=\"text-align: justify;\">Caso n\u00e3o tenha recebido a senha antecipadamente, o profissional poder\u00e1 solicitar,\u00a0<a href=\"https:\/\/s2311.imxsnd29.com\/link.php?code=bDpodHRwcyUzQSUyRiUyRnd3dy52b3RhY29uZmVhLmNvbS5icjoxNjEzOTQwOTU5OnJlZGFjYW9Aam9ybmFsZGFjb25zdHJ1Y2FvY2l2aWwuY29tLmJyOjhmNTVmYTo2MQ==\" target=\"_blank\" rel=\"noopener noreferrer\">no site Vota Confea<\/a>\u00a0, o envio da senha por e-mail ou SMS no endere\u00e7o eletr\u00f4nico ou celular que consta no cadastro do Crea e tamb\u00e9m ter\u00e1 a op\u00e7\u00e3o de entrar na plataforma de vota\u00e7\u00e3o com o seu certificado digital ou com os dados da ferramenta GovBR.<\/p>\n<p style=\"text-align: justify;\">No dia da Elei\u00e7\u00e3o, no site da vota\u00e7\u00e3o tamb\u00e9m haver\u00e1 um telefone 0800 (call center) e um chat online para que o profissional tire as suas d\u00favidas sobre os procedimentos de vota\u00e7\u00e3o.<\/p>\n<p style=\"text-align: justify;\">No Crea-RJ, os profissionais ir\u00e3o votar para: Presidente do Confea; Presidente do Crea-RJ; Diretor-Geral da M\u00fatua e Diretor Administrativo da M\u00fatua. Todas as informa\u00e7\u00f5es dos candidatos est\u00e3o dispon\u00edveis na p\u00e1gina da Comiss\u00e3o Eleitoral Regional (CER) no portal do Crea-RJ, na \u00e1rea &#8220;<a href=\"https:\/\/s2311.imxsnd29.com\/link.php?code=bDpodHRwcyUzQSUyRiUyRm5vdm9wb3J0YWwuY3JlYS1yai5vcmcuYnIlMkZjZXIlMkZjYW5kaWRhdG9zJTJGOjE2MTM5NDA5NTk6cmVkYWNhb0Bqb3JuYWxkYWNvbnN0cnVjYW9jaXZpbC5jb20uYnI6MGZmYWJkOjYx\" target=\"_blank\" rel=\"noopener noreferrer\">Conhe\u00e7a os candidatos<\/a>&#8220;.<\/p>\n<p style=\"text-align: justify;\">O presidente do Crea-RJ, engenheiro eletricista e de seguran\u00e7a do trabalho Luiz Antonio Cosenza, destaca a import\u00e2ncia da elei\u00e7\u00e3o online como uma forma moderna, segura e eficiente de ampliar a participa\u00e7\u00e3o dos profissionais nas escolhas de seus representantes. &#8220;Desta forma, a entidade pode ter uma gest\u00e3o mais democr\u00e1tica e participativa, que atende \u00e0s expectativas e necessidades dos profissionais da \u00e1rea&#8221;, pontua.<\/p>\n<p style=\"text-align: justify;\">De acordo com o Coordenador da Comiss\u00e3o Eleitoral Regional do Crea-RJ, engenheiro de produ\u00e7\u00e3o Alberto Balassiano, o trabalho da Comiss\u00e3o, agora, est\u00e1 focado em mostrar aos profissionais a import\u00e2ncia desta elei\u00e7\u00e3o. &#8220;Estamos fazendo uma ampla divulga\u00e7\u00e3o para que os profissionais possam votar em clima de tranquilidade. Isso vai realmente fortalecer a nossa entidade&#8221;, explica.<\/p>\n<p style=\"text-align: justify;\">Todo profissional registrado e em dia com as obriga\u00e7\u00f5es perante o Sistema Confea\/Crea at\u00e9 18 de outubro \u00e9 considerado eleitor e votar\u00e1 na circunscri\u00e7\u00e3o do Crea onde quitou sua \u00faltima anuidade, independente do seu registro origin\u00e1rio ou locais onde possuir visto. Mas o voto n\u00e3o \u00e9 obrigat\u00f3rio.<\/p>\n<p style=\"text-align: justify;\">Para sanar quaisquer d\u00favidas sobre o processo eleitoral e obter informa\u00e7\u00f5es acesse\u00a0<a href=\"https:\/\/s2311.imxsnd29.com\/link.php?code=bDpodHRwcyUzQSUyRiUyRnd3dy5jcmVhLXJqLm9yZy5iciUyRmNlcis6MTYxMzk0MDk1OTpyZWRhY2FvQGpvcm5hbGRhY29uc3RydWNhb2NpdmlsLmNvbS5icjphOTljMmQ6NjE=\" target=\"_blank\" rel=\"noopener noreferrer\">o site do Crea-RJ<\/a>.<\/p>\n<p style=\"text-align: justify;\"><strong>SAIBA QUAIS S\u00c3O OS CANDIDATOS:<\/strong><\/p>\n<p style=\"text-align: justify;\"><strong>Para Presid\u00eancia do Confea:<\/strong><br \/>\nJoc\u00e9lio Cabral Mendon\u00e7a; Amaury Pinto de Castro Monteiro J\u00fanior; N\u00e9lio Alzenir Afonso Alencar; Maria de F\u00e1tima Ribeiro C\u00f3; Vin\u00edcius Marchese Marinelli; Al\u00edrio Ferreira Mendes J\u00fanior; e Francisco Ant\u00f4nio Silva de Almeida.<\/p>\n<p style=\"text-align: justify;\"><strong>Para Presid\u00eancia do Crea-RJ:<\/strong><br \/>\nFrancis Bogossian; Jorge Bitencourt; Fernando Annibolete; Luiz Punaro Baratta; e Miguel Alvarenga Fern\u00e1ndez y Fern\u00e1ndez.<\/p>\n<p style=\"text-align: justify;\"><strong>Para Diretor(a)-Geral da M\u00fatua-RJ:<\/strong><br \/>\nAlexandre Mosca; Jamerson Freitas; e Teneuza Cavalcanti.<\/p>\n<p style=\"text-align: justify;\"><strong>Para (Diretor(a) Administrativo(a) da M\u00fatua-RJ:<\/strong><br \/>\nDenise Baptista Alves; Ida Panno; e Ana Paula Masiero.<\/p>\n<p style=\"text-align: justify;\"><strong>Para Diretor Financeiro da M\u00fatua (*)<\/strong><br \/>\nPietro Valdo Rostagno<\/p>\n<p style=\"text-align: justify;\">* A Decis\u00e3o N\u00ba: PL-1870\/2022 fixou o per\u00edodo de 17 de novembro de 2023 a 1\u00ba de dezembro de 2023 para os Regionais elegerem o Diretor Financeiro da M\u00fatua. No RJ, a elei\u00e7\u00e3o ser\u00e1 no dia 22\/11\/2023 em Sess\u00e3o Extraordin\u00e1ria do Plen\u00e1rio do Crea-RJ (Art. 41 da Resolu\u00e7\u00e3o 1.117\/2019 \u2013 Regulamento Eleitoral da M\u00fatua).<\/p>\n<p style=\"text-align: justify;\">Para conferir os curr\u00edculos dos candidatos acesse: &#8220;<a href=\"https:\/\/s2311.imxsnd29.com\/link.php?code=bDpodHRwcyUzQSUyRiUyRm5vdm9wb3J0YWwuY3JlYS1yai5vcmcuYnIlMkZjZXIlMkZjYW5kaWRhdG9zJTJGOjE2MTM5NDA5NTk6cmVkYWNhb0Bqb3JuYWxkYWNvbnN0cnVjYW9jaXZpbC5jb20uYnI6MGZmYWJkOjYx\" target=\"_blank\" rel=\"noopener noreferrer\">Conhe\u00e7a os candidatos<\/a>&#8220;<\/p>\n","protected":false},"excerpt":{"rendered":"<p>Aten\u00e7\u00e3o profissionais da \u00e1rea tecnol\u00f3gica! As elei\u00e7\u00f5es do Sistema Confea\/Crea e M\u00fatua est\u00e3o chegando. Quem atua nas \u00e1reas de Engenharia, Agronomia, Geologia, Geografia e Meteorologia n\u00e3o pode ficar de fora. Nesta sexta-feira, dia 17, ser\u00e3o eleitos os novos representantes do Conselho Federal de Engenharia e Agronomia (Confea), dos Conselhos Regionais de Engenharia e Agronomia (Creas) [&hellip;]<\/p>\n","protected":false},"author":1,"featured_media":22692,"comment_status":"open","ping_status":"open","sticky":false,"template":"","format":"standard","meta":{"_uag_custom_page_level_css":"","footnotes":""},"categories":[27],"tags":[23938,25883,3143,25882,4339,25884],"class_list":["post-22691","post","type-post","status-publish","format-standard","has-post-thumbnail","hentry","category-acontece","tag-agronomia","tag-arts","tag-crea-rj","tag-eleicoes-2023","tag-engenharia","tag-regionais-rj"],"blocksy_meta":[],"spectra_blocks_featured_image_url":{"thumbnail":{"url":"https:\/\/construcaocivil.siriusmarketingedesign.com.br\/wp-content\/uploads\/2023\/11\/eleicoes2023_post_1200-150x150.jpg","width":150,"height":150},"medium":{"url":"https:\/\/construcaocivil.siriusmarketingedesign.com.br\/wp-content\/uploads\/2023\/11\/eleicoes2023_post_1200-300x225.jpg","width":300,"height":225},"medium_large":{"url":"https:\/\/construcaocivil.siriusmarketingedesign.com.br\/wp-content\/uploads\/2023\/11\/eleicoes2023_post_1200-768x576.jpg","width":768,"height":576},"large":{"url":"https:\/\/construcaocivil.siriusmarketingedesign.com.br\/wp-content\/uploads\/2023\/11\/eleicoes2023_post_1200-1024x768.jpg","width":1024,"height":768},"full":{"url":"https:\/\/construcaocivil.siriusmarketingedesign.com.br\/wp-content\/uploads\/2023\/11\/eleicoes2023_post_1200.jpg","width":1200,"height":900}},"spectra_blocks_author_info":{"display_name":"Jornal da Constru\u00e7\u00e3o Civil","avatar_url":"https:\/\/secure.gravatar.com\/avatar\/973c9774fd44ddaceb026973c4962faa70fc512bc4c9da68e8ebb40fecee6540?s=96&d=mm&r=g","author_link":"https:\/\/construcaocivil.siriusmarketingedesign.com.br\/?author=1","description":"Desde de 2013, levando muitas informa\u00e7\u00f5es, lan\u00e7amentos e produtos de qualidade para toda cadeia produtiva da constru\u00e7\u00e3o. O Futuro da constru\u00e7\u00e3o passa por aqui,"},"uagb_featured_image_src":{"full":["https:\/\/construcaocivil.siriusmarketingedesign.com.br\/wp-content\/uploads\/2023\/11\/eleicoes2023_post_1200.jpg",1200,900,false],"thumbnail":["https:\/\/construcaocivil.siriusmarketingedesign.com.br\/wp-content\/uploads\/2023\/11\/eleicoes2023_post_1200-150x150.jpg",150,150,true],"medium":["https:\/\/construcaocivil.siriusmarketingedesign.com.br\/wp-content\/uploads\/2023\/11\/eleicoes2023_post_1200-300x225.jpg",300,225,true],"medium_large":["https:\/\/construcaocivil.siriusmarketingedesign.com.br\/wp-content\/uploads\/2023\/11\/eleicoes2023_post_1200-768x576.jpg",768,576,true],"large":["https:\/\/construcaocivil.siriusmarketingedesign.com.br\/wp-content\/uploads\/2023\/11\/eleicoes2023_post_1200-1024x768.jpg",1024,768,true],"1536x1536":["https:\/\/construcaocivil.siriusmarketingedesign.com.br\/wp-content\/uploads\/2023\/11\/eleicoes2023_post_1200.jpg",1200,900,false],"2048x2048":["https:\/\/construcaocivil.siriusmarketingedesign.com.br\/wp-content\/uploads\/2023\/11\/eleicoes2023_post_1200.jpg",1200,900,false]},"uagb_author_info":{"display_name":"Jornal da Constru\u00e7\u00e3o Civil","author_link":"https:\/\/construcaocivil.siriusmarketingedesign.com.br\/?author=1"},"uagb_comment_info":0,"uagb_excerpt":"Aten\u00e7\u00e3o profissionais da \u00e1rea tecnol\u00f3gica! As elei\u00e7\u00f5es do Sistema Confea\/Crea e M\u00fatua est\u00e3o chegando. Quem atua nas \u00e1reas de Engenharia, Agronomia, Geologia, Geografia e Meteorologia n\u00e3o pode ficar de fora. Nesta sexta-feira, dia 17, ser\u00e3o eleitos os novos representantes do Conselho Federal de Engenharia e Agronomia (Confea), dos Conselhos Regionais de Engenharia e Agronomia (Creas)&hellip;","_links":{"self":[{"href":"https:\/\/construcaocivil.siriusmarketingedesign.com.br\/index.php?rest_route=\/wp\/v2\/posts\/22691","targetHints":{"allow":["GET"]}}],"collection":[{"href":"https:\/\/construcaocivil.siriusmarketingedesign.com.br\/index.php?rest_route=\/wp\/v2\/posts"}],"about":[{"href":"https:\/\/construcaocivil.siriusmarketingedesign.com.br\/index.php?rest_route=\/wp\/v2\/types\/post"}],"author":[{"embeddable":true,"href":"https:\/\/construcaocivil.siriusmarketingedesign.com.br\/index.php?rest_route=\/wp\/v2\/users\/1"}],"replies":[{"embeddable":true,"href":"https:\/\/construcaocivil.siriusmarketingedesign.com.br\/index.php?rest_route=%2Fwp%2Fv2%2Fcomments&post=22691"}],"version-history":[{"count":0,"href":"https:\/\/construcaocivil.siriusmarketingedesign.com.br\/index.php?rest_route=\/wp\/v2\/posts\/22691\/revisions"}],"wp:featuredmedia":[{"embeddable":true,"href":"https:\/\/construcaocivil.siriusmarketingedesign.com.br\/index.php?rest_route=\/wp\/v2\/media\/22692"}],"wp:attachment":[{"href":"https:\/\/construcaocivil.siriusmarketingedesign.com.br\/index.php?rest_route=%2Fwp%2Fv2%2Fmedia&parent=22691"}],"wp:term":[{"taxonomy":"category","embeddable":true,"href":"https:\/\/construcaocivil.siriusmarketingedesign.com.br\/index.php?rest_route=%2Fwp%2Fv2%2Fcategories&post=22691"},{"taxonomy":"post_tag","embeddable":true,"href":"https:\/\/construcaocivil.siriusmarketingedesign.com.br\/index.php?rest_route=%2Fwp%2Fv2%2Ftags&post=22691"}],"curies":[{"name":"wp","href":"https:\/\/api.w.org\/{rel}","templated":true}]}}