{"id":22717,"date":"2023-11-18T10:45:36","date_gmt":"2023-11-18T13:45:36","guid":{"rendered":"https:\/\/www.jornaldaconstrucaocivil.com.br\/?p=22717"},"modified":"2023-11-18T10:45:36","modified_gmt":"2023-11-18T13:45:36","slug":"mudancas-climaticas-e-incidencia-de-dengue-qual-a-relacao-e-como-combater-o-virus-aedes-aegypti","status":"publish","type":"post","link":"https:\/\/construcaocivil.siriusmarketingedesign.com.br\/?p=22717","title":{"rendered":"Mudan\u00e7as Clim\u00e1ticas e Incid\u00eancia de Dengue: Qual a Rela\u00e7\u00e3o e como Combater o V\u00edrus Aedes Aegypti"},"content":{"rendered":"<p>Uma simples picada de um mosquito Aedes aegypti pode se transformar em uma fatalidade. A recente morte de L\u00edvia Barbosa Contar, de 37 anos, irm\u00e3 do ex-deputado estadual Renan Contar, o Capit\u00e3o Contar (PRTB), traz \u00e0 tona um alerta crucial sobre a banaliza\u00e7\u00e3o da doen\u00e7a. No Dia Nacional do Combate \u00e0 Dengue, que ocorre no pr\u00f3ximo dia 18 de novembro, \u00e9 essencial refor\u00e7ar a import\u00e2ncia da vacina\u00e7\u00e3o como medida preventiva contra essa amea\u00e7a.<\/p>\n<p>&nbsp;<\/p>\n<p>De acordo com uma pesquisa recente, se j\u00e1 h\u00e1 reprodu\u00e7\u00e3o do mosquito agora, imagine durante este per\u00edodo, com as chuvas e o clima quente. A tend\u00eancia \u00e9 que ocorra um aumento significativo na transmiss\u00e3o e no n\u00famero de casos. Este ano, os registros de dengue j\u00e1 superaram os de 2022, aproximando-se perigosamente do pior momento j\u00e1 vivido, entre 2019 e 2020, podendo at\u00e9 mesmo ultrapassar o recorde de casos daquela \u00e9poca. Em 2023, at\u00e9 o final de abril, houve aumento de 30% no n\u00famero de casos prov\u00e1veis de dengue em compara\u00e7\u00e3o com o mesmo per\u00edodo de 2022 em todo Brasil.<\/p>\n<p>Um fator importante que contribui para o aumento da transmiss\u00e3o da dengue est\u00e1 diretamente ligado \u00e0s mudan\u00e7as clim\u00e1ticas que o mundo enfrenta. Pode parecer estranho relacionar os mosquitos da dengue com as altera\u00e7\u00f5es clim\u00e1ticas, mas esses dois elementos est\u00e3o intrinsecamente ligados, resultando em um aumento na incid\u00eancia da doen\u00e7a a cada ano.<\/p>\n<p>&nbsp;<\/p>\n<p>Os m\u00e9dicos e diretores da Cl\u00ednica Salus Imuniza\u00e7\u00f5es, Dra. Marcela Rodrigues e Dr. Marco C\u00e9sar Roque, destacam que, anualmente, em todo o mundo, os n\u00fameros de casos de dengue batem recordes. Isso ocorre devido \u00e0s altera\u00e7\u00f5es clim\u00e1ticas, ao aumento da temperatura e \u00e0 adapta\u00e7\u00e3o do mosquito em regi\u00f5es onde antes sua circula\u00e7\u00e3o era insignificante, devido ao aquecimento global. Essa adapta\u00e7\u00e3o permite que o mosquito se espalhe para \u00e1reas anteriormente inacess\u00edveis, colocando em risco popula\u00e7\u00f5es inteiras.<\/p>\n<p>&nbsp;<\/p>\n<p>A dengue \u00e9 uma doen\u00e7a grave, transmitida atrav\u00e9s da picada do mosquito Aedes aegypti, que se tornou mais resistente e adaptado a diferentes ambientes ao longo do tempo. Os sintomas incluem febre alta, dores musculares intensas, dor de cabe\u00e7a, fadiga e erup\u00e7\u00f5es cut\u00e2neas. Em casos mais graves, pode levar \u00e0 dengue hemorr\u00e1gica, uma condi\u00e7\u00e3o potencialmente letal.<\/p>\n<p>&nbsp;<\/p>\n<p>O Dr. Marco C\u00e9sar Roque, enfatiza que a vacina contra o dengue \u00e9 um dos principais instrumentos para prevenir a doen\u00e7a. Ela \u00e9 especialmente importante em \u00e1reas onde a transmiss\u00e3o da dengue \u00e9 end\u00eamica, ou seja, onde a doen\u00e7a \u00e9 constante e frequente. Al\u00e9m disso, a vacina\u00e7\u00e3o pode reduzir a gravidade da doen\u00e7a e a probabilidade de desenvolver complica\u00e7\u00f5es graves, como a dengue hemorr\u00e1gica.<\/p>\n<p>&nbsp;<\/p>\n<p>\u201cDiante desse cen\u00e1rio preocupante, a vacina\u00e7\u00e3o se torna uma medida essencial para combater a dengue. \u00c9 crucial que a popula\u00e7\u00e3o esteja devidamente imunizada, contribuindo para a redu\u00e7\u00e3o dos casos e, consequentemente, para a preven\u00e7\u00e3o de \u00f3bitos. Al\u00e9m disso, \u00e9 fundamental adotar medidas de preven\u00e7\u00e3o em casa, como a elimina\u00e7\u00e3o dos criadouros do mosquito, o uso de repelentes e a prote\u00e7\u00e3o de janelas e portas com telas\u201d. Alerta a Dra. Marcela Rodrigues.<\/p>\n<p>&nbsp;<\/p>\n<p>Neste Dia Nacional do Combate \u00e0 Dengue, fazemos um apelo \u00e0 conscientiza\u00e7\u00e3o e \u00e0 a\u00e7\u00e3o. Vacine-se e proteja-se contra essa doen\u00e7a perigosa. Junte-se a n\u00f3s nessa luta para erradicar a dengue e garantir um futuro mais saud\u00e1vel para todos.<\/p>\n","protected":false},"excerpt":{"rendered":"<p>Uma simples picada de um mosquito Aedes aegypti pode se transformar em uma fatalidade. A recente morte de L\u00edvia Barbosa Contar, de 37 anos, irm\u00e3 do ex-deputado estadual Renan Contar, o Capit\u00e3o Contar (PRTB), traz \u00e0 tona um alerta crucial sobre a banaliza\u00e7\u00e3o da doen\u00e7a. No Dia Nacional do Combate \u00e0 Dengue, que ocorre no [&hellip;]<\/p>\n","protected":false},"author":1,"featured_media":22718,"comment_status":"open","ping_status":"open","sticky":false,"template":"","format":"standard","meta":{"_uag_custom_page_level_css":"","footnotes":""},"categories":[37],"tags":[25899,25900,25898,3438,7968,25897,11433],"class_list":["post-22717","post","type-post","status-publish","format-standard","has-post-thumbnail","hentry","category-sustentabilidade","tag-agua-suja","tag-casas-com-dengue","tag-clinica-salus-imunizacoes","tag-dengue","tag-mudancas-climaticas","tag-salus-imunizacoes","tag-sudeste"],"blocksy_meta":[],"spectra_blocks_featured_image_url":{"thumbnail":{"url":"https:\/\/construcaocivil.siriusmarketingedesign.com.br\/wp-content\/uploads\/2023\/11\/unnamed-11-150x150.jpg","width":150,"height":150},"medium":{"url":"https:\/\/construcaocivil.siriusmarketingedesign.com.br\/wp-content\/uploads\/2023\/11\/unnamed-11-300x186.jpg","width":300,"height":186},"medium_large":{"url":"https:\/\/construcaocivil.siriusmarketingedesign.com.br\/wp-content\/uploads\/2023\/11\/unnamed-11-768x476.jpg","width":768,"height":476},"large":{"url":"https:\/\/construcaocivil.siriusmarketingedesign.com.br\/wp-content\/uploads\/2023\/11\/unnamed-11.jpg","width":1024,"height":634},"full":{"url":"https:\/\/construcaocivil.siriusmarketingedesign.com.br\/wp-content\/uploads\/2023\/11\/unnamed-11.jpg","width":1024,"height":634}},"spectra_blocks_author_info":{"display_name":"Jornal da Constru\u00e7\u00e3o Civil","avatar_url":"https:\/\/secure.gravatar.com\/avatar\/973c9774fd44ddaceb026973c4962faa70fc512bc4c9da68e8ebb40fecee6540?s=96&d=mm&r=g","author_link":"https:\/\/construcaocivil.siriusmarketingedesign.com.br\/?author=1","description":"Desde de 2013, levando muitas informa\u00e7\u00f5es, lan\u00e7amentos e produtos de qualidade para toda cadeia produtiva da constru\u00e7\u00e3o. O Futuro da constru\u00e7\u00e3o passa por aqui,"},"uagb_featured_image_src":{"full":["https:\/\/construcaocivil.siriusmarketingedesign.com.br\/wp-content\/uploads\/2023\/11\/unnamed-11.jpg",1024,634,false],"thumbnail":["https:\/\/construcaocivil.siriusmarketingedesign.com.br\/wp-content\/uploads\/2023\/11\/unnamed-11-150x150.jpg",150,150,true],"medium":["https:\/\/construcaocivil.siriusmarketingedesign.com.br\/wp-content\/uploads\/2023\/11\/unnamed-11-300x186.jpg",300,186,true],"medium_large":["https:\/\/construcaocivil.siriusmarketingedesign.com.br\/wp-content\/uploads\/2023\/11\/unnamed-11-768x476.jpg",768,476,true],"large":["https:\/\/construcaocivil.siriusmarketingedesign.com.br\/wp-content\/uploads\/2023\/11\/unnamed-11.jpg",1024,634,false],"1536x1536":["https:\/\/construcaocivil.siriusmarketingedesign.com.br\/wp-content\/uploads\/2023\/11\/unnamed-11.jpg",1024,634,false],"2048x2048":["https:\/\/construcaocivil.siriusmarketingedesign.com.br\/wp-content\/uploads\/2023\/11\/unnamed-11.jpg",1024,634,false]},"uagb_author_info":{"display_name":"Jornal da Constru\u00e7\u00e3o Civil","author_link":"https:\/\/construcaocivil.siriusmarketingedesign.com.br\/?author=1"},"uagb_comment_info":0,"uagb_excerpt":"Uma simples picada de um mosquito Aedes aegypti pode se transformar em uma fatalidade. A recente morte de L\u00edvia Barbosa Contar, de 37 anos, irm\u00e3 do ex-deputado estadual Renan Contar, o Capit\u00e3o Contar (PRTB), traz \u00e0 tona um alerta crucial sobre a banaliza\u00e7\u00e3o da doen\u00e7a. No Dia Nacional do Combate \u00e0 Dengue, que ocorre no&hellip;","_links":{"self":[{"href":"https:\/\/construcaocivil.siriusmarketingedesign.com.br\/index.php?rest_route=\/wp\/v2\/posts\/22717","targetHints":{"allow":["GET"]}}],"collection":[{"href":"https:\/\/construcaocivil.siriusmarketingedesign.com.br\/index.php?rest_route=\/wp\/v2\/posts"}],"about":[{"href":"https:\/\/construcaocivil.siriusmarketingedesign.com.br\/index.php?rest_route=\/wp\/v2\/types\/post"}],"author":[{"embeddable":true,"href":"https:\/\/construcaocivil.siriusmarketingedesign.com.br\/index.php?rest_route=\/wp\/v2\/users\/1"}],"replies":[{"embeddable":true,"href":"https:\/\/construcaocivil.siriusmarketingedesign.com.br\/index.php?rest_route=%2Fwp%2Fv2%2Fcomments&post=22717"}],"version-history":[{"count":0,"href":"https:\/\/construcaocivil.siriusmarketingedesign.com.br\/index.php?rest_route=\/wp\/v2\/posts\/22717\/revisions"}],"wp:featuredmedia":[{"embeddable":true,"href":"https:\/\/construcaocivil.siriusmarketingedesign.com.br\/index.php?rest_route=\/wp\/v2\/media\/22718"}],"wp:attachment":[{"href":"https:\/\/construcaocivil.siriusmarketingedesign.com.br\/index.php?rest_route=%2Fwp%2Fv2%2Fmedia&parent=22717"}],"wp:term":[{"taxonomy":"category","embeddable":true,"href":"https:\/\/construcaocivil.siriusmarketingedesign.com.br\/index.php?rest_route=%2Fwp%2Fv2%2Fcategories&post=22717"},{"taxonomy":"post_tag","embeddable":true,"href":"https:\/\/construcaocivil.siriusmarketingedesign.com.br\/index.php?rest_route=%2Fwp%2Fv2%2Ftags&post=22717"}],"curies":[{"name":"wp","href":"https:\/\/api.w.org\/{rel}","templated":true}]}}