{"id":22720,"date":"2023-11-18T11:05:19","date_gmt":"2023-11-18T14:05:19","guid":{"rendered":"https:\/\/www.jornaldaconstrucaocivil.com.br\/?p=22720"},"modified":"2023-11-18T11:06:03","modified_gmt":"2023-11-18T14:06:03","slug":"ibram-abre-selecao-para-diretores-de-5-museus-federais","status":"publish","type":"post","link":"https:\/\/construcaocivil.siriusmarketingedesign.com.br\/?p=22720","title":{"rendered":"Ibram abre sele\u00e7\u00e3o para diretores de 5 museus federais"},"content":{"rendered":"<p style=\"text-align: justify;\">O Instituto Brasileiro de Museus (Ibram), vinculado ao Minist\u00e9rio da Cultura, publicou edital voltado \u00e0 sele\u00e7\u00e3o p\u00fablica para diretores de cinco unidades museol\u00f3gicas de sua rede, localizadas em Minas Gerais, Rio Grande do Sul, Rio de Janeiro e S\u00e3o Paulo.<\/p>\n<p style=\"text-align: justify;\">Ser\u00e3o selecionados dirigentes para o Museu Regional de S\u00e3o Jo\u00e3o del-Rei, em S\u00e3o Jo\u00e3o del-Rei (MG), Museu das Miss\u00f5es, em S\u00e3o Miguel das Miss\u00f5es (RS), Museu Lasar Segall, em S\u00e3o Paulo (SP), Museu Hist\u00f3rico Nacional, no Rio de Janeiro (RJ) e Museus Castro Maya, tamb\u00e9m no Rio de Janeiro (RJ) \u2014 esta \u00faltima unidade abarca o Museu do A\u00e7ude e o Museu da Ch\u00e1cara do C\u00e9u.<\/p>\n<p style=\"text-align: justify;\">O processo seletivo ser\u00e1 realizado mediante crit\u00e9rios t\u00e9cnicos e objetivos de qualifica\u00e7\u00e3o, forma\u00e7\u00e3o, experi\u00eancia e conhecimento.<\/p>\n<p style=\"text-align: justify;\">Poder\u00e3o participar candidatos com gradua\u00e7\u00e3o em qualquer curso de n\u00edvel superior reconhecido pelo Minist\u00e9rio da Educa\u00e7\u00e3o e experi\u00eancia comprovada em gest\u00e3o no setor p\u00fablico, privado, ou envolvendo atividades de relacionamento com organiza\u00e7\u00f5es do governo ou entidades da sociedade civil, al\u00e9m de conhecimento das legisla\u00e7\u00f5es pertinentes \u00e0 administra\u00e7\u00e3o p\u00fablica federal, das pol\u00edticas p\u00fablicas de cultura e do setor museol\u00f3gico.<\/p>\n<p style=\"text-align: justify;\">Os candidatos tamb\u00e9m dever\u00e3o atender as exig\u00eancias contidas no artigo 7\u00ba da\u00a0<a href=\"https:\/\/click.cse360.com.br\/Click\/AddCampaignEmailClick\/da6c3ac5-7e08-4f49-e88d-08dbe13332c9\/https%253a%252f%252fwww.gov.br%252fmuseus%252fpt-br%252fassuntos%252flegislacao-e-normas%252foutros-instrumentos-normativo%252fresolucao-normativa-ibram-no-21-de-7-de-agosto-de-2023%2523%253a%257e%253atext%253dRegulamenta%25252C%252520no%252520%2525C3%2525A2mbito%252520do%252520Instituto%252c5%252520de%252520maio%252520de%2525202023\/b20bfdd4-a02b-41a4-eb6d-08d7c5ff26d1\/webobras@gmail.com\/True\" target=\"_blank\" rel=\"noopener noreferrer\" data-saferedirecturl=\"https:\/\/www.google.com\/url?q=https:\/\/click.cse360.com.br\/Click\/AddCampaignEmailClick\/da6c3ac5-7e08-4f49-e88d-08dbe13332c9\/https%25253a%25252f%25252fwww.gov.br%25252fmuseus%25252fpt-br%25252fassuntos%25252flegislacao-e-normas%25252foutros-instrumentos-normativo%25252fresolucao-normativa-ibram-no-21-de-7-de-agosto-de-2023%252523%25253a%25257e%25253atext%25253dRegulamenta%2525252C%25252520no%25252520%252525C3%252525A2mbito%25252520do%25252520Instituto%25252c5%25252520de%25252520maio%25252520de%252525202023\/b20bfdd4-a02b-41a4-eb6d-08d7c5ff26d1\/webobras@gmail.com\/True&amp;source=gmail&amp;ust=1700400843749000&amp;usg=AOvVaw0FZqF_aFZcHNlxvzWYoIR9\">Resolu\u00e7\u00e3o Normativa Ibram n\u00ba 21, de 7 de agosto de 2023<\/a>.<\/p>\n<p style=\"text-align: justify;\">A avalia\u00e7\u00e3o, que ficar\u00e1 a cargo de comiss\u00e3o de sele\u00e7\u00e3o a ser designada, incluir\u00e1 an\u00e1lise de documenta\u00e7\u00e3o, de car\u00e1ter classificat\u00f3rio e eliminat\u00f3rio, e entrevista, de car\u00e1ter eliminat\u00f3rio.\u00a0<a href=\"https:\/\/click.cse360.com.br\/Click\/AddCampaignEmailClick\/da6c3ac5-7e08-4f49-e88d-08dbe13332c9\/https%253a%252f%252fwww.gov.br%252fmuseus%252fpt-br%252facesso-a-informacao%252finstitucional%252fsobre-o-orgao%252ftrabalhe-conosco%252fchamadas-publicas%252fchamadas-publicas\/b20bfdd4-a02b-41a4-eb6d-08d7c5ff26d1\/webobras@gmail.com\/True\" target=\"_blank\" rel=\"noopener noreferrer\" data-saferedirecturl=\"https:\/\/www.google.com\/url?q=https:\/\/click.cse360.com.br\/Click\/AddCampaignEmailClick\/da6c3ac5-7e08-4f49-e88d-08dbe13332c9\/https%25253a%25252f%25252fwww.gov.br%25252fmuseus%25252fpt-br%25252facesso-a-informacao%25252finstitucional%25252fsobre-o-orgao%25252ftrabalhe-conosco%25252fchamadas-publicas%25252fchamadas-publicas\/b20bfdd4-a02b-41a4-eb6d-08d7c5ff26d1\/webobras@gmail.com\/True&amp;source=gmail&amp;ust=1700400843749000&amp;usg=AOvVaw0PYABcPYFsIW9mwHV55DA2\">Confira aqui todos os detalhes<\/a>.<\/p>\n","protected":false},"excerpt":{"rendered":"<p>O Instituto Brasileiro de Museus (Ibram), vinculado ao Minist\u00e9rio da Cultura, publicou edital voltado \u00e0 sele\u00e7\u00e3o p\u00fablica para diretores de cinco unidades museol\u00f3gicas de sua rede, localizadas em Minas Gerais, Rio Grande do Sul, Rio de Janeiro e S\u00e3o Paulo. Ser\u00e3o selecionados dirigentes para o Museu Regional de S\u00e3o Jo\u00e3o del-Rei, em S\u00e3o Jo\u00e3o del-Rei [&hellip;]<\/p>\n","protected":false},"author":1,"featured_media":22721,"comment_status":"open","ping_status":"open","sticky":false,"template":"","format":"standard","meta":{"_uag_custom_page_level_css":"","footnotes":""},"categories":[27],"tags":[24757,25902,5854,25901,10375,10384,10668],"class_list":["post-22720","post","type-post","status-publish","format-standard","has-post-thumbnail","hentry","category-acontece","tag-servicosdeengenharia","tag-contratacao-de-profissionais","tag-ibram","tag-museus-brasileiros","tag-rio-de-janeiro","tag-rio-grande-do-sul","tag-sao-paulo"],"blocksy_meta":[],"spectra_blocks_featured_image_url":{"thumbnail":{"url":"https:\/\/construcaocivil.siriusmarketingedesign.com.br\/wp-content\/uploads\/2023\/11\/FACHADA-MUSEU-PK-150x150.jpg","width":150,"height":150},"medium":{"url":"https:\/\/construcaocivil.siriusmarketingedesign.com.br\/wp-content\/uploads\/2023\/11\/FACHADA-MUSEU-PK-300x148.jpg","width":300,"height":148},"medium_large":{"url":"https:\/\/construcaocivil.siriusmarketingedesign.com.br\/wp-content\/uploads\/2023\/11\/FACHADA-MUSEU-PK-768x378.jpg","width":768,"height":378},"large":{"url":"https:\/\/construcaocivil.siriusmarketingedesign.com.br\/wp-content\/uploads\/2023\/11\/FACHADA-MUSEU-PK.jpg","width":964,"height":475},"full":{"url":"https:\/\/construcaocivil.siriusmarketingedesign.com.br\/wp-content\/uploads\/2023\/11\/FACHADA-MUSEU-PK.jpg","width":964,"height":475}},"spectra_blocks_author_info":{"display_name":"Jornal da Constru\u00e7\u00e3o Civil","avatar_url":"https:\/\/secure.gravatar.com\/avatar\/973c9774fd44ddaceb026973c4962faa70fc512bc4c9da68e8ebb40fecee6540?s=96&d=mm&r=g","author_link":"https:\/\/construcaocivil.siriusmarketingedesign.com.br\/?author=1","description":"Desde de 2013, levando muitas informa\u00e7\u00f5es, lan\u00e7amentos e produtos de qualidade para toda cadeia produtiva da constru\u00e7\u00e3o. O Futuro da constru\u00e7\u00e3o passa por aqui,"},"uagb_featured_image_src":{"full":["https:\/\/construcaocivil.siriusmarketingedesign.com.br\/wp-content\/uploads\/2023\/11\/FACHADA-MUSEU-PK.jpg",964,475,false],"thumbnail":["https:\/\/construcaocivil.siriusmarketingedesign.com.br\/wp-content\/uploads\/2023\/11\/FACHADA-MUSEU-PK-150x150.jpg",150,150,true],"medium":["https:\/\/construcaocivil.siriusmarketingedesign.com.br\/wp-content\/uploads\/2023\/11\/FACHADA-MUSEU-PK-300x148.jpg",300,148,true],"medium_large":["https:\/\/construcaocivil.siriusmarketingedesign.com.br\/wp-content\/uploads\/2023\/11\/FACHADA-MUSEU-PK-768x378.jpg",768,378,true],"large":["https:\/\/construcaocivil.siriusmarketingedesign.com.br\/wp-content\/uploads\/2023\/11\/FACHADA-MUSEU-PK.jpg",964,475,false],"1536x1536":["https:\/\/construcaocivil.siriusmarketingedesign.com.br\/wp-content\/uploads\/2023\/11\/FACHADA-MUSEU-PK.jpg",964,475,false],"2048x2048":["https:\/\/construcaocivil.siriusmarketingedesign.com.br\/wp-content\/uploads\/2023\/11\/FACHADA-MUSEU-PK.jpg",964,475,false]},"uagb_author_info":{"display_name":"Jornal da Constru\u00e7\u00e3o Civil","author_link":"https:\/\/construcaocivil.siriusmarketingedesign.com.br\/?author=1"},"uagb_comment_info":0,"uagb_excerpt":"O Instituto Brasileiro de Museus (Ibram), vinculado ao Minist\u00e9rio da Cultura, publicou edital voltado \u00e0 sele\u00e7\u00e3o p\u00fablica para diretores de cinco unidades museol\u00f3gicas de sua rede, localizadas em Minas Gerais, Rio Grande do Sul, Rio de Janeiro e S\u00e3o Paulo. Ser\u00e3o selecionados dirigentes para o Museu Regional de S\u00e3o Jo\u00e3o del-Rei, em S\u00e3o Jo\u00e3o del-Rei&hellip;","_links":{"self":[{"href":"https:\/\/construcaocivil.siriusmarketingedesign.com.br\/index.php?rest_route=\/wp\/v2\/posts\/22720","targetHints":{"allow":["GET"]}}],"collection":[{"href":"https:\/\/construcaocivil.siriusmarketingedesign.com.br\/index.php?rest_route=\/wp\/v2\/posts"}],"about":[{"href":"https:\/\/construcaocivil.siriusmarketingedesign.com.br\/index.php?rest_route=\/wp\/v2\/types\/post"}],"author":[{"embeddable":true,"href":"https:\/\/construcaocivil.siriusmarketingedesign.com.br\/index.php?rest_route=\/wp\/v2\/users\/1"}],"replies":[{"embeddable":true,"href":"https:\/\/construcaocivil.siriusmarketingedesign.com.br\/index.php?rest_route=%2Fwp%2Fv2%2Fcomments&post=22720"}],"version-history":[{"count":0,"href":"https:\/\/construcaocivil.siriusmarketingedesign.com.br\/index.php?rest_route=\/wp\/v2\/posts\/22720\/revisions"}],"wp:featuredmedia":[{"embeddable":true,"href":"https:\/\/construcaocivil.siriusmarketingedesign.com.br\/index.php?rest_route=\/wp\/v2\/media\/22721"}],"wp:attachment":[{"href":"https:\/\/construcaocivil.siriusmarketingedesign.com.br\/index.php?rest_route=%2Fwp%2Fv2%2Fmedia&parent=22720"}],"wp:term":[{"taxonomy":"category","embeddable":true,"href":"https:\/\/construcaocivil.siriusmarketingedesign.com.br\/index.php?rest_route=%2Fwp%2Fv2%2Fcategories&post=22720"},{"taxonomy":"post_tag","embeddable":true,"href":"https:\/\/construcaocivil.siriusmarketingedesign.com.br\/index.php?rest_route=%2Fwp%2Fv2%2Ftags&post=22720"}],"curies":[{"name":"wp","href":"https:\/\/api.w.org\/{rel}","templated":true}]}}