{"id":22730,"date":"2023-11-18T13:24:42","date_gmt":"2023-11-18T16:24:42","guid":{"rendered":"https:\/\/www.jornaldaconstrucaocivil.com.br\/?p=22730"},"modified":"2023-11-18T13:24:42","modified_gmt":"2023-11-18T16:24:42","slug":"eleitos-os-novos-representantes-do-sistema-confea-crea-e-mutua","status":"publish","type":"post","link":"https:\/\/construcaocivil.siriusmarketingedesign.com.br\/?p=22730","title":{"rendered":"Eleitos os novos representantes do Sistema Confea\/Crea e M\u00fatua"},"content":{"rendered":"<p><i>No Rio de Janeiro, mais de 78 mil profissionais participaram da vota\u00e7\u00e3o<\/i><\/p>\n<p>Nesta sexta-feira (17), foram realizadas as Elei\u00e7\u00f5es Gerais do Sistema Confea\/Crea e M\u00fatua, que definiram os representantes dos profissionais da Engenharia, Agronomia e Geoci\u00eancias para o tri\u00eanio 2024-2026.<\/p>\n<p>&nbsp;<\/p>\n<p>Os nomes dos eleitos s\u00f3 foram divulgados ap\u00f3s as 19 horas, devido ao hor\u00e1rio de encerramento das vota\u00e7\u00f5es em cada estado. A elei\u00e7\u00e3o contou com a participa\u00e7\u00e3o de 141.784 mil profissionais (19,17%), dos cerca de 739. 428 mil eleitores habilitados a votar em todo o pa\u00eds.<\/p>\n<p>&nbsp;<\/p>\n<p>No Crea-RJ, dos 78.094 mil profissionais habilitados, 9.758 (12,5%) participaram do pleito. Os profissionais escolheram os candidatos entre as diversas chapas concorrentes aos cargos de Presidente do Confea; Presidente do Crea-RJ; Diretor-Geral da M\u00fatua e Diretor Administrativo da M\u00fatua.<\/p>\n<p>&nbsp;<\/p>\n<p>A elei\u00e7\u00e3o eletr\u00f4nica possibilitou uma maior participa\u00e7\u00e3o dos profissionais em todo o pa\u00eds e agilidade no processo de apura\u00e7\u00e3o, que foi divulgado pelo\u00a0<a href=\"https:\/\/www.youtube.com\/watch?v=DMcNaqrEOJ8\" target=\"_blank\" rel=\"noopener noreferrer\">canal do Confea\/Crea no Youtube<\/a>. No entanto, para muitos profissionais, o fato de o pleito ter sido marcado para esta sexta-feira, v\u00e9spera de um feriado nacional prolongado, gerou uma menor ades\u00e3o tanto nos estados, quanto em n\u00edvel nacional.<\/p>\n<p>&nbsp;<\/p>\n<p>Veja os eleitos:<\/p>\n<p>&nbsp;<\/p>\n<p><strong>Para Presid\u00eancia do Confea:<\/strong><br \/>\nEng. Civil Vin\u00edcius Marchese Marinelli (62.939 votos &#8211; 47,71% dos votos v\u00e1lidos).<\/p>\n<p>&nbsp;<\/p>\n<p><strong>Para Presid\u00eancia do Crea-RJ:<\/strong><br \/>\nEng. Civil Miguel Alvarenga Fern\u00e1ndez y Fern\u00e1ndez (3.643 votos &#8211; 39,50% dos votos v\u00e1lidos).<\/p>\n<p><strong>Para Diretor(a)-Geral da M\u00fatua-RJ:<\/strong><br \/>\nEng. Civil Jamerson Freitas (3.046 votos \u2013 35,81% dos votos v\u00e1lidos).<\/p>\n<p><strong>Para (Diretor(a) Administrativo(a) da M\u00fatua-RJ:<\/strong><br \/>\nEng. Civil Ana Paula Masiero (3.472 votos \u2013 41,01% dos votos v\u00e1lidos).<\/p>\n<p>&nbsp;<\/p>\n<p>*A Decis\u00e3o N\u00ba: PL-1870\/2022 fixou o per\u00edodo de 17 de novembro de 2023 a 1\u00ba de dezembro de 2023 para os Regionais elegerem o Diretor Financeiro da M\u00fatua. No Rio de Janeiro, a elei\u00e7\u00e3o ser\u00e1 no dia 22\/11\/2023 em Sess\u00e3o Extraordin\u00e1ria do Plen\u00e1rio do Crea-RJ (Art. 41 da Resolu\u00e7\u00e3o 1.117\/2019 \u2013 Regulamento Eleitoral da M\u00fatua) tendo como candidato \u00fanico o engenheiro civil Pietro Valdo Rostagno.<\/p>\n","protected":false},"excerpt":{"rendered":"<p>No Rio de Janeiro, mais de 78 mil profissionais participaram da vota\u00e7\u00e3o Nesta sexta-feira (17), foram realizadas as Elei\u00e7\u00f5es Gerais do Sistema Confea\/Crea e M\u00fatua, que definiram os representantes dos profissionais da Engenharia, Agronomia e Geoci\u00eancias para o tri\u00eanio 2024-2026. &nbsp; Os nomes dos eleitos s\u00f3 foram divulgados ap\u00f3s as 19 horas, devido ao hor\u00e1rio [&hellip;]<\/p>\n","protected":false},"author":1,"featured_media":22731,"comment_status":"open","ping_status":"open","sticky":false,"template":"","format":"standard","meta":{"_uag_custom_page_level_css":"","footnotes":""},"categories":[33],"tags":[23641,15123,3143,25882,25908,10375],"class_list":["post-22730","post","type-post","status-publish","format-standard","has-post-thumbnail","hentry","category-mercado","tag-abes-rj","tag-confea","tag-crea-rj","tag-eleicoes-2023","tag-mutua-rj","tag-rio-de-janeiro"],"blocksy_meta":[],"spectra_blocks_featured_image_url":{"thumbnail":{"url":"https:\/\/construcaocivil.siriusmarketingedesign.com.br\/wp-content\/uploads\/2023\/11\/Screenshot_20231118-1310252-150x150.png","width":150,"height":150},"medium":{"url":"https:\/\/construcaocivil.siriusmarketingedesign.com.br\/wp-content\/uploads\/2023\/11\/Screenshot_20231118-1310252-300x189.png","width":300,"height":189},"medium_large":{"url":"https:\/\/construcaocivil.siriusmarketingedesign.com.br\/wp-content\/uploads\/2023\/11\/Screenshot_20231118-1310252.png","width":720,"height":453},"large":{"url":"https:\/\/construcaocivil.siriusmarketingedesign.com.br\/wp-content\/uploads\/2023\/11\/Screenshot_20231118-1310252.png","width":720,"height":453},"full":{"url":"https:\/\/construcaocivil.siriusmarketingedesign.com.br\/wp-content\/uploads\/2023\/11\/Screenshot_20231118-1310252.png","width":720,"height":453}},"spectra_blocks_author_info":{"display_name":"Jornal da Constru\u00e7\u00e3o Civil","avatar_url":"https:\/\/secure.gravatar.com\/avatar\/973c9774fd44ddaceb026973c4962faa70fc512bc4c9da68e8ebb40fecee6540?s=96&d=mm&r=g","author_link":"https:\/\/construcaocivil.siriusmarketingedesign.com.br\/?author=1","description":"Desde de 2013, levando muitas informa\u00e7\u00f5es, lan\u00e7amentos e produtos de qualidade para toda cadeia produtiva da constru\u00e7\u00e3o. O Futuro da constru\u00e7\u00e3o passa por aqui,"},"uagb_featured_image_src":{"full":["https:\/\/construcaocivil.siriusmarketingedesign.com.br\/wp-content\/uploads\/2023\/11\/Screenshot_20231118-1310252.png",720,453,false],"thumbnail":["https:\/\/construcaocivil.siriusmarketingedesign.com.br\/wp-content\/uploads\/2023\/11\/Screenshot_20231118-1310252-150x150.png",150,150,true],"medium":["https:\/\/construcaocivil.siriusmarketingedesign.com.br\/wp-content\/uploads\/2023\/11\/Screenshot_20231118-1310252-300x189.png",300,189,true],"medium_large":["https:\/\/construcaocivil.siriusmarketingedesign.com.br\/wp-content\/uploads\/2023\/11\/Screenshot_20231118-1310252.png",720,453,false],"large":["https:\/\/construcaocivil.siriusmarketingedesign.com.br\/wp-content\/uploads\/2023\/11\/Screenshot_20231118-1310252.png",720,453,false],"1536x1536":["https:\/\/construcaocivil.siriusmarketingedesign.com.br\/wp-content\/uploads\/2023\/11\/Screenshot_20231118-1310252.png",720,453,false],"2048x2048":["https:\/\/construcaocivil.siriusmarketingedesign.com.br\/wp-content\/uploads\/2023\/11\/Screenshot_20231118-1310252.png",720,453,false]},"uagb_author_info":{"display_name":"Jornal da Constru\u00e7\u00e3o Civil","author_link":"https:\/\/construcaocivil.siriusmarketingedesign.com.br\/?author=1"},"uagb_comment_info":0,"uagb_excerpt":"No Rio de Janeiro, mais de 78 mil profissionais participaram da vota\u00e7\u00e3o Nesta sexta-feira (17), foram realizadas as Elei\u00e7\u00f5es Gerais do Sistema Confea\/Crea e M\u00fatua, que definiram os representantes dos profissionais da Engenharia, Agronomia e Geoci\u00eancias para o tri\u00eanio 2024-2026. &nbsp; Os nomes dos eleitos s\u00f3 foram divulgados ap\u00f3s as 19 horas, devido ao hor\u00e1rio&hellip;","_links":{"self":[{"href":"https:\/\/construcaocivil.siriusmarketingedesign.com.br\/index.php?rest_route=\/wp\/v2\/posts\/22730","targetHints":{"allow":["GET"]}}],"collection":[{"href":"https:\/\/construcaocivil.siriusmarketingedesign.com.br\/index.php?rest_route=\/wp\/v2\/posts"}],"about":[{"href":"https:\/\/construcaocivil.siriusmarketingedesign.com.br\/index.php?rest_route=\/wp\/v2\/types\/post"}],"author":[{"embeddable":true,"href":"https:\/\/construcaocivil.siriusmarketingedesign.com.br\/index.php?rest_route=\/wp\/v2\/users\/1"}],"replies":[{"embeddable":true,"href":"https:\/\/construcaocivil.siriusmarketingedesign.com.br\/index.php?rest_route=%2Fwp%2Fv2%2Fcomments&post=22730"}],"version-history":[{"count":0,"href":"https:\/\/construcaocivil.siriusmarketingedesign.com.br\/index.php?rest_route=\/wp\/v2\/posts\/22730\/revisions"}],"wp:featuredmedia":[{"embeddable":true,"href":"https:\/\/construcaocivil.siriusmarketingedesign.com.br\/index.php?rest_route=\/wp\/v2\/media\/22731"}],"wp:attachment":[{"href":"https:\/\/construcaocivil.siriusmarketingedesign.com.br\/index.php?rest_route=%2Fwp%2Fv2%2Fmedia&parent=22730"}],"wp:term":[{"taxonomy":"category","embeddable":true,"href":"https:\/\/construcaocivil.siriusmarketingedesign.com.br\/index.php?rest_route=%2Fwp%2Fv2%2Fcategories&post=22730"},{"taxonomy":"post_tag","embeddable":true,"href":"https:\/\/construcaocivil.siriusmarketingedesign.com.br\/index.php?rest_route=%2Fwp%2Fv2%2Ftags&post=22730"}],"curies":[{"name":"wp","href":"https:\/\/api.w.org\/{rel}","templated":true}]}}