{"id":22747,"date":"2023-11-21T18:59:51","date_gmt":"2023-11-21T21:59:51","guid":{"rendered":"https:\/\/www.jornaldaconstrucaocivil.com.br\/?p=22747"},"modified":"2023-11-21T18:59:51","modified_gmt":"2023-11-21T21:59:51","slug":"dia-da-consciencia-negra-clube-da-luluzinha-e-bla-bla-bla-politico-e-economico-dificulta-mobilidade-dos-negros-no-mercado-de-trabalho","status":"publish","type":"post","link":"https:\/\/construcaocivil.siriusmarketingedesign.com.br\/?p=22747","title":{"rendered":"Dia da Consci\u00eancia Negra: Clube da Luluzinha e Bl\u00e1- Bl\u00e1-Bl\u00e1 pol\u00edtico e econ\u00f4mico dificulta mobilidade dos negros no mercado de trabalho"},"content":{"rendered":"<p><em>Por Rose Pires<\/em><\/p>\n<p>&nbsp;<\/p>\n<p style=\"text-align: justify;\">No DIA DA CONSCI\u00caNCIA NEGRA, que se comemorou ontem, 20, muitos brasileiros ainda se chocam com o abismo social e econ\u00f4mico no qual se encontra negativamente \u00e0 popula\u00e7\u00e3o negra deste pa\u00eds.\u00a0 De acordo com pesquisas do IBGE, 56% dos brasileiros se declaram negros ou pardos ou seja, n\u00e3o brancos, s\u00e3o minoria entre os brasileiros. Entretanto, quando se refere aos \u00edndices s\u00f3cio- econ\u00f4micos dos brancos brasileiros, o padr\u00e3o na sua maioria se compara aos dados de pa\u00edses, como Su\u00e9cia ou Dinamarca. Possuem bons empregos p\u00fablicos ou privados, boas moradias, grau elevado de instru\u00e7\u00e3o escolar, ganham bons sal\u00e1rios e n\u00e3o sofrem qualquer tipo de restri\u00e7\u00f5es de mobilidade social ou econ\u00f4mica. Muito pelo contr\u00e1rio, os brancos no Brasil s\u00e3o impulsionados para chegarem no topo profissional, um exemplo \u00e9 o caso do Advogado Cristiano Zanin, que foi presenteado com um belo emprego vital\u00edcio no Supremo Tribunal Federal.<\/p>\n<p style=\"text-align: justify;\">At\u00e9 acontece uma press\u00e3o popular para o presidente LULA indicar uma mulher negra para o Supremo Tribunal Federal, mas, pelo comportamento do LULA e seus assessores, vamos ficar no Oba ! Oba! <span style=\"color: #0000ff;\"><em><strong>Racismo<\/strong><\/em><\/span> <em><strong><span style=\"color: #0000ff;\">Estrutural<\/span><\/strong><\/em> na veia. Vide o \u00faltimo Caf\u00e9 da Manh\u00e3 com o presidente que somente jornalistas brancos participaram. LULA voc\u00ea viu isso ? Ou achou tudo normal ? Na verdade,\u00a0 pelo quadro apresentado, o governo ficar\u00e1 apenas com o Silvio Almeida, Ministro dos Direitos Humanos e Cidadania, Margareth Menezes, Ministra da Cultura e a Anielle Franco, irm\u00e3 da Marielle Franco, vereadora morta no Rio de Janeiro, que ocupa o Minist\u00e9rio da Igualdade Racial.<\/p>\n<p><span style=\"color: #0000ff;\"><strong>E o Racismo do Banco do Brasil ? Da Escravid\u00e3o ao Agroneg\u00f3cio.\u00a0 Dinheiro para os negros tocarem seus neg\u00f3cios nem pensar. Voc\u00ea tem que invadir terras, matar quilombolas e ind\u00edgenas e a\u00ed sim, o Banco do Brasil libera dinheiro para voc\u00ea tocar fogo na mata.\u00a0<\/strong><\/span><\/p>\n<p>Se pesquisar bem, acreditamos que qualquer empresa que tenha mais de 100 anos \u00e9 beneficiada diretamente do processo de tr\u00e1fico de ser humano ou melhor dos neg\u00f3cios da ESCRAVID\u00c3O.<\/p>\n<p>Segue textos extra\u00eddos dos sites de not\u00edcias nos \u00faltimos 02 anos sobre o PREJU\u00cdZO DO RACISMO ao povo negro:<\/p>\n<h1 class=\"entry-title\" style=\"text-align: justify;\"><span style=\"color: #0000ff;\"><em>65,7% DOS DESEMPREGADOS NO BRASIL S\u00c3O NEGROS: O QUE ESSES DADOS REFLETEM?(SoulBrasil);<\/em><\/span><\/h1>\n<div class=\"title\" style=\"text-align: justify;\">\n<h1 class=\"content-head__title\"><em><span style=\"color: #0000ff;\">Apesar dos programas de inclus\u00e3o racial, pretos ganham 16% menos que brancos nas empresas( O Globo);<\/span><\/em><\/h1>\n<\/div>\n<div class=\"medium-centered subtitle\" style=\"text-align: justify;\"><\/div>\n<div class=\"envolve_titulo\" style=\"text-align: justify;\">\n<div class=\"largura-maxima\">\n<div class=\"pure-g\">\n<div class=\"conteudo__interna__titulo pure-u-1\">\n<h2><span style=\"color: #0000ff;\"><em><span class=\"productTitle\">Desigualdades Sociais por Cor ou Ra\u00e7a no Brasil afeta mais os negros(IBGE);<\/span><\/em><\/span><\/h2>\n<\/div>\n<\/div>\n<h1 class=\"dd-m-title dd-m-title--biger dd-m-alignment--center\"><span style=\"color: #0000ff;\"><em>Racismo estrutural segrega negros no mercado de trabalho(CUT);<\/em><\/span><\/h1>\n<h1 class=\"dd-m-title dd-m-title--biger dd-m-alignment--center\"><span style=\"color: #0000ff;\"><em>Racismo estrutural segrega negros no mercado de trabalho(IPEA);<\/em><\/span><\/h1>\n<h1><span style=\"color: #0000ff;\"><em>83% dos mortos pela pol\u00edcia s\u00e3o negros, aponta relat\u00f3rio(Anu\u00e1rio Brasileiro de Seguran\u00e7a P\u00fablica);<\/em><\/span><\/h1>\n<h2 class=\"the_title\"><span style=\"color: #0000ff;\"><em>M\u00e1quina de moer gente preta: relat\u00f3rio aponta mais de 20 mil eventos violentos em um ano(Rede de Observat\u00f3rio);\u00a0<\/em><\/span><\/h2>\n<div class=\"the_terms__the_date\"><\/div>\n<h1 class=\"c-content-head__title\"><span style=\"color: #0000ff;\"><em>Popula\u00e7\u00e3o negra tem piores \u00edndices gerais de sa\u00fade no Brasil(Minist\u00e9rio da Sa\u00fade).\u00a0<\/em><\/span><\/h1>\n<\/div>\n<p>O coerente na Cerim\u00f4nia de ontem no Pal\u00e1cio do Planalto(20) seria cada convidado levar 100 curr\u00edculos de pessoas desempregadas para entregar para o presidente LULA, \u00e9 logo em seguida LULA chamar os ministros e fazerem ali imediatamente emprega-los. Qualquer outra a\u00e7\u00e3o \u00e9 conversa fiada.<\/p>\n<p>Por fim, ontem(20), na celebra\u00e7\u00e3o do Dia da Consci\u00eancia Negra, no Pal\u00e1cio do Planalto parecia mais um <strong><em>CLUBE DA LULUZINHA.\u00a0<\/em><\/strong><\/p>\n<div class=\"largura-maxima\">\n<div class=\"dd-m-display__line dd-m-display__line-energized dd-m-device--web\"><\/div>\n<p>&nbsp;<\/p>\n<div class=\"dd-m-display__line dd-m-display__line-energized dd-m-device--web\"><\/div>\n<\/div>\n<\/div>\n<div class=\"envolve_conteudo pure-u-1\" style=\"text-align: justify;\">\n<div class=\"largura-maxima\">\n<div class=\"pure-g\">\n<aside class=\"submenu pure-u-1 pure-u-md-1-4\">\n<div class=\"conteudo__submenu__group\">\n<div id=\"page-submenu\" class=\"conteudo__submenu\">\n<p>&nbsp;<\/p>\n<\/div>\n<\/div>\n<\/aside>\n<\/div>\n<\/div>\n<\/div>\n<div class=\"post-meta vcard\" style=\"text-align: justify;\"><\/div>\n","protected":false},"excerpt":{"rendered":"<p>Por Rose Pires &nbsp; No DIA DA CONSCI\u00caNCIA NEGRA, que se comemorou ontem, 20, muitos brasileiros ainda se chocam com o abismo social e econ\u00f4mico no qual se encontra negativamente \u00e0 popula\u00e7\u00e3o negra deste pa\u00eds.\u00a0 De acordo com pesquisas do IBGE, 56% dos brasileiros se declaram negros ou pardos ou seja, n\u00e3o brancos, s\u00e3o minoria [&hellip;]<\/p>\n","protected":false},"author":1,"featured_media":22754,"comment_status":"open","ping_status":"open","sticky":false,"template":"","format":"standard","meta":{"_uag_custom_page_level_css":"","footnotes":""},"categories":[27],"tags":[25914,3599,5732,8598,25916,23149,24496],"class_list":["post-22747","post","type-post","status-publish","format-standard","has-post-thumbnail","hentry","category-acontece","tag-desemprego-e-violencia","tag-dia-da-consciencia-negra","tag-habitacao-popular","tag-palacio-do-planalto","tag-privilegio-branco","tag-racismo-estrutural","tag-violencia-e-desemprego"],"blocksy_meta":[],"spectra_blocks_featured_image_url":{"thumbnail":{"url":"https:\/\/construcaocivil.siriusmarketingedesign.com.br\/wp-content\/uploads\/2023\/11\/TRABALHO-SEM-RACISMO-150x150.jpg","width":150,"height":150},"medium":{"url":"https:\/\/construcaocivil.siriusmarketingedesign.com.br\/wp-content\/uploads\/2023\/11\/TRABALHO-SEM-RACISMO-300x249.jpg","width":300,"height":249},"medium_large":{"url":"https:\/\/construcaocivil.siriusmarketingedesign.com.br\/wp-content\/uploads\/2023\/11\/TRABALHO-SEM-RACISMO-768x637.jpg","width":768,"height":637},"large":{"url":"https:\/\/construcaocivil.siriusmarketingedesign.com.br\/wp-content\/uploads\/2023\/11\/TRABALHO-SEM-RACISMO-1024x850.jpg","width":1024,"height":850},"full":{"url":"https:\/\/construcaocivil.siriusmarketingedesign.com.br\/wp-content\/uploads\/2023\/11\/TRABALHO-SEM-RACISMO.jpg","width":1977,"height":1641}},"spectra_blocks_author_info":{"display_name":"Jornal da Constru\u00e7\u00e3o Civil","avatar_url":"https:\/\/secure.gravatar.com\/avatar\/973c9774fd44ddaceb026973c4962faa70fc512bc4c9da68e8ebb40fecee6540?s=96&d=mm&r=g","author_link":"https:\/\/construcaocivil.siriusmarketingedesign.com.br\/?author=1","description":"Desde de 2013, levando muitas informa\u00e7\u00f5es, lan\u00e7amentos e produtos de qualidade para toda cadeia produtiva da constru\u00e7\u00e3o. O Futuro da constru\u00e7\u00e3o passa por aqui,"},"uagb_featured_image_src":{"full":["https:\/\/construcaocivil.siriusmarketingedesign.com.br\/wp-content\/uploads\/2023\/11\/TRABALHO-SEM-RACISMO.jpg",1977,1641,false],"thumbnail":["https:\/\/construcaocivil.siriusmarketingedesign.com.br\/wp-content\/uploads\/2023\/11\/TRABALHO-SEM-RACISMO-150x150.jpg",150,150,true],"medium":["https:\/\/construcaocivil.siriusmarketingedesign.com.br\/wp-content\/uploads\/2023\/11\/TRABALHO-SEM-RACISMO-300x249.jpg",300,249,true],"medium_large":["https:\/\/construcaocivil.siriusmarketingedesign.com.br\/wp-content\/uploads\/2023\/11\/TRABALHO-SEM-RACISMO-768x637.jpg",768,637,true],"large":["https:\/\/construcaocivil.siriusmarketingedesign.com.br\/wp-content\/uploads\/2023\/11\/TRABALHO-SEM-RACISMO-1024x850.jpg",1024,850,true],"1536x1536":["https:\/\/construcaocivil.siriusmarketingedesign.com.br\/wp-content\/uploads\/2023\/11\/TRABALHO-SEM-RACISMO-1536x1275.jpg",1536,1275,true],"2048x2048":["https:\/\/construcaocivil.siriusmarketingedesign.com.br\/wp-content\/uploads\/2023\/11\/TRABALHO-SEM-RACISMO.jpg",1977,1641,false]},"uagb_author_info":{"display_name":"Jornal da Constru\u00e7\u00e3o Civil","author_link":"https:\/\/construcaocivil.siriusmarketingedesign.com.br\/?author=1"},"uagb_comment_info":0,"uagb_excerpt":"Por Rose Pires &nbsp; No DIA DA CONSCI\u00caNCIA NEGRA, que se comemorou ontem, 20, muitos brasileiros ainda se chocam com o abismo social e econ\u00f4mico no qual se encontra negativamente \u00e0 popula\u00e7\u00e3o negra deste pa\u00eds.\u00a0 De acordo com pesquisas do IBGE, 56% dos brasileiros se declaram negros ou pardos ou seja, n\u00e3o brancos, s\u00e3o minoria&hellip;","_links":{"self":[{"href":"https:\/\/construcaocivil.siriusmarketingedesign.com.br\/index.php?rest_route=\/wp\/v2\/posts\/22747","targetHints":{"allow":["GET"]}}],"collection":[{"href":"https:\/\/construcaocivil.siriusmarketingedesign.com.br\/index.php?rest_route=\/wp\/v2\/posts"}],"about":[{"href":"https:\/\/construcaocivil.siriusmarketingedesign.com.br\/index.php?rest_route=\/wp\/v2\/types\/post"}],"author":[{"embeddable":true,"href":"https:\/\/construcaocivil.siriusmarketingedesign.com.br\/index.php?rest_route=\/wp\/v2\/users\/1"}],"replies":[{"embeddable":true,"href":"https:\/\/construcaocivil.siriusmarketingedesign.com.br\/index.php?rest_route=%2Fwp%2Fv2%2Fcomments&post=22747"}],"version-history":[{"count":0,"href":"https:\/\/construcaocivil.siriusmarketingedesign.com.br\/index.php?rest_route=\/wp\/v2\/posts\/22747\/revisions"}],"wp:featuredmedia":[{"embeddable":true,"href":"https:\/\/construcaocivil.siriusmarketingedesign.com.br\/index.php?rest_route=\/wp\/v2\/media\/22754"}],"wp:attachment":[{"href":"https:\/\/construcaocivil.siriusmarketingedesign.com.br\/index.php?rest_route=%2Fwp%2Fv2%2Fmedia&parent=22747"}],"wp:term":[{"taxonomy":"category","embeddable":true,"href":"https:\/\/construcaocivil.siriusmarketingedesign.com.br\/index.php?rest_route=%2Fwp%2Fv2%2Fcategories&post=22747"},{"taxonomy":"post_tag","embeddable":true,"href":"https:\/\/construcaocivil.siriusmarketingedesign.com.br\/index.php?rest_route=%2Fwp%2Fv2%2Ftags&post=22747"}],"curies":[{"name":"wp","href":"https:\/\/api.w.org\/{rel}","templated":true}]}}