{"id":22765,"date":"2023-11-22T10:45:43","date_gmt":"2023-11-22T13:45:43","guid":{"rendered":"https:\/\/www.jornaldaconstrucaocivil.com.br\/?p=22765"},"modified":"2023-11-22T10:45:43","modified_gmt":"2023-11-22T13:45:43","slug":"enel-deixa-sao-goncalo-e-niteroi-sem-luz-mprj-ajuiza-acao-emergencial-para-que-a-enel-restabeleca-a-energia-eletrica-em-niteroi","status":"publish","type":"post","link":"https:\/\/construcaocivil.siriusmarketingedesign.com.br\/?p=22765","title":{"rendered":"ENEL deixa S\u00e3o Gon\u00e7alo e Niter\u00f3i sem luz: MPRJ aju\u00edza a\u00e7\u00e3o emergencial para que a Enel restabele\u00e7a a energia el\u00e9trica em Niter\u00f3i"},"content":{"rendered":"<div class=\"texto\">\n<p style=\"text-align: justify;\"><span style=\"color: #993300;\"><em>Por MPRJ<\/em><\/span><\/p>\n<\/div>\n<div class=\"tags\" style=\"text-align: justify;\"><\/div>\n<p style=\"text-align: justify;\">A Promotoria de Justi\u00e7a de Tutela Coletiva de Defesa do Consumidor e do Contribuinte do N\u00facleo Niter\u00f3i ajuizou, nesta ter\u00e7a-feira (21\/11), uma A\u00e7\u00e3o Civil P\u00fablica com Tutela de Urg\u00eancia para que a concession\u00e1ria de energia el\u00e9trica Enel restabele\u00e7a, imediatamente, a luz de todos os moradores do Munic\u00edpio de Niter\u00f3i, sob pena de multa de R$ 50 mil por cada consumidor lesado. No \u00faltimo s\u00e1bado (18\/11), uma forte chuva caiu sobre a cidade, deixando diversos moradores, de diferentes bairros, sem energia el\u00e9trica.<\/p>\n<p style=\"text-align: justify;\">A a\u00e7\u00e3o relata que, apesar dos avisos emitidos pela Defesa Civil municipal, por meio do Centro de Monitoramento e Opera\u00e7\u00f5es, de que haveria mudan\u00e7a clim\u00e1tica na cidade devido \u00e0 aproxima\u00e7\u00e3o e passagem de uma frente fria pelo oceano, ocasionando rajadas de ventos fortes e pancadas de chuva forte com raios, a concession\u00e1ria n\u00e3o se preparou corretamente para o evento clim\u00e1tico previsto, causando transtornos para milhares de moradores.<\/p>\n<p style=\"text-align: justify;\">\u201cO que se viu n\u00e3o foram tuf\u00f5es, furac\u00f5es, tornados ou ciclones, apenas chuva e vento forte decorrentes da mudan\u00e7a clim\u00e1tica, do forte calor para uma frente fria passando pelo oceano, como ocorre sempre no nosso clima tropical. Como \u00e9 de conhecimento p\u00fablico, a rede el\u00e9trica \u00e9 a\u00e9rea, logo, ventos fortes, \u00e1rvores n\u00e3o podadas e equipamentos malcuidados, obsoletos, causam estouros dos transformadores e consequente falta de energia, o que vem sendo recorrente\u201d, detalha um dos trechos da ACP.<\/p>\n<p style=\"text-align: justify;\">Al\u00e9m da retomada imediata da energia, o MPRJ tamb\u00e9m requer ao Judici\u00e1rio que a Enel aumente o n\u00famero de equipes de emerg\u00eancia de atendimento, apresente um plano de conting\u00eancia no prazo de 15 dias \u00fateis, para o per\u00edodo de ver\u00e3o, e realize a manuten\u00e7\u00e3o nos transformadores do munic\u00edpio, al\u00e9m das podas de \u00e1rvores para evitar quedas frequentes de energia el\u00e9trica em caso de rajadas de ventos. A a\u00e7\u00e3o tamb\u00e9m pede que a concession\u00e1ria pague uma multa por danos morais coletivos e apresente a rela\u00e7\u00e3o de todos os protocolos abertos no dia 18\/11, com a respectiva data de encerramento e atendimento.<\/p>\n<p style=\"text-align: justify;\">A Promotoria de Justi\u00e7a tamb\u00e9m acompanha a CPI da Enel, instalada em mar\u00e7o deste ano pela C\u00e2mara de Vereadores de Niter\u00f3i para apurar as falhas da concession\u00e1ria que resultam em interrup\u00e7\u00f5es no fornecimento de energia el\u00e9trica. H\u00e1 inqu\u00e9ritos em andamento que cobram previs\u00e3o da troca de postes e instala\u00e7\u00e3o de transformadores, entre outros aspectos do servi\u00e7o.<\/p>\n","protected":false},"excerpt":{"rendered":"<p>Por MPRJ A Promotoria de Justi\u00e7a de Tutela Coletiva de Defesa do Consumidor e do Contribuinte do N\u00facleo Niter\u00f3i ajuizou, nesta ter\u00e7a-feira (21\/11), uma A\u00e7\u00e3o Civil P\u00fablica com Tutela de Urg\u00eancia para que a concession\u00e1ria de energia el\u00e9trica Enel restabele\u00e7a, imediatamente, a luz de todos os moradores do Munic\u00edpio de Niter\u00f3i, sob pena de multa [&hellip;]<\/p>\n","protected":false},"author":1,"featured_media":22767,"comment_status":"open","ping_status":"open","sticky":false,"template":"","format":"standard","meta":{"_uag_custom_page_level_css":"","footnotes":""},"categories":[29],"tags":[25929,25927,25928,14511,8127,14721,24616],"class_list":["post-22765","post","type-post","status-publish","format-standard","has-post-thumbnail","hentry","category-energia","tag-esgnaoexiste","tag-apagao-em-niteroi","tag-casas-sem-luz","tag-mp-rj","tag-niteroi","tag-sao-goncalo","tag-sistema-eletrico"],"blocksy_meta":[],"spectra_blocks_featured_image_url":{"thumbnail":{"url":"https:\/\/construcaocivil.siriusmarketingedesign.com.br\/wp-content\/uploads\/2023\/11\/ENEL-AA-150x150.png","width":150,"height":150},"medium":{"url":"https:\/\/construcaocivil.siriusmarketingedesign.com.br\/wp-content\/uploads\/2023\/11\/ENEL-AA-300x119.png","width":300,"height":119},"medium_large":{"url":"https:\/\/construcaocivil.siriusmarketingedesign.com.br\/wp-content\/uploads\/2023\/11\/ENEL-AA-768x304.png","width":768,"height":304},"large":{"url":"https:\/\/construcaocivil.siriusmarketingedesign.com.br\/wp-content\/uploads\/2023\/11\/ENEL-AA.png","width":800,"height":317},"full":{"url":"https:\/\/construcaocivil.siriusmarketingedesign.com.br\/wp-content\/uploads\/2023\/11\/ENEL-AA.png","width":800,"height":317}},"spectra_blocks_author_info":{"display_name":"Jornal da Constru\u00e7\u00e3o Civil","avatar_url":"https:\/\/secure.gravatar.com\/avatar\/973c9774fd44ddaceb026973c4962faa70fc512bc4c9da68e8ebb40fecee6540?s=96&d=mm&r=g","author_link":"https:\/\/construcaocivil.siriusmarketingedesign.com.br\/?author=1","description":"Desde de 2013, levando muitas informa\u00e7\u00f5es, lan\u00e7amentos e produtos de qualidade para toda cadeia produtiva da constru\u00e7\u00e3o. O Futuro da constru\u00e7\u00e3o passa por aqui,"},"uagb_featured_image_src":{"full":["https:\/\/construcaocivil.siriusmarketingedesign.com.br\/wp-content\/uploads\/2023\/11\/ENEL-AA.png",800,317,false],"thumbnail":["https:\/\/construcaocivil.siriusmarketingedesign.com.br\/wp-content\/uploads\/2023\/11\/ENEL-AA-150x150.png",150,150,true],"medium":["https:\/\/construcaocivil.siriusmarketingedesign.com.br\/wp-content\/uploads\/2023\/11\/ENEL-AA-300x119.png",300,119,true],"medium_large":["https:\/\/construcaocivil.siriusmarketingedesign.com.br\/wp-content\/uploads\/2023\/11\/ENEL-AA-768x304.png",768,304,true],"large":["https:\/\/construcaocivil.siriusmarketingedesign.com.br\/wp-content\/uploads\/2023\/11\/ENEL-AA.png",800,317,false],"1536x1536":["https:\/\/construcaocivil.siriusmarketingedesign.com.br\/wp-content\/uploads\/2023\/11\/ENEL-AA.png",800,317,false],"2048x2048":["https:\/\/construcaocivil.siriusmarketingedesign.com.br\/wp-content\/uploads\/2023\/11\/ENEL-AA.png",800,317,false]},"uagb_author_info":{"display_name":"Jornal da Constru\u00e7\u00e3o Civil","author_link":"https:\/\/construcaocivil.siriusmarketingedesign.com.br\/?author=1"},"uagb_comment_info":0,"uagb_excerpt":"Por MPRJ A Promotoria de Justi\u00e7a de Tutela Coletiva de Defesa do Consumidor e do Contribuinte do N\u00facleo Niter\u00f3i ajuizou, nesta ter\u00e7a-feira (21\/11), uma A\u00e7\u00e3o Civil P\u00fablica com Tutela de Urg\u00eancia para que a concession\u00e1ria de energia el\u00e9trica Enel restabele\u00e7a, imediatamente, a luz de todos os moradores do Munic\u00edpio de Niter\u00f3i, sob pena de multa&hellip;","_links":{"self":[{"href":"https:\/\/construcaocivil.siriusmarketingedesign.com.br\/index.php?rest_route=\/wp\/v2\/posts\/22765","targetHints":{"allow":["GET"]}}],"collection":[{"href":"https:\/\/construcaocivil.siriusmarketingedesign.com.br\/index.php?rest_route=\/wp\/v2\/posts"}],"about":[{"href":"https:\/\/construcaocivil.siriusmarketingedesign.com.br\/index.php?rest_route=\/wp\/v2\/types\/post"}],"author":[{"embeddable":true,"href":"https:\/\/construcaocivil.siriusmarketingedesign.com.br\/index.php?rest_route=\/wp\/v2\/users\/1"}],"replies":[{"embeddable":true,"href":"https:\/\/construcaocivil.siriusmarketingedesign.com.br\/index.php?rest_route=%2Fwp%2Fv2%2Fcomments&post=22765"}],"version-history":[{"count":0,"href":"https:\/\/construcaocivil.siriusmarketingedesign.com.br\/index.php?rest_route=\/wp\/v2\/posts\/22765\/revisions"}],"wp:featuredmedia":[{"embeddable":true,"href":"https:\/\/construcaocivil.siriusmarketingedesign.com.br\/index.php?rest_route=\/wp\/v2\/media\/22767"}],"wp:attachment":[{"href":"https:\/\/construcaocivil.siriusmarketingedesign.com.br\/index.php?rest_route=%2Fwp%2Fv2%2Fmedia&parent=22765"}],"wp:term":[{"taxonomy":"category","embeddable":true,"href":"https:\/\/construcaocivil.siriusmarketingedesign.com.br\/index.php?rest_route=%2Fwp%2Fv2%2Fcategories&post=22765"},{"taxonomy":"post_tag","embeddable":true,"href":"https:\/\/construcaocivil.siriusmarketingedesign.com.br\/index.php?rest_route=%2Fwp%2Fv2%2Ftags&post=22765"}],"curies":[{"name":"wp","href":"https:\/\/api.w.org\/{rel}","templated":true}]}}